{"id":197346,"date":"2025-12-21T17:20:33","date_gmt":"2025-12-21T17:20:33","guid":{"rendered":"https:\/\/www.europesays.com\/pt\/197346\/"},"modified":"2025-12-21T17:20:33","modified_gmt":"2025-12-21T17:20:33","slug":"gato-foge-ao-frio-mas-fica-preso-no-motor-de-um-carro-em-braga-o-final-e-feliz","status":"publish","type":"post","link":"https:\/\/www.europesays.com\/pt\/197346\/","title":{"rendered":"Gato foge ao frio mas fica preso no motor de um carro em Braga. O final \u00e9 feliz"},"content":{"rendered":"<p>A provedora do Animal de Braga, a Pol\u00edcia Municipal de Braga e um grupo de cidad\u00e3os salvaram um gato, preso dentro do motor de um carro, estacionado na Rua 25 de Abril, em frente \u00e0 nova loja da Editora Almedina. no centro da cidade de Braga.<\/p>\n<p>&#13;<br \/>\n&#13;<br \/>\n&#13;<\/p>\n<p>A partir do alerta de uma cidad\u00e3 que reside naquela rua, foram mobilizados diversos meios operacionais, com a provedora do Animal de Braga, Filomena Costa, a orientar os trabalhos, coadjuvada por agentes da Pol\u00edcia Municipal de Braga e cidad\u00e3os.<\/p>\n<p><img loading=\"lazy\" data-dominant-color=\"666768\" data-has-transparency=\"false\" style=\"--dominant-color: #666768;\" decoding=\"async\" width=\"1024\" height=\"768\" alt=\"Gato foge ao frio mas fica preso no motor de um carro em braga. O final \u00e9 feliz\" class=\"wp-image-631568 not-transparent perfmatters-lazy\" title=\"Gato foge ao frio mas fica preso no motor de um carro em braga. O final \u00e9 feliz 6\" src=\"https:\/\/www.europesays.com\/pt\/wp-content\/uploads\/2025\/12\/WhatsApp-Image-2025-12-21-at-13.43.34-3.jpeg\"  data-\/>Foto: Paulo Seabrete<\/p>\n<p><img loading=\"lazy\" data-dominant-color=\"636365\" data-has-transparency=\"false\" style=\"--dominant-color: #636365;\" decoding=\"async\" width=\"1024\" height=\"768\" alt=\"Gato foge ao frio mas fica preso no motor de um carro em braga. O final \u00e9 feliz\" class=\"wp-image-631565 not-transparent perfmatters-lazy\" title=\"Gato foge ao frio mas fica preso no motor de um carro em braga. O final \u00e9 feliz 7\" src=\"https:\/\/www.europesays.com\/pt\/wp-content\/uploads\/2025\/12\/WhatsApp-Image-2025-12-21-at-13.43.34-2.jpeg\"  data-\/>Foto: Paulo Seabrete<\/p>\n<p><img loading=\"lazy\" data-dominant-color=\"79787d\" data-has-transparency=\"false\" style=\"--dominant-color: #79787d;\" decoding=\"async\" width=\"1024\" height=\"768\" alt=\"Gato foge ao frio mas fica preso no motor de um carro em braga. O final \u00e9 feliz\" class=\"wp-image-631567 not-transparent perfmatters-lazy\" title=\"Gato foge ao frio mas fica preso no motor de um carro em braga. O final \u00e9 feliz 8\" src=\"https:\/\/www.europesays.com\/pt\/wp-content\/uploads\/2025\/12\/WhatsApp-Image-2025-12-21-at-13.43.34-1.jpeg\"  data-\/>Foto: Paulo Seabrete<\/p>\n<p><img loading=\"lazy\" data-dominant-color=\"868688\" data-has-transparency=\"false\" style=\"--dominant-color: #868688;\" decoding=\"async\" width=\"1024\" height=\"768\" alt=\"Gato foge ao frio mas fica preso no motor de um carro em braga. O final \u00e9 feliz\" class=\"wp-image-631566 not-transparent perfmatters-lazy\" title=\"Gato foge ao frio mas fica preso no motor de um carro em braga. O final \u00e9 feliz 9\" src=\"https:\/\/www.europesays.com\/pt\/wp-content\/uploads\/2025\/12\/WhatsApp-Image-2025-12-21-at-13.43.34.jpeg\"  data-\/>Foto: Paulo Seabrete<\/p>\n<p><img loading=\"lazy\" data-dominant-color=\"6b6e78\" data-has-transparency=\"false\" style=\"--dominant-color: #6b6e78;\" decoding=\"async\" width=\"1024\" height=\"768\" alt=\"Gato foge ao frio mas fica preso no motor de um carro em braga. O final \u00e9 feliz\" class=\"wp-image-631563 not-transparent perfmatters-lazy\" title=\"Gato foge ao frio mas fica preso no motor de um carro em braga. O final \u00e9 feliz 10\" src=\"https:\/\/www.europesays.com\/pt\/wp-content\/uploads\/2025\/12\/WhatsApp-Image-2025-12-21-at-13.43.40-3.jpeg\"  data-\/>Foto: Paulo Seabrete<\/p>\n<p><img loading=\"lazy\" data-dominant-color=\"696a71\" data-has-transparency=\"false\" style=\"--dominant-color: #696a71;\" decoding=\"async\" width=\"1024\" height=\"768\" alt=\"Gato foge ao frio mas fica preso no motor de um carro em braga. O final \u00e9 feliz\" class=\"wp-image-631556 not-transparent perfmatters-lazy\" title=\"Gato foge ao frio mas fica preso no motor de um carro em braga. O final \u00e9 feliz 11\" src=\"https:\/\/www.europesays.com\/pt\/wp-content\/uploads\/2025\/12\/WhatsApp-Image-2025-12-21-at-13.43.40-2.jpeg\"  data-\/>Foto: Paulo Seabrete<\/p>\n<p><img loading=\"lazy\" data-dominant-color=\"767476\" data-has-transparency=\"false\" style=\"--dominant-color: #767476;\" decoding=\"async\" width=\"1024\" height=\"768\" alt=\"Gato foge ao frio mas fica preso no motor de um carro em braga. O final \u00e9 feliz\" class=\"wp-image-631564 not-transparent perfmatters-lazy\" title=\"Gato foge ao frio mas fica preso no motor de um carro em braga. O final \u00e9 feliz 12\" src=\"https:\/\/www.europesays.com\/pt\/wp-content\/uploads\/2025\/12\/WhatsApp-Image-2025-12-21-at-13.43.40-1.jpeg\"  data-\/>Foto: Paulo Seabrete<\/p>\n<p><img loading=\"lazy\" data-dominant-color=\"676c75\" data-has-transparency=\"false\" style=\"--dominant-color: #676c75;\" decoding=\"async\" width=\"1024\" height=\"768\" alt=\"Gato foge ao frio mas fica preso no motor de um carro em braga. O final \u00e9 feliz\" class=\"wp-image-631557 not-transparent perfmatters-lazy\" title=\"Gato foge ao frio mas fica preso no motor de um carro em braga. O final \u00e9 feliz 13\" src=\"https:\/\/www.europesays.com\/pt\/wp-content\/uploads\/2025\/12\/WhatsApp-Image-2025-12-21-at-13.43.40.jpeg\"  data-\/>Foto: Paulo Seabrete<\/p>\n<p><img loading=\"lazy\" data-dominant-color=\"666062\" data-has-transparency=\"false\" style=\"--dominant-color: #666062;\" decoding=\"async\" width=\"768\" height=\"1024\" data-id=\"631549\" alt=\"Gato foge ao frio mas fica preso no motor de um carro em braga. O final \u00e9 feliz\" class=\"wp-image-631549 not-transparent perfmatters-lazy\" title=\"Gato foge ao frio mas fica preso no motor de um carro em braga. O final \u00e9 feliz 14\" src=\"https:\/\/www.europesays.com\/pt\/wp-content\/uploads\/2025\/12\/WhatsApp-Image-2025-12-21-at-13.43.40-5.jpeg\"  data-\/>Foto: Paulo Seabrete<\/p>\n<p><img loading=\"lazy\" data-dominant-color=\"7e7a7a\" data-has-transparency=\"false\" style=\"--dominant-color: #7e7a7a;\" decoding=\"async\" width=\"768\" height=\"1024\" data-id=\"631550\" alt=\"Gato foge ao frio mas fica preso no motor de um carro em braga. O final \u00e9 feliz\" class=\"wp-image-631550 not-transparent perfmatters-lazy\" title=\"Gato foge ao frio mas fica preso no motor de um carro em braga. O final \u00e9 feliz 15\" src=\"https:\/\/www.europesays.com\/pt\/wp-content\/uploads\/2025\/12\/WhatsApp-Image-2025-12-21-at-13.43.40-4.jpeg\"  data-\/>Foto: Paulo Seabrete<\/p>\n<p><img loading=\"lazy\" data-dominant-color=\"79767c\" data-has-transparency=\"false\" style=\"--dominant-color: #79767c;\" decoding=\"async\" width=\"1024\" height=\"768\" data-id=\"631554\" alt=\"Gato foge ao frio mas fica preso no motor de um carro em braga. O final \u00e9 feliz\" class=\"wp-image-631554 not-transparent perfmatters-lazy\" title=\"Gato foge ao frio mas fica preso no motor de um carro em braga. O final \u00e9 feliz 16\" src=\"https:\/\/www.europesays.com\/pt\/wp-content\/uploads\/2025\/12\/WhatsApp-Image-2025-12-21-at-13.43.39.jpeg\"  data-\/>Foto: Paulo Seabrete<\/p>\n<p><img loading=\"lazy\" data-dominant-color=\"8b8287\" data-has-transparency=\"false\" style=\"--dominant-color: #8b8287;\" decoding=\"async\" width=\"1024\" height=\"768\" data-id=\"631555\" alt=\"Gato foge ao frio mas fica preso no motor de um carro em braga. O final \u00e9 feliz\" class=\"wp-image-631555 not-transparent perfmatters-lazy\" title=\"Gato foge ao frio mas fica preso no motor de um carro em braga. O final \u00e9 feliz 17\" src=\"https:\/\/www.europesays.com\/pt\/wp-content\/uploads\/2025\/12\/WhatsApp-Image-2025-12-21-at-13.43.38-1.jpeg\"  data-\/>Foto: Paulo Seabrete<\/p>\n<p><img loading=\"lazy\" data-dominant-color=\"6a6c72\" data-has-transparency=\"false\" style=\"--dominant-color: #6a6c72;\" decoding=\"async\" width=\"1024\" height=\"768\" data-id=\"631551\" alt=\"Gato foge ao frio mas fica preso no motor de um carro em braga. O final \u00e9 feliz\" class=\"wp-image-631551 not-transparent perfmatters-lazy\" title=\"Gato foge ao frio mas fica preso no motor de um carro em braga. O final \u00e9 feliz 18\" src=\"https:\/\/www.europesays.com\/pt\/wp-content\/uploads\/2025\/12\/WhatsApp-Image-2025-12-21-at-13.43.38.jpeg\"  data-\/>Foto: Paulo Seabrete<\/p>\n<p><img loading=\"lazy\" data-dominant-color=\"959190\" data-has-transparency=\"false\" style=\"--dominant-color: #959190;\" decoding=\"async\" width=\"768\" height=\"1024\" data-id=\"631552\" alt=\"Gato foge ao frio mas fica preso no motor de um carro em braga. O final \u00e9 feliz\" class=\"wp-image-631552 not-transparent perfmatters-lazy\" title=\"Gato foge ao frio mas fica preso no motor de um carro em braga. O final \u00e9 feliz 19\" src=\"https:\/\/www.europesays.com\/pt\/wp-content\/uploads\/2025\/12\/WhatsApp-Image-2025-12-21-at-13.43.37-2.jpeg\"  data-\/>Foto: Paulo Seabrete<\/p>\n<p><img loading=\"lazy\" data-dominant-color=\"706965\" data-has-transparency=\"false\" style=\"--dominant-color: #706965;\" decoding=\"async\" width=\"768\" height=\"1024\" data-id=\"631558\" alt=\"Gato foge ao frio mas fica preso no motor de um carro em braga. O final \u00e9 feliz\" class=\"wp-image-631558 not-transparent perfmatters-lazy\" title=\"Gato foge ao frio mas fica preso no motor de um carro em braga. O final \u00e9 feliz 20\" src=\"https:\/\/www.europesays.com\/pt\/wp-content\/uploads\/2025\/12\/WhatsApp-Image-2025-12-21-at-13.43.37-1.jpeg\"  data-\/>Foto: Paulo Seabrete<\/p>\n<p><img loading=\"lazy\" data-dominant-color=\"645d5a\" data-has-transparency=\"false\" style=\"--dominant-color: #645d5a;\" decoding=\"async\" width=\"768\" height=\"1024\" data-id=\"631561\" alt=\"Gato foge ao frio mas fica preso no motor de um carro em braga. O final \u00e9 feliz\" class=\"wp-image-631561 not-transparent perfmatters-lazy\" title=\"Gato foge ao frio mas fica preso no motor de um carro em braga. O final \u00e9 feliz 21\" src=\"https:\/\/www.europesays.com\/pt\/wp-content\/uploads\/2025\/12\/WhatsApp-Image-2025-12-21-at-13.43.37.jpeg\"  data-\/>Foto: Paulo Seabrete<\/p>\n<p><img loading=\"lazy\" data-dominant-color=\"616561\" data-has-transparency=\"false\" style=\"--dominant-color: #616561;\" decoding=\"async\" width=\"768\" height=\"1024\" data-id=\"631553\" alt=\"Gato foge ao frio mas fica preso no motor de um carro em braga. O final \u00e9 feliz\" class=\"wp-image-631553 not-transparent perfmatters-lazy\" title=\"Gato foge ao frio mas fica preso no motor de um carro em braga. O final \u00e9 feliz 22\" src=\"https:\/\/www.europesays.com\/pt\/wp-content\/uploads\/2025\/12\/WhatsApp-Image-2025-12-21-at-13.43.36.jpeg\"  data-\/>Foto: Paulo Seabrete<\/p>\n<p><img loading=\"lazy\" data-dominant-color=\"777174\" data-has-transparency=\"false\" style=\"--dominant-color: #777174;\" decoding=\"async\" width=\"1024\" height=\"768\" data-id=\"631560\" alt=\"Gato foge ao frio mas fica preso no motor de um carro em braga. O final \u00e9 feliz\" class=\"wp-image-631560 not-transparent perfmatters-lazy\" title=\"Gato foge ao frio mas fica preso no motor de um carro em braga. O final \u00e9 feliz 23\" src=\"https:\/\/www.europesays.com\/pt\/wp-content\/uploads\/2025\/12\/WhatsApp-Image-2025-12-21-at-13.43.35-2.jpeg\"  data-\/>Foto: Paulo Seabrete<\/p>\n<p><img loading=\"lazy\" data-dominant-color=\"886059\" data-has-transparency=\"false\" style=\"--dominant-color: #886059;\" decoding=\"async\" width=\"1024\" height=\"768\" data-id=\"631562\" alt=\"Gato foge ao frio mas fica preso no motor de um carro em braga. O final \u00e9 feliz\" class=\"wp-image-631562 not-transparent perfmatters-lazy\" title=\"Gato foge ao frio mas fica preso no motor de um carro em braga. O final \u00e9 feliz 24\" src=\"https:\/\/www.europesays.com\/pt\/wp-content\/uploads\/2025\/12\/WhatsApp-Image-2025-12-21-at-13.43.35.jpeg\"  data-\/>Foto: Paulo Seabrete<\/p>\n<p>Ao final de pacientes e demoradas tentativas, num trabalho sempre cir\u00fargico, para n\u00e3o causar danos ao pr\u00f3prio gato, do g\u00e9nero masculino, que n\u00e3o ter\u00e1 mais de dois meses de vida, foi poss\u00edvel libertar o felino, logo recolhido pelos respons\u00e1veis.<\/p>\n<p>A seguir, a Ambul\u00e2ncia de Resgate Animal do Batalh\u00e3o de Sapadores Bombeiros de Braga recolheu o gato, que ficou assim devidamente ao cuidado dos servi\u00e7os municipais bracarenses. <\/p>\n<p>Entretanto, em declara\u00e7\u00f5es\u00a0a O MINHO, a provedora do Animal de Braga, Filomena Costa, come\u00e7ou por agradecer o alerta e envolvimento dos cidad\u00e3os bracarenses e em outros casos id\u00eanticos, assim como \u00e0 Pol\u00edcia Municipal de Braga e ao Batalh\u00e3o de Sapadores Bombeiros de Braga.<\/p>\n<p>Filomena Costa explicou que \u201co animal foi transportado pela viatura de socorro animal para o Hospital Veterin\u00e1rio de Braga, onde ser\u00e1 submetido a observa\u00e7\u00e3o cl\u00ednica e receber\u00e1 tratamento, caso se justifique\u201d.<\/p>\n<p>\u201cAp\u00f3s a respetiva alta m\u00e9dica, ser\u00e1 encaminhado para o Centro de Recolha Oficial (CRO) de Braga, onde ficar\u00e1 dispon\u00edvel para ado\u00e7\u00e3o\u201d, esclareceu ainda a provedora do Animal de\u00a0Braga.<\/p>\n","protected":false},"excerpt":{"rendered":"A provedora do Animal de Braga, a Pol\u00edcia Municipal de Braga e um grupo de cidad\u00e3os salvaram um&hellip;\n","protected":false},"author":2,"featured_media":197347,"comment_status":"","ping_status":"","sticky":false,"template":"","format":"standard","meta":{"footnotes":""},"categories":[10],"tags":[27,28,15,16,14,25,26,21,22,12,13,19,20,32,23,24,33,17,18,29,30,31],"class_list":{"0":"post-197346","1":"post","2":"type-post","3":"status-publish","4":"format-standard","5":"has-post-thumbnail","7":"category-portugal","8":"tag-breaking-news","9":"tag-breakingnews","10":"tag-featured-news","11":"tag-featurednews","12":"tag-headlines","13":"tag-latest-news","14":"tag-latestnews","15":"tag-main-news","16":"tag-mainnews","17":"tag-news","18":"tag-noticias","19":"tag-noticias-principais","20":"tag-noticiasprincipais","21":"tag-portugal","22":"tag-principais-noticias","23":"tag-principaisnoticias","24":"tag-pt","25":"tag-top-stories","26":"tag-topstories","27":"tag-ultimas","28":"tag-ultimas-noticias","29":"tag-ultimasnoticias"},"share_on_mastodon":{"url":"https:\/\/pubeurope.com\/@pt\/115758710030836157","error":""},"_links":{"self":[{"href":"https:\/\/www.europesays.com\/pt\/wp-json\/wp\/v2\/posts\/197346","targetHints":{"allow":["GET"]}}],"collection":[{"href":"https:\/\/www.europesays.com\/pt\/wp-json\/wp\/v2\/posts"}],"about":[{"href":"https:\/\/www.europesays.com\/pt\/wp-json\/wp\/v2\/types\/post"}],"author":[{"embeddable":true,"href":"https:\/\/www.europesays.com\/pt\/wp-json\/wp\/v2\/users\/2"}],"replies":[{"embeddable":true,"href":"https:\/\/www.europesays.com\/pt\/wp-json\/wp\/v2\/comments?post=197346"}],"version-history":[{"count":0,"href":"https:\/\/www.europesays.com\/pt\/wp-json\/wp\/v2\/posts\/197346\/revisions"}],"wp:featuredmedia":[{"embeddable":true,"href":"https:\/\/www.europesays.com\/pt\/wp-json\/wp\/v2\/media\/197347"}],"wp:attachment":[{"href":"https:\/\/www.europesays.com\/pt\/wp-json\/wp\/v2\/media?parent=197346"}],"wp:term":[{"taxonomy":"category","embeddable":true,"href":"https:\/\/www.europesays.com\/pt\/wp-json\/wp\/v2\/categories?post=197346"},{"taxonomy":"post_tag","embeddable":true,"href":"https:\/\/www.europesays.com\/pt\/wp-json\/wp\/v2\/tags?post=197346"}],"curies":[{"name":"wp","href":"https:\/\/api.w.org\/{rel}","templated":true}]}}