{"id":197392,"date":"2025-12-21T18:05:34","date_gmt":"2025-12-21T18:05:34","guid":{"rendered":"https:\/\/www.europesays.com\/pt\/197392\/"},"modified":"2025-12-21T18:05:34","modified_gmt":"2025-12-21T18:05:34","slug":"angariacao-de-fundos-para-familia-de-nuno-loureiro-observador","status":"publish","type":"post","link":"https:\/\/www.europesays.com\/pt\/197392\/","title":{"rendered":"Angaria\u00e7\u00e3o de fundos para fam\u00edlia de Nuno Loureiro \u2013 Observador"},"content":{"rendered":"<p>Uma angaria\u00e7\u00e3o de fundos em nome de Nuno Loureiro est\u00e1 a decorrer na plataforma \u201cGo Fund Me\u201d e j\u00e1 conta com praticamente 200 mil euros \u00e0 hora de publica\u00e7\u00e3o da not\u00edcia. O objetivo \u00e9 entregar o dinheiro \u00e0 mulher e tr\u00eas filhas de Nuno Loureiro.<\/p>\n<p>\u201cO Nuno e a In\u00eas constru\u00edram uma vida alicer\u00e7ada no amor e na estabilidade, repleta de risos e alegria, aprendizagem e crescimento. Por\u00e9m, esta vida foi tragicamente interrompida por um ato de extrema viol\u00eancia, sem sentido, que lhes roubou esse tempo precioso, o futuro e os recursos necess\u00e1rios para continuar a orientar, apoiar e educar as suas filhas\u201d, l\u00ea-se na descri\u00e7\u00e3o do pedit\u00f3rio.<\/p>\n<p>Nuno Loureiro \u00e9 descrito como um \u201ccientista brilhante e um amigo querido, mas tamb\u00e9m um marido e um pai profundamente dedicado, que tinha como preocupa\u00e7\u00e3o maior o futuro das filhas, a sua educa\u00e7\u00e3o e as oportunidades que lhes permitissem a realiza\u00e7\u00e3o dos seus sonhos\u201d, sendo que a ideia da angaria\u00e7\u00e3o \u00e9 exatamente \u201cobjetivo de apoiar a educa\u00e7\u00e3o das filhas do Nuno nos pr\u00f3ximos anos e aliviar os encargos financeiros imediatos que a fam\u00edlia enfrenta ap\u00f3s esta perda irrepar\u00e1vel\u201d.<\/p>\n<p>Este domingo, \u00e0 hora de almo\u00e7o, o \u201cGo Fund Me\u201d j\u00e1 conta com mais de 230 mil d\u00f3lares (196 mil euros) e a meta s\u00e3o 300 mil d\u00f3lares.<\/p>\n<p><a href=\"https:\/\/observador.pt\/2025\/12\/16\/fisico-portugues-que-dirigia-laboratorio-no-mit-morto-a-tiro-em-boston-diz-ministerio-dos-negocios-estrangeiros\/\" rel=\"nofollow noopener\" target=\"_blank\">Nuno Loureiro, f\u00edsico portugu\u00eas e diretor do Centro de Ci\u00eancia do Plasma e Fus\u00e3o do Instituto de Tecnologia de Massachusetts (MIT), morreu ap\u00f3s ter sido baleado v\u00e1rias vezes<\/a>, em casa, onde vivia com a mulher e tr\u00eas filhas, na cidade de Brookline, na \u00c1rea Metropolitana de Boston, Estado de Massachusetts. <a href=\"https:\/\/observador.pt\/especiais\/conflituoso-excelente-aluno-e-muito-competitivo-quem-era-claudio-valente-o-alegado-homicida-dos-alunos-de-brown-e-do-fisico-nuno-loureiro\/\" rel=\"nofollow noopener\" target=\"_blank\">O principal suspeito \u00e9 o portugu\u00eas Cl\u00e1udio Valente, que tamb\u00e9m ter\u00e1 matado dois estudantes no tiroteio na Universidade de Brown<\/a>.<\/p>\n<blockquote class=\"wp-embedded-content\" data-secret=\"zAGnbqAsrm\">\n<p><a href=\"https:\/\/observador.pt\/especiais\/conflituoso-excelente-aluno-e-muito-competitivo-quem-era-claudio-valente-o-alegado-homicida-dos-alunos-de-brown-e-do-fisico-nuno-loureiro\/\" rel=\"nofollow noopener\" target=\"_blank\">Conflituoso, excelente aluno, mas muito competitivo. Cl\u00e1udio Valente achou-se sempre melhor que os outros e entrava em quez\u00edlias<\/a><\/p>\n<\/blockquote>\n","protected":false},"excerpt":{"rendered":"Uma angaria\u00e7\u00e3o de fundos em nome de Nuno Loureiro est\u00e1 a decorrer na plataforma \u201cGo Fund Me\u201d e&hellip;\n","protected":false},"author":2,"featured_media":197393,"comment_status":"","ping_status":"","sticky":false,"template":"","format":"standard","meta":{"footnotes":""},"categories":[10],"tags":[624,27,28,623,15,16,14,25,26,21,22,62,12,13,19,20,32,23,24,33,17,18,29,30,31],"class_list":{"0":"post-197392","1":"post","2":"type-post","3":"status-publish","4":"format-standard","5":"has-post-thumbnail","7":"category-portugal","8":"tag-amu00e9rica","9":"tag-breaking-news","10":"tag-breakingnews","11":"tag-estados-unidos-da-amu00e9rica","12":"tag-featured-news","13":"tag-featurednews","14":"tag-headlines","15":"tag-latest-news","16":"tag-latestnews","17":"tag-main-news","18":"tag-mainnews","19":"tag-mundo","20":"tag-news","21":"tag-noticias","22":"tag-noticias-principais","23":"tag-noticiasprincipais","24":"tag-portugal","25":"tag-principais-noticias","26":"tag-principaisnoticias","27":"tag-pt","28":"tag-top-stories","29":"tag-topstories","30":"tag-ultimas","31":"tag-ultimas-noticias","32":"tag-ultimasnoticias"},"share_on_mastodon":{"url":"https:\/\/pubeurope.com\/@pt\/115758886109332407","error":""},"_links":{"self":[{"href":"https:\/\/www.europesays.com\/pt\/wp-json\/wp\/v2\/posts\/197392","targetHints":{"allow":["GET"]}}],"collection":[{"href":"https:\/\/www.europesays.com\/pt\/wp-json\/wp\/v2\/posts"}],"about":[{"href":"https:\/\/www.europesays.com\/pt\/wp-json\/wp\/v2\/types\/post"}],"author":[{"embeddable":true,"href":"https:\/\/www.europesays.com\/pt\/wp-json\/wp\/v2\/users\/2"}],"replies":[{"embeddable":true,"href":"https:\/\/www.europesays.com\/pt\/wp-json\/wp\/v2\/comments?post=197392"}],"version-history":[{"count":0,"href":"https:\/\/www.europesays.com\/pt\/wp-json\/wp\/v2\/posts\/197392\/revisions"}],"wp:featuredmedia":[{"embeddable":true,"href":"https:\/\/www.europesays.com\/pt\/wp-json\/wp\/v2\/media\/197393"}],"wp:attachment":[{"href":"https:\/\/www.europesays.com\/pt\/wp-json\/wp\/v2\/media?parent=197392"}],"wp:term":[{"taxonomy":"category","embeddable":true,"href":"https:\/\/www.europesays.com\/pt\/wp-json\/wp\/v2\/categories?post=197392"},{"taxonomy":"post_tag","embeddable":true,"href":"https:\/\/www.europesays.com\/pt\/wp-json\/wp\/v2\/tags?post=197392"}],"curies":[{"name":"wp","href":"https:\/\/api.w.org\/{rel}","templated":true}]}}