{"id":197410,"date":"2025-12-21T18:17:09","date_gmt":"2025-12-21T18:17:09","guid":{"rendered":"https:\/\/www.europesays.com\/pt\/197410\/"},"modified":"2025-12-21T18:17:09","modified_gmt":"2025-12-21T18:17:09","slug":"estados-unidos-ameaca-europa-com-taxas-devido-a-tratamento-discriminatorio-a-empresas-norte-americanas","status":"publish","type":"post","link":"https:\/\/www.europesays.com\/pt\/197410\/","title":{"rendered":"Estados Unidos amea\u00e7a Europa com taxas devido a &#8220;tratamento discriminat\u00f3rio&#8221; a empresas norte-americanas"},"content":{"rendered":"<p>        O Departamento do Com\u00e9rcio norte-americano refere, transcrito na France24, que caso a Uni\u00e3o Europeia e os seus Estados-membros \u201cinsistam em continuar a restringir, limitar e prejudicar\u201d a competitividade dos prestadores de servi\u00e7os norte-americanos \u201catrav\u00e9s de meios discriminat\u00f3rios\u201d, os Estados Unidos \u201cn\u00e3o ter\u00e3o outra escolha sen\u00e3o come\u00e7ar a utilizar todas as ferramentas \u00e0 sua disposi\u00e7\u00e3o para combater estas medidas injustificadas\u201d.    <\/p>\n<p>Os Estados Unidos amea\u00e7aram, na ter\u00e7a-feira, avan\u00e7ar com taxas ou restri\u00e7\u00f5es a servi\u00e7os europeus devido ao que considera serem \u201ca\u00e7\u00f5es discriminat\u00f3rias\u201d contra as empresas norte-americanas.<\/p>\n<p>A amea\u00e7a foi vis\u00edvel na rede social X (antigo Twitter) e partiu do gabinete Gabinete do Representante do Com\u00e9rcio dos Estados Unidos. Na publica\u00e7\u00e3o a Uni\u00e3o Europeia e alguns dos seus Estados-membros s\u00e3o acusados de lan\u00e7arem \u201cprocessos judiciais, impostos, multas e diretivas discriminat\u00f3rias e abusivas contra prestadores de servi\u00e7os norte-americanos\u201d, quando as empresas da Uni\u00e3o Europeia, usando como exemplo a Accenture, a DHL, a Siemens, o Spotify, \u201coperam livremente\u201d nos Estados Unidos.<\/p>\n<p>O mesmo departamento norte-americano refere, transcrito na <a href=\"https:\/\/www.france24.com\/en\/technology\/20251216-us-warns-fees-european-services-dispute-over-eu-tech-rules\" target=\"_blank\" rel=\"noopener nofollow\">France24<\/a>, que caso a Uni\u00e3o Europeia e os seus Estados-membros \u201cinsistam em continuar a restringir, limitar e prejudicar\u201d a competitividade dos prestadores de servi\u00e7os norte-americanos \u201catrav\u00e9s de meios discriminat\u00f3rios\u201d, os Estados Unidos \u201cn\u00e3o ter\u00e3o outra escolha sen\u00e3o come\u00e7ar a utilizar todas as ferramentas \u00e0 sua disposi\u00e7\u00e3o para combater estas medidas injustificadas\u201d.<\/p>\n<p>Na mesma publica\u00e7\u00e3o \u00e9 referido que a legisla\u00e7\u00e3o norte-americana prev\u00ea a cobran\u00e7a de taxas ou restri\u00e7\u00f5es a servi\u00e7os estrangeiros, entre outras a\u00e7\u00f5es, e voltou a elencar outros prestadores de servi\u00e7os da Uni\u00e3o Europeia como a Amadeus, Capgemini, Mistral, Publicis e a SAP.<\/p>\n<p>Em resposta a Comiss\u00e3o Europeia disse, transcrita pela France24, que as suas regras \u201cse aplicam de forma igualit\u00e1ria e justa\u201d a todas as empresas que operam na Uni\u00e3o Europeia. O porta-voz da Comiss\u00e3o Europeia, Thomas Regnier, referiu ainda que os regulamentos do bloco visam garantem \u201cum ambiente seguro, justo e equitativo na Uni\u00e3o Europeia, em linha com as expectativas dos seus cidad\u00e3os\u201d e real\u00e7ou que a fiscaliza\u00e7\u00e3o \u00e9 realizada \u201csem discrimina\u00e7\u00e3o\u201d.<\/p>\n<p>Thomas Regnier adiantou tamb\u00e9m que a Uni\u00e3o Europeia estava a \u201cimplementar\u201d os compromissos da Declara\u00e7\u00e3o Conjunta entre a Uni\u00e3o Europeia e os Estados Unidos para al\u00e9m de \u201ccontinuar\u201d com o seu relacionamento com os Estados Unidos em mat\u00e9rias comerciais.<\/p>\n","protected":false},"excerpt":{"rendered":"O Departamento do Com\u00e9rcio norte-americano refere, transcrito na France24, que caso a Uni\u00e3o Europeia e os seus Estados-membros&hellip;\n","protected":false},"author":2,"featured_media":197411,"comment_status":"","ping_status":"","sticky":false,"template":"","format":"standard","meta":{"footnotes":""},"categories":[83],"tags":[993,88,3398,1834,89,90,235,7618,4105,413,32,33,39457,717,100,1977,636,16986],"class_list":{"0":"post-197410","1":"post","2":"type-post","3":"status-publish","4":"format-standard","5":"has-post-thumbnail","7":"category-empresas","8":"tag-america","9":"tag-business","10":"tag-comercio","11":"tag-comissao-europeia","12":"tag-economy","13":"tag-empresas","14":"tag-estados-unidos","15":"tag-estados-unidos-da-america","16":"tag-eu","17":"tag-eua","18":"tag-portugal","19":"tag-pt","20":"tag-restricoes","21":"tag-tarifas","22":"tag-taxas","23":"tag-ue","24":"tag-uniao-europeia","25":"tag-usa"},"share_on_mastodon":{"url":"https:\/\/pubeurope.com\/@pt\/115758933147015979","error":""},"_links":{"self":[{"href":"https:\/\/www.europesays.com\/pt\/wp-json\/wp\/v2\/posts\/197410","targetHints":{"allow":["GET"]}}],"collection":[{"href":"https:\/\/www.europesays.com\/pt\/wp-json\/wp\/v2\/posts"}],"about":[{"href":"https:\/\/www.europesays.com\/pt\/wp-json\/wp\/v2\/types\/post"}],"author":[{"embeddable":true,"href":"https:\/\/www.europesays.com\/pt\/wp-json\/wp\/v2\/users\/2"}],"replies":[{"embeddable":true,"href":"https:\/\/www.europesays.com\/pt\/wp-json\/wp\/v2\/comments?post=197410"}],"version-history":[{"count":0,"href":"https:\/\/www.europesays.com\/pt\/wp-json\/wp\/v2\/posts\/197410\/revisions"}],"wp:featuredmedia":[{"embeddable":true,"href":"https:\/\/www.europesays.com\/pt\/wp-json\/wp\/v2\/media\/197411"}],"wp:attachment":[{"href":"https:\/\/www.europesays.com\/pt\/wp-json\/wp\/v2\/media?parent=197410"}],"wp:term":[{"taxonomy":"category","embeddable":true,"href":"https:\/\/www.europesays.com\/pt\/wp-json\/wp\/v2\/categories?post=197410"},{"taxonomy":"post_tag","embeddable":true,"href":"https:\/\/www.europesays.com\/pt\/wp-json\/wp\/v2\/tags?post=197410"}],"curies":[{"name":"wp","href":"https:\/\/api.w.org\/{rel}","templated":true}]}}