{"id":197412,"date":"2025-12-21T18:19:20","date_gmt":"2025-12-21T18:19:20","guid":{"rendered":"https:\/\/www.europesays.com\/pt\/197412\/"},"modified":"2025-12-21T18:19:20","modified_gmt":"2025-12-21T18:19:20","slug":"apreendidos-mercedes-aguardente-e-1-400kg-de-bivalves-em-valenca","status":"publish","type":"post","link":"https:\/\/www.europesays.com\/pt\/197412\/","title":{"rendered":"Apreendidos Mercedes, aguardente e 1.400kg de bivalves em Valen\u00e7a"},"content":{"rendered":"<p>A GNR apreendeu uma viatura de marca Mercedes e cerca de 1.400 quilos de bivalves, na sexta-feira, em Valen\u00e7a, durante uma a\u00e7\u00e3o de fiscaliza\u00e7\u00e3o realizada no \u00e2mbito da Opera\u00e7\u00e3o \u201cLake 2025\/26\u201d, que visa combate ro com\u00e9rcio ilegal e crimes associados contra a fauna selvagem. <\/p>\n<p>&#13;<br \/>\n&#13;<br \/>\n&#13;<\/p>\n<p>A apreens\u00e3o, realizada pelo destacamento territorial de Valen\u00e7a do Comando Territorial de Viana do Castelo, foi acompanhada de tr\u00eas autos de contraordena\u00e7\u00e3o \u201creferentes ao transporte de bivalves sem a documenta\u00e7\u00e3o legal obrigat\u00f3ria e sem as condi\u00e7\u00f5es legais exigidas para a sua comercializa\u00e7\u00e3o\u201d. <\/p>\n<p>Al\u00e9m dessas tr\u00eas multas, foi ainda elaborado outro auto de contraodena\u00e7\u00e3o \u201cpor transporte de aguardente v\u00ednica sem documento legal de acompanhamento\u201d. <\/p>\n<p>Em comunicado enviado a O MINHO, a GNR aponta que a referida a\u00e7\u00e3o resultou na apreens\u00e3o de 440 quilos de am\u00eaijoa japonesa, 140 quilos de \u201cp\u00e9-de-burro\u201d, 450 quilos de berbig\u00e3o, 380 quilos de am\u00eaijoa branca e 375 litros de aguardente v\u00ednica.<\/p>\n<p>\u201cAinda no decorrer da opera\u00e7\u00e3o, foi detetado que um dos ve\u00edculos que efetuava o transporte irregular de bivalves constava como furtado nos sistemas policiais, tendo o seu condutor, um homem de 24 anos, sido constitu\u00eddo arguido, o ve\u00edculo apreendido e os factos comunicados ao Tribunal Judicial de Cascais\u201d, aponta a mesma fonte.<\/p>\n<p>Quanto ao destino das esp\u00e9cies am\u00eaijoa japonesa e \u201cp\u00e9-de-burro\u201d, consideradas invasoras e de proveni\u00eancia desconhecida, as mesmas ir\u00e3o ser destru\u00eddas em aterro sanit\u00e1rio, por ordem da autoridade veterin\u00e1ria municipal, por n\u00e3o reunirem condi\u00e7\u00f5es para consumo humano. Relativamente ao berbig\u00e3o e \u00e0 am\u00eaijoa branca, estas esp\u00e9cies foram restitu\u00eddas ao habitat natural no local de captura.<\/p>\n<p>A opera\u00e7\u00e3o contou com o refor\u00e7o do Servi\u00e7o de Prote\u00e7\u00e3o da Natureza e do Ambiente (SEPNA) do Comando Territorial de Viana do Castelo, do N\u00facleo de Prote\u00e7\u00e3o Ambiental dos Destacamentos Territoriais de Arcos de Valdevez e de Viana do Castelo, bem como de militares do Destacamento de A\u00e7\u00e3o Fiscal do Porto, do Destacamento de Controlo Costeiro de Matosinhos, da Sec\u00e7\u00e3o Cinot\u00e9cnica do Comando Territorial de Vila Real e de elementos da Guardia Civil de Espanha.<\/p>\n","protected":false},"excerpt":{"rendered":"A GNR apreendeu uma viatura de marca Mercedes e cerca de 1.400 quilos de bivalves, na sexta-feira, em&hellip;\n","protected":false},"author":2,"featured_media":197413,"comment_status":"","ping_status":"","sticky":false,"template":"","format":"standard","meta":{"footnotes":""},"categories":[10],"tags":[27,28,15,16,14,25,26,21,22,12,13,19,20,32,23,24,33,17,18,29,30,31],"class_list":{"0":"post-197412","1":"post","2":"type-post","3":"status-publish","4":"format-standard","5":"has-post-thumbnail","7":"category-portugal","8":"tag-breaking-news","9":"tag-breakingnews","10":"tag-featured-news","11":"tag-featurednews","12":"tag-headlines","13":"tag-latest-news","14":"tag-latestnews","15":"tag-main-news","16":"tag-mainnews","17":"tag-news","18":"tag-noticias","19":"tag-noticias-principais","20":"tag-noticiasprincipais","21":"tag-portugal","22":"tag-principais-noticias","23":"tag-principaisnoticias","24":"tag-pt","25":"tag-top-stories","26":"tag-topstories","27":"tag-ultimas","28":"tag-ultimas-noticias","29":"tag-ultimasnoticias"},"share_on_mastodon":{"url":"https:\/\/pubeurope.com\/@pt\/115758941328528417","error":""},"_links":{"self":[{"href":"https:\/\/www.europesays.com\/pt\/wp-json\/wp\/v2\/posts\/197412","targetHints":{"allow":["GET"]}}],"collection":[{"href":"https:\/\/www.europesays.com\/pt\/wp-json\/wp\/v2\/posts"}],"about":[{"href":"https:\/\/www.europesays.com\/pt\/wp-json\/wp\/v2\/types\/post"}],"author":[{"embeddable":true,"href":"https:\/\/www.europesays.com\/pt\/wp-json\/wp\/v2\/users\/2"}],"replies":[{"embeddable":true,"href":"https:\/\/www.europesays.com\/pt\/wp-json\/wp\/v2\/comments?post=197412"}],"version-history":[{"count":0,"href":"https:\/\/www.europesays.com\/pt\/wp-json\/wp\/v2\/posts\/197412\/revisions"}],"wp:featuredmedia":[{"embeddable":true,"href":"https:\/\/www.europesays.com\/pt\/wp-json\/wp\/v2\/media\/197413"}],"wp:attachment":[{"href":"https:\/\/www.europesays.com\/pt\/wp-json\/wp\/v2\/media?parent=197412"}],"wp:term":[{"taxonomy":"category","embeddable":true,"href":"https:\/\/www.europesays.com\/pt\/wp-json\/wp\/v2\/categories?post=197412"},{"taxonomy":"post_tag","embeddable":true,"href":"https:\/\/www.europesays.com\/pt\/wp-json\/wp\/v2\/tags?post=197412"}],"curies":[{"name":"wp","href":"https:\/\/api.w.org\/{rel}","templated":true}]}}