{"id":197414,"date":"2025-12-21T18:20:14","date_gmt":"2025-12-21T18:20:14","guid":{"rendered":"https:\/\/www.europesays.com\/pt\/197414\/"},"modified":"2025-12-21T18:20:14","modified_gmt":"2025-12-21T18:20:14","slug":"custodio-teremos-pela-frente-um-fc-porto-muito-forte-e-um-treinador-muito-bom","status":"publish","type":"post","link":"https:\/\/www.europesays.com\/pt\/197414\/","title":{"rendered":"Cust\u00f3dio: \u00abTeremos pela frente um FC Porto muito forte e um treinador muito bom\u00bb"},"content":{"rendered":"<p>O <a class=\"autolink-enabled\" data-resource-id=\"452\" data-resource-type=\"team\" data-sport=\"football\" href=\"https:\/\/www.abola.pt\/futebol\/alverca-452\" rel=\"nofollow noopener\" target=\"_blank\">Alverca<\/a> tem conseguido, aos poucos, subir na tabela da <a class=\"autolink-enabled\" data-resource-id=\"13\" data-resource-type=\"competition\" data-sport=\"football\" href=\"https:\/\/www.abola.pt\/futebol\/competicao\/liga-portugal-betclic-13\" rel=\"nofollow noopener\" target=\"_blank\">Liga<\/a> e, com 17 pontos, recebe o <a class=\"autolink-enabled\" data-resource-id=\"451\" data-resource-type=\"team\" data-sport=\"football\" href=\"https:\/\/www.abola.pt\/futebol\/fc-porto-451\" rel=\"nofollow noopener\" target=\"_blank\">FC Porto<\/a> esta segunda-feira no 11.\u00ba lugar e Cust\u00f3dio Castro espera que os ribatejanos sejam \u00abambiciosos e competitivos\u00bb frente a uma equipa que soma 13 vit\u00f3rias e um empate (com o <a class=\"autolink-enabled\" data-resource-id=\"450\" data-resource-type=\"team\" data-sport=\"football\" href=\"https:\/\/www.abola.pt\/futebol\/benfica-450\" rel=\"nofollow noopener\" target=\"_blank\">Benfica<\/a>) em 14 jornadas.<\/p>\n<p>\u00abTeremos pela frente um FC Porto muito forte e, na minha opini\u00e3o, tem muito a ver com o treinador que \u00e9 muito bom. Trouxe uma forma de jogar e uma identidade que tem a ver com a cultura do clube e esteve muito bem no refor\u00e7o da equipa\u00bb, disse Cust\u00f3dio, elogiando Francesco Farioli.<\/p>\n<p>Ainda assim, o t\u00e9cnico olha com ambi\u00e7\u00e3o para esta partida, suportado pelos resultados da equipa: \u00abOlhando para a nossa temporada, jog\u00e1mos muito contra as expectativas que reca\u00edam sobre o Alverca. Sentimos\u00a0que somos competitivos em quase todos os jogos. \u00c9 com essa humildade, vontade e ambi\u00e7\u00e3o que esperamos apresentar-nos amanh\u00e3.\u00bb<\/p>\n<p>Com o decorrer da \u00e9poca, continua Cust\u00f3dio, \u00aba equipa est\u00e1 cada vez mais preparada\u00bb e continua a evoluir, ainda que v\u00e3o aparecendo diferentes obst\u00e1culos.<\/p>\n<p>\u00abO nosso crescimento n\u00e3o tem sido linear, mas temos crescido individualmente e coletivamente e vemos que a equipa tem-se valorizado\u00bb, notou o treinador.<\/p>\n<p>Por fim, Cust\u00f3dio abordou a necessidade de realizar movimenta\u00e7\u00f5es no mercado de inverno: \u00abEstamos sempre muito\u00a0atentos e sabemos aquilo que temos que fazer no mercado, mas o nosso foco est\u00e1 s\u00f3 no jogo de amanh\u00e3.\u00bb \u00a0<\/p>\n","protected":false},"excerpt":{"rendered":"O Alverca tem conseguido, aos poucos, subir na tabela da Liga e, com 17 pontos, recebe o FC&hellip;\n","protected":false},"author":2,"featured_media":197415,"comment_status":"","ping_status":"","sticky":false,"template":"","format":"standard","meta":{"footnotes":""},"categories":[8],"tags":[27,28,15,16,14,25,26,21,22,12,13,19,20,32,23,24,33,17,18,29,30,31],"class_list":{"0":"post-197414","1":"post","2":"type-post","3":"status-publish","4":"format-standard","5":"has-post-thumbnail","7":"category-principais-noticias","8":"tag-breaking-news","9":"tag-breakingnews","10":"tag-featured-news","11":"tag-featurednews","12":"tag-headlines","13":"tag-latest-news","14":"tag-latestnews","15":"tag-main-news","16":"tag-mainnews","17":"tag-news","18":"tag-noticias","19":"tag-noticias-principais","20":"tag-noticiasprincipais","21":"tag-portugal","22":"tag-principais-noticias","23":"tag-principaisnoticias","24":"tag-pt","25":"tag-top-stories","26":"tag-topstories","27":"tag-ultimas","28":"tag-ultimas-noticias","29":"tag-ultimasnoticias"},"share_on_mastodon":{"url":"https:\/\/pubeurope.com\/@pt\/115758945078496995","error":""},"_links":{"self":[{"href":"https:\/\/www.europesays.com\/pt\/wp-json\/wp\/v2\/posts\/197414","targetHints":{"allow":["GET"]}}],"collection":[{"href":"https:\/\/www.europesays.com\/pt\/wp-json\/wp\/v2\/posts"}],"about":[{"href":"https:\/\/www.europesays.com\/pt\/wp-json\/wp\/v2\/types\/post"}],"author":[{"embeddable":true,"href":"https:\/\/www.europesays.com\/pt\/wp-json\/wp\/v2\/users\/2"}],"replies":[{"embeddable":true,"href":"https:\/\/www.europesays.com\/pt\/wp-json\/wp\/v2\/comments?post=197414"}],"version-history":[{"count":0,"href":"https:\/\/www.europesays.com\/pt\/wp-json\/wp\/v2\/posts\/197414\/revisions"}],"wp:featuredmedia":[{"embeddable":true,"href":"https:\/\/www.europesays.com\/pt\/wp-json\/wp\/v2\/media\/197415"}],"wp:attachment":[{"href":"https:\/\/www.europesays.com\/pt\/wp-json\/wp\/v2\/media?parent=197414"}],"wp:term":[{"taxonomy":"category","embeddable":true,"href":"https:\/\/www.europesays.com\/pt\/wp-json\/wp\/v2\/categories?post=197414"},{"taxonomy":"post_tag","embeddable":true,"href":"https:\/\/www.europesays.com\/pt\/wp-json\/wp\/v2\/tags?post=197414"}],"curies":[{"name":"wp","href":"https:\/\/api.w.org\/{rel}","templated":true}]}}