{"id":197429,"date":"2025-12-21T18:32:14","date_gmt":"2025-12-21T18:32:14","guid":{"rendered":"https:\/\/www.europesays.com\/pt\/197429\/"},"modified":"2025-12-21T18:32:14","modified_gmt":"2025-12-21T18:32:14","slug":"compras-de-ultima-hora-saiba-como-salvar-o-natal-sem-estourar-o-orcamento","status":"publish","type":"post","link":"https:\/\/www.europesays.com\/pt\/197429\/","title":{"rendered":"Compras de \u00faltima hora? Saiba como salvar o Natal sem estourar o or\u00e7amento"},"content":{"rendered":"<p>Se neste preciso momento, a apenas quatro dias do <a href=\"https:\/\/amp.expresso.pt\/internacional\/2025-12-20-quer-saber-por-onde-anda-o-pai-natal--defesa-aeroespacial-dos-eua-e-canada-acompanha-viagem-2d033e93\" target=\"_blank\" rel=\"noopener noreferrer nofollow\">Natal<\/a>, ainda est\u00e1 a percorrer os corredores de um qualquer centro comercial em busca de presentes para oferecer \u00e0 fam\u00edlia e amigos, saiba que n\u00e3o \u00e9 a melhor estrat\u00e9gia, mas nem tudo est\u00e1 perdido. De acordo com a Deco Proteste, <strong>&#8220;d<\/strong><strong>eixar tudo para os \u00faltimos dias \u00e9 muito comum, mas pode sair caro&#8221;.<\/strong><\/p>\n<p><a href=\"https:\/\/expresso.pt\/subscrever?action=GEN&amp;channel=BAF&amp;type=CAP&amp;source=WEB&amp;returnUrl=https:\/\/expresso.pt\/economia\/2025-12-21-compras-de-ultima-hora--saiba-como-salvar-o-natal-sem-estourar-o-orcamento-05e8d78b&amp;utm_source=expresso&amp;utm_medium=locked_article&amp;locked=true&amp;article_id=29cb8bcc-be14-40ce-b796-fdda738eb74c&amp;author_id=B\u00e1rbara+Silva&amp;category=Economia\" target=\"_self\" class=\"\" rel=\"nofollow noopener\">Subscrever<\/a>J\u00e1 \u00e9 Subscritor?Fa\u00e7a login e continue a ler<a href=\"http:\/\/expresso.pt\/codigo?redirectUrl=https:\/\/expresso.pt\/economia\/2025-12-21-compras-de-ultima-hora--saiba-como-salvar-o-natal-sem-estourar-o-orcamento-05e8d78b\" target=\"_self\" class=\"\" rel=\"nofollow noopener\">Inserir C\u00f3digo<\/a>Comprou o Expresso?Insira o c\u00f3digo presente na Revista E para continuar a ler<\/p>\n","protected":false},"excerpt":{"rendered":"Se neste preciso momento, a apenas quatro dias do Natal, ainda est\u00e1 a percorrer os corredores de um&hellip;\n","protected":false},"author":2,"featured_media":197430,"comment_status":"","ping_status":"","sticky":false,"template":"","format":"standard","meta":{"footnotes":""},"categories":[83],"tags":[88,89,90,32,33],"class_list":{"0":"post-197429","1":"post","2":"type-post","3":"status-publish","4":"format-standard","5":"has-post-thumbnail","7":"category-empresas","8":"tag-business","9":"tag-economy","10":"tag-empresas","11":"tag-portugal","12":"tag-pt"},"share_on_mastodon":{"url":"https:\/\/pubeurope.com\/@pt\/115758992109979533","error":""},"_links":{"self":[{"href":"https:\/\/www.europesays.com\/pt\/wp-json\/wp\/v2\/posts\/197429","targetHints":{"allow":["GET"]}}],"collection":[{"href":"https:\/\/www.europesays.com\/pt\/wp-json\/wp\/v2\/posts"}],"about":[{"href":"https:\/\/www.europesays.com\/pt\/wp-json\/wp\/v2\/types\/post"}],"author":[{"embeddable":true,"href":"https:\/\/www.europesays.com\/pt\/wp-json\/wp\/v2\/users\/2"}],"replies":[{"embeddable":true,"href":"https:\/\/www.europesays.com\/pt\/wp-json\/wp\/v2\/comments?post=197429"}],"version-history":[{"count":0,"href":"https:\/\/www.europesays.com\/pt\/wp-json\/wp\/v2\/posts\/197429\/revisions"}],"wp:featuredmedia":[{"embeddable":true,"href":"https:\/\/www.europesays.com\/pt\/wp-json\/wp\/v2\/media\/197430"}],"wp:attachment":[{"href":"https:\/\/www.europesays.com\/pt\/wp-json\/wp\/v2\/media?parent=197429"}],"wp:term":[{"taxonomy":"category","embeddable":true,"href":"https:\/\/www.europesays.com\/pt\/wp-json\/wp\/v2\/categories?post=197429"},{"taxonomy":"post_tag","embeddable":true,"href":"https:\/\/www.europesays.com\/pt\/wp-json\/wp\/v2\/tags?post=197429"}],"curies":[{"name":"wp","href":"https:\/\/api.w.org\/{rel}","templated":true}]}}