{"id":197431,"date":"2025-12-21T18:34:12","date_gmt":"2025-12-21T18:34:12","guid":{"rendered":"https:\/\/www.europesays.com\/pt\/197431\/"},"modified":"2025-12-21T18:34:12","modified_gmt":"2025-12-21T18:34:12","slug":"bombeiros-resgatam-ferido-grave-de-viatura-que-caiu-na-barragem-de-santa-clara","status":"publish","type":"post","link":"https:\/\/www.europesays.com\/pt\/197431\/","title":{"rendered":"Bombeiros resgatam ferido grave de viatura que caiu na Barragem de Santa Clara"},"content":{"rendered":"<p data-remotead-prev-elm=\"true\" data-remotead-elm-id=\"inread\">O alerta foi dado \u00e0s 14.36 horas, para uma viatura que tinha ca\u00eddo \u00e0 \u00e1gua, na sequ\u00eancia do despiste num ponto tur\u00edstico da Barragem de Santa Clara, pr\u00f3ximo da aldeia de Castro da Cola, em Ourique.<\/p>\n<p>Mobilizados para o local, os Bombeiros Volunt\u00e1rios de Ourique conseguiram resgatar a viatura da \u00e1gua e no seu interior estava apenas um ocupante, de nacionalidade holandesa, que foi transportado para o Hospital de Beja com ferimentos considerados graves.<\/p>\n<p>Nas opera\u00e7\u00f5es estiveram envolvidos 20 efetivos dos Bombeiros de Ourique, ambul\u00e2ncia de Suporte Imediato de Vida (SIV) de Castro Verde e GNR, com apoio de sete viaturas.<\/p>\n","protected":false},"excerpt":{"rendered":"O alerta foi dado \u00e0s 14.36 horas, para uma viatura que tinha ca\u00eddo \u00e0 \u00e1gua, na sequ\u00eancia do&hellip;\n","protected":false},"author":2,"featured_media":197432,"comment_status":"","ping_status":"","sticky":false,"template":"","format":"standard","meta":{"footnotes":""},"categories":[10],"tags":[1455,27,28,39449,15,16,14,25,26,21,22,12,13,19,20,32,23,24,33,13144,17,18,29,30,31],"class_list":{"0":"post-197431","1":"post","2":"type-post","3":"status-publish","4":"format-standard","5":"has-post-thumbnail","7":"category-portugal","8":"tag-acidentes","9":"tag-breaking-news","10":"tag-breakingnews","11":"tag-concelho-ourique","12":"tag-featured-news","13":"tag-featurednews","14":"tag-headlines","15":"tag-latest-news","16":"tag-latestnews","17":"tag-main-news","18":"tag-mainnews","19":"tag-news","20":"tag-noticias","21":"tag-noticias-principais","22":"tag-noticiasprincipais","23":"tag-portugal","24":"tag-principais-noticias","25":"tag-principaisnoticias","26":"tag-pt","27":"tag-sinistralidade","28":"tag-top-stories","29":"tag-topstories","30":"tag-ultimas","31":"tag-ultimas-noticias","32":"tag-ultimasnoticias"},"share_on_mastodon":{"url":"https:\/\/pubeurope.com\/@pt\/115759000176262374","error":""},"_links":{"self":[{"href":"https:\/\/www.europesays.com\/pt\/wp-json\/wp\/v2\/posts\/197431","targetHints":{"allow":["GET"]}}],"collection":[{"href":"https:\/\/www.europesays.com\/pt\/wp-json\/wp\/v2\/posts"}],"about":[{"href":"https:\/\/www.europesays.com\/pt\/wp-json\/wp\/v2\/types\/post"}],"author":[{"embeddable":true,"href":"https:\/\/www.europesays.com\/pt\/wp-json\/wp\/v2\/users\/2"}],"replies":[{"embeddable":true,"href":"https:\/\/www.europesays.com\/pt\/wp-json\/wp\/v2\/comments?post=197431"}],"version-history":[{"count":0,"href":"https:\/\/www.europesays.com\/pt\/wp-json\/wp\/v2\/posts\/197431\/revisions"}],"wp:featuredmedia":[{"embeddable":true,"href":"https:\/\/www.europesays.com\/pt\/wp-json\/wp\/v2\/media\/197432"}],"wp:attachment":[{"href":"https:\/\/www.europesays.com\/pt\/wp-json\/wp\/v2\/media?parent=197431"}],"wp:term":[{"taxonomy":"category","embeddable":true,"href":"https:\/\/www.europesays.com\/pt\/wp-json\/wp\/v2\/categories?post=197431"},{"taxonomy":"post_tag","embeddable":true,"href":"https:\/\/www.europesays.com\/pt\/wp-json\/wp\/v2\/tags?post=197431"}],"curies":[{"name":"wp","href":"https:\/\/api.w.org\/{rel}","templated":true}]}}