{"id":197433,"date":"2025-12-21T18:35:13","date_gmt":"2025-12-21T18:35:13","guid":{"rendered":"https:\/\/www.europesays.com\/pt\/197433\/"},"modified":"2025-12-21T18:35:13","modified_gmt":"2025-12-21T18:35:13","slug":"benfica-arrasa-fc-porto-na-conquista-da-16-a-supertaca","status":"publish","type":"post","link":"https:\/\/www.europesays.com\/pt\/197433\/","title":{"rendered":"Benfica arrasa FC Porto na conquista da 16.\u00aa Superta\u00e7a"},"content":{"rendered":"<p>Numa 40.\u00aa final\u00edssima da Superta\u00e7a, disputada no Pavilh\u00e3o M\u00e1rio Mexia, em Coimbra, em que s\u00f3 permitiu que o advers\u00e1rio liderasse uma vez (11-12), ainda no quarto inaugural (11-12), pouco depois de se terem registado as duas \u00fanicas igualdades (5-5 e 7-7), o Benfica bateu o FC Porto por 91-65 (31-18, 15-18, 22-12, 23-17) e conquistou o trof\u00e9u pela 16.\u00aa ocasi\u00e3o.<\/p>\n<p>O extremo americano do Benfica Justice Sueing, com19 pts (5\/6 L2, 1\/5 L3, 6\/9 LL), 15 res (3 of.) e 2 rbl foi considerado o MVP da Superta\u00e7a.<\/p>\n<p>A forma\u00e7\u00e3o lisboeta mant\u00e9m-se como o clube, entre os oito que j\u00e1 conseguiram levantar a Superta\u00e7a, mais vezes vencedor, seguindo-se FC Porto e Ovarense, ambos com oito. Queluz, Oliveirense e Sporting somam dois cada, enquanto Portugal Telecom e Illiabum, um.<\/p>\n<p>Ap\u00f3s na passada temporada ter perdido a Superta\u00e7a precisamente para o FC Porto (97-93), que impediu que o conjunto de Norberto Alves concretizasse a conquista pela \u00e9poca consecutiva, os encarnados recuperam a posse do trof\u00e9u. Note-se que foi a nona vez que o conseguiram nas \u00faltimas 16 edi\u00e7\u00f5es.<\/p>\n<p>As \u00e1guias, que na 1.\u00aa parte chegaram a liderar j\u00e1 por 13 (31-18), no \u00faltimo quarto atingiu a vantagem m\u00e1xima de 30 em duas ocasi\u00f5es (89-59, 91-61).<\/p>\n<p>Justice Sueing (19 pts, 15 res, 2 rbl), Jo\u00e3o \u2018Betinho\u2019 Gomes (16 pts, 5 res), Aaron Broussard (12 pts, 6 res, 4 ass) e Eugene Crandall (12 pts, 3 res, 4 ass) foram os mais produtivos das \u00e1guias.<\/p>\n<p>No FC Porto, destaque para Jhonathan Dunn (19 pts, 4 res), Tanner Omlid (11 pts, 7 res) e Wesley Washpun (10 pts, 3 res, 4 ass) e Corlelius Hudson (10 pts, 3 res).<\/p>\n","protected":false},"excerpt":{"rendered":"Numa 40.\u00aa final\u00edssima da Superta\u00e7a, disputada no Pavilh\u00e3o M\u00e1rio Mexia, em Coimbra, em que s\u00f3 permitiu que o&hellip;\n","protected":false},"author":2,"featured_media":197434,"comment_status":"","ping_status":"","sticky":false,"template":"","format":"standard","meta":{"footnotes":""},"categories":[8],"tags":[27,28,15,16,14,25,26,21,22,12,13,19,20,32,23,24,33,17,18,29,30,31],"class_list":{"0":"post-197433","1":"post","2":"type-post","3":"status-publish","4":"format-standard","5":"has-post-thumbnail","7":"category-principais-noticias","8":"tag-breaking-news","9":"tag-breakingnews","10":"tag-featured-news","11":"tag-featurednews","12":"tag-headlines","13":"tag-latest-news","14":"tag-latestnews","15":"tag-main-news","16":"tag-mainnews","17":"tag-news","18":"tag-noticias","19":"tag-noticias-principais","20":"tag-noticiasprincipais","21":"tag-portugal","22":"tag-principais-noticias","23":"tag-principaisnoticias","24":"tag-pt","25":"tag-top-stories","26":"tag-topstories","27":"tag-ultimas","28":"tag-ultimas-noticias","29":"tag-ultimasnoticias"},"share_on_mastodon":{"url":"https:\/\/pubeurope.com\/@pt\/115759004024256413","error":""},"_links":{"self":[{"href":"https:\/\/www.europesays.com\/pt\/wp-json\/wp\/v2\/posts\/197433","targetHints":{"allow":["GET"]}}],"collection":[{"href":"https:\/\/www.europesays.com\/pt\/wp-json\/wp\/v2\/posts"}],"about":[{"href":"https:\/\/www.europesays.com\/pt\/wp-json\/wp\/v2\/types\/post"}],"author":[{"embeddable":true,"href":"https:\/\/www.europesays.com\/pt\/wp-json\/wp\/v2\/users\/2"}],"replies":[{"embeddable":true,"href":"https:\/\/www.europesays.com\/pt\/wp-json\/wp\/v2\/comments?post=197433"}],"version-history":[{"count":0,"href":"https:\/\/www.europesays.com\/pt\/wp-json\/wp\/v2\/posts\/197433\/revisions"}],"wp:featuredmedia":[{"embeddable":true,"href":"https:\/\/www.europesays.com\/pt\/wp-json\/wp\/v2\/media\/197434"}],"wp:attachment":[{"href":"https:\/\/www.europesays.com\/pt\/wp-json\/wp\/v2\/media?parent=197433"}],"wp:term":[{"taxonomy":"category","embeddable":true,"href":"https:\/\/www.europesays.com\/pt\/wp-json\/wp\/v2\/categories?post=197433"},{"taxonomy":"post_tag","embeddable":true,"href":"https:\/\/www.europesays.com\/pt\/wp-json\/wp\/v2\/tags?post=197433"}],"curies":[{"name":"wp","href":"https:\/\/api.w.org\/{rel}","templated":true}]}}