{"id":197437,"date":"2025-12-21T18:40:20","date_gmt":"2025-12-21T18:40:20","guid":{"rendered":"https:\/\/www.europesays.com\/pt\/197437\/"},"modified":"2025-12-21T18:40:20","modified_gmt":"2025-12-21T18:40:20","slug":"pet-shop-boys-anuncia-show-unico-no-brasil-para-marco-de-2026-radio-mix-fm","status":"publish","type":"post","link":"https:\/\/www.europesays.com\/pt\/197437\/","title":{"rendered":"Pet Shop Boys anuncia show \u00fanico no Brasil para mar\u00e7o de 2026 \u2013 R\u00e1dio Mix FM"},"content":{"rendered":"<p><img decoding=\"async\" loading=\"lazy\" width=\"1200\" height=\"450\" src=\"https:\/\/www.europesays.com\/pt\/wp-content\/uploads\/2025\/12\/pet-shop-boys.jpg\" alt=\"\" class=\"wp-image-578338\"\/>Foto: Divulga\u00e7\u00e3o<\/p>\n<p>Sentiram saudades deles?<\/p>\n<p>O duo <strong>Pet Shop Boys <\/strong>divulgou nesta sexta-feira (19) que voltar\u00e1 ao <strong>Brasil <\/strong>em <strong>2026<\/strong>.<\/p>\n<p>Com <strong>uma \u00fanica apresenta\u00e7\u00e3o <\/strong>marcada para o dia <strong>3 de mar\u00e7o<\/strong>, na <strong>Suhai Music Hall<\/strong>, em <strong>S\u00e3o Paulo<\/strong>, o Pet Shop Boys vir\u00e1 ao Brasil pela <strong>9\u00aa vez<\/strong>, tr\u00eas anos depois da \u00faltima vinda no <strong>Primavera Sound S\u00e3o Paulo<\/strong> <strong>2023<\/strong>.<\/p>\n<blockquote class=\"instagram-media\" data-instgrm-captioned=\"\" data-instgrm-permalink=\"https:\/\/www.instagram.com\/p\/DSc7EkGjTc-\/?utm_source=ig_embed&amp;utm_campaign=loading\" data-instgrm-version=\"14\" style=\" background:#FFF; border:0; border-radius:3px; box-shadow:0 0 1px 0 rgba(0,0,0,0.5),0 1px 10px 0 rgba(0,0,0,0.15); margin: 1px; max-width:540px; min-width:326px; padding:0; width:99.375%; width:-webkit-calc(100% - 2px); width:calc(100% - 2px);\"\/>\n<p>Pelo <strong>4\u00ba ano <\/strong>na estrada com a <strong>turn\u00ea \u201cDreamworld: The Greatest Hits Live\u201d<\/strong>, o Pet Shop Boys celebra os maiores sucessos de seus <strong>45 anos de carreira<\/strong>, que incluem <strong>\u201cWest End Girls\u201d, \u201cAlways On My Mind\u201d, \u201cIt\u2019s A Sin\u201d e \u201cHeart\u201d<\/strong>.<\/p>\n<p>Formado por <strong>Neil Tennant <\/strong>e <strong>Chris Lowe<\/strong>, o Pet Shop Boys est\u00e1 em atividade desde <strong>1981 <\/strong>e \u00e9 considerado um dos nomes brit\u00e2nicos mais bem sucedidos da m\u00fasica, contando ainda com parcerias com diversos artistas, como <strong>Lady Gaga, David Bowie, Madonna, The Killers e mais.<\/strong><\/p>\n<p>A <strong>venda de ingressos <\/strong>para o show do Pet Shop Boys em S\u00e3o Paulo j\u00e1 est\u00e1 dispon\u00edvel no <strong><a href=\"https:\/\/www.livepass.com.br\/event\/pet-shop-boys-dreamworld-the-greatest-hits-live-suhai-music-hall-21110479\/\" target=\"_blank\" rel=\"noreferrer noopener nofollow\">site da Livepass<\/a><\/strong>.<\/p>\n<p>Ou\u00e7a uma playlist especial do\u00a0<strong>PET SHOP BOYS <\/strong>no\u00a0<strong>Apple Music<\/strong>:<\/p>\n<p>                <script async src=\"\/\/www.instagram.com\/embed.js\"><\/script><\/p>\n","protected":false},"excerpt":{"rendered":"Foto: Divulga\u00e7\u00e3o Sentiram saudades deles? O duo Pet Shop Boys divulgou nesta sexta-feira (19) que voltar\u00e1 ao Brasil&hellip;\n","protected":false},"author":2,"featured_media":197438,"comment_status":"","ping_status":"","sticky":false,"template":"","format":"standard","meta":{"footnotes":""},"categories":[141],"tags":[114,115,339,149,150,39458,39459,39460,39461,39462,39463,39464,39465,32,33,574],"class_list":{"0":"post-197437","1":"post","2":"type-post","3":"status-publish","4":"format-standard","5":"has-post-thumbnail","7":"category-musica","8":"tag-entertainment","9":"tag-entretenimento","10":"tag-mu00fasica","11":"tag-music","12":"tag-musica","13":"tag-pet-shop-boys","14":"tag-pet-shop-boys-2026","15":"tag-pet-shop-boys-brasil","16":"tag-pet-shop-boys-brasil-2026","17":"tag-pet-shop-boys-em-su00e3o-paulo","18":"tag-pet-shop-boys-ingressos","19":"tag-pet-shop-boys-show","20":"tag-pet-shop-boys-turnu00ea","21":"tag-portugal","22":"tag-pt","23":"tag-show"},"share_on_mastodon":{"url":"https:\/\/pubeurope.com\/@pt\/115759023934589884","error":""},"_links":{"self":[{"href":"https:\/\/www.europesays.com\/pt\/wp-json\/wp\/v2\/posts\/197437","targetHints":{"allow":["GET"]}}],"collection":[{"href":"https:\/\/www.europesays.com\/pt\/wp-json\/wp\/v2\/posts"}],"about":[{"href":"https:\/\/www.europesays.com\/pt\/wp-json\/wp\/v2\/types\/post"}],"author":[{"embeddable":true,"href":"https:\/\/www.europesays.com\/pt\/wp-json\/wp\/v2\/users\/2"}],"replies":[{"embeddable":true,"href":"https:\/\/www.europesays.com\/pt\/wp-json\/wp\/v2\/comments?post=197437"}],"version-history":[{"count":0,"href":"https:\/\/www.europesays.com\/pt\/wp-json\/wp\/v2\/posts\/197437\/revisions"}],"wp:featuredmedia":[{"embeddable":true,"href":"https:\/\/www.europesays.com\/pt\/wp-json\/wp\/v2\/media\/197438"}],"wp:attachment":[{"href":"https:\/\/www.europesays.com\/pt\/wp-json\/wp\/v2\/media?parent=197437"}],"wp:term":[{"taxonomy":"category","embeddable":true,"href":"https:\/\/www.europesays.com\/pt\/wp-json\/wp\/v2\/categories?post=197437"},{"taxonomy":"post_tag","embeddable":true,"href":"https:\/\/www.europesays.com\/pt\/wp-json\/wp\/v2\/tags?post=197437"}],"curies":[{"name":"wp","href":"https:\/\/api.w.org\/{rel}","templated":true}]}}