{"id":197448,"date":"2025-12-21T18:46:11","date_gmt":"2025-12-21T18:46:11","guid":{"rendered":"https:\/\/www.europesays.com\/pt\/197448\/"},"modified":"2025-12-21T18:46:11","modified_gmt":"2025-12-21T18:46:11","slug":"cook-enfrenta-exodo-de-executivos-o-que-se-passa-na-apple-observador","status":"publish","type":"post","link":"https:\/\/www.europesays.com\/pt\/197448\/","title":{"rendered":"Cook enfrenta \u00eaxodo de executivos. O que se passa na Apple? \u2013 Observador"},"content":{"rendered":"<p>Certo \u00e9 que as mudan\u00e7as na casa da ma\u00e7\u00e3 tamb\u00e9m deram novo f\u00f4lego \u00e0s conversas sobre a sucess\u00e3o de Tim Cook. A 1 de novembro, o executivo completou 65 anos. No mesmo m\u00eas, meios como o Financial Times (FT) e a Bloomberg avan\u00e7aram que a Apple estaria a intensificar os planos de sucess\u00e3o. Segundo o FT, os estatutos da Apple n\u00e3o ditam a obriga\u00e7\u00e3o de reforma e desligava, tamb\u00e9m, estes esfor\u00e7os da situa\u00e7\u00e3o da empresa no mercado. Por\u00e9m, o jornal brit\u00e2nico avan\u00e7ou que a sa\u00edda poderia acontecer j\u00e1 em 2026.<\/p>\n<p>Publicamente, o CEO n\u00e3o d\u00e1 sinais de pensar em afastar-se. Entre os analistas ouvidos pelo Observador n\u00e3o h\u00e1 consenso sobre o futuro de Cook. A sa\u00edda de tantos executivos \u201csinaliza que vai haver uma transi\u00e7\u00e3o de lideran\u00e7a em breve\u201d, diz Francisco Jer\u00f3nimo, da IDC. <strong>\u201cSe \u00e9 no pr\u00f3ximo ano ou no ano seguinte, \u00e9 incerto.\u201d<\/strong><\/p>\n<p>\u201cTim Cook est\u00e1 h\u00e1 14 anos no cargo, portanto pode querer passar o bast\u00e3o a algu\u00e9m provavelmente mais novo\u201d, equaciona. \u201cToda esta movimenta\u00e7\u00e3o [de executivos] claramente indica que n\u00e3o \u00e9 s\u00f3 uma decis\u00e3o \u00e0 volta do CEO, mas uma decis\u00e3o \u00e0 volta da equipa de lideran\u00e7a.\u201d<\/p>\n<p>Ben Wood tem outra perspetiva. <strong>\u201cAcho que n\u00e3o podemos estabelecer imediatamente uma rela\u00e7\u00e3o entre a sa\u00edda de executivos e a de Tim Cook.\u201d<\/strong> Ainda assim, reconhece que poder\u00e1 chegar o momento \u201cem que Tim Cook comece a olhar \u00e0 volta e a pensar \u2018bem j\u00e1 conquistei quase tudo\u2019\u201d.<\/p>\n<p>Nesse sentido destaca, por exemplo, a forma como Cook recebeu a \u2018heran\u00e7a\u2019 do iPhone e <strong>\u201cfez crescer a empresa para um neg\u00f3cio de bili\u00f5es de d\u00f3lares\u201d.<\/strong> \u201cEm algum momento\u201d Cook decidir\u00e1 sair da Apple e \u201cficar\u00e1 para a hist\u00f3ria como um dos mais bem sucedidos CEO, que criou um valor tremendo para os acionistas\u201d.<\/p>\n<p>Steve Jobs, que morreu em outubro de 2011, apenas quatro meses ap\u00f3s a nomea\u00e7\u00e3o de Cook, regressou \u00e0 Apple em 1997 e lan\u00e7ou pelo menos dois sucessos de vendas: o iPod e o iPhone. Mas foi com Cook que a Apple assegurou <strong>quatro marcos de capitaliza\u00e7\u00e3o bolsista<\/strong>, tornando-se numa das empresas mais valiosas do mundo. Quando Tim Cook assumiu fun\u00e7\u00f5es, a Apple valia 350 mil milh\u00f5es de d\u00f3lares. Em 2018, chegou ao primeiro bili\u00e3o de d\u00f3lares em bolsa e, j\u00e1 este ano, ao quarto bili\u00e3o \u2014 mesmo com a pedra no sapato da IA.<\/p>\n<blockquote class=\"wp-embedded-content\" data-secret=\"c5Hp0oN2eH\">\n<p><a href=\"https:\/\/observador.pt\/2025\/10\/28\/apple-juntou-se-ao-clube-dos-quatro-bilioes-impulsionada-pelas-vendas-do-iphone\/\" rel=\"nofollow noopener\" target=\"_blank\">Apple juntou-se ao clube dos quatro bili\u00f5es impulsionada pelas vendas do iPhone<\/a><\/p>\n<\/blockquote>\n<p>Dan Ives, analista da Wedbush, \u00e9 o \u00fanico a apontar uma janela temporal para a continuidade de Cook. \u201cAcreditamos que Tim Cook continuar\u00e1 a ser o CEO da Apple <strong>pelo menos at\u00e9 ao fim de 2027<\/strong> para supervisionar esta transi\u00e7\u00e3o de uma tecnologia-chave de IA em Cupertino.\u201d<\/p>\n<p>Apesar da agita\u00e7\u00e3o, Ben Wood, da CCS Insight, n\u00e3o considera que as sa\u00eddas de executivos possam vir a mexer com os eventuais planos de Tim Cook para uma sa\u00edda.\u00a0\u201cAcho que a Apple ter\u00e1 um plano muito claro sobre o que quer fazer. A hist\u00f3ria mostra que Tim Cook \u00e9 uma das pessoas mais organizadas e estruturadas, com um foco incans\u00e1vel em planear e controlar tudo\u201d, diz. <strong>\u201c\u00c9 impens\u00e1vel que n\u00e3o tenha pensado de forma cuidadosa qual \u00e9 a melhor altura [para sair] e quem lhe possa suceder.\u201d<\/strong><\/p>\n<p>J\u00e1 Francisco Jer\u00f3nimo, da IDC, admite que o executivo possa estar a \u201creorganizar a casa\u201d e \u201c<strong>s\u00f3 quando as pessoas estiverem confort\u00e1veis nas novas fun\u00e7\u00f5es \u00e9 que sair\u00e1\u201d<\/strong>. Acredita que o CEO j\u00e1 tenha colocado \u201cum quadro temporal\u201d para a sua eventual sa\u00edda e que, mesmo com \u201ctoda esta movimenta\u00e7\u00e3o\u201d, j\u00e1<strong> \u201cter\u00e1 discutido internamente\u201d<\/strong> o tema com a equipa. Independentemente da altura, Jer\u00f3nimo n\u00e3o acredita que Cook \u201cdeixe completamente a empresa\u201d, sugerindo uma posi\u00e7\u00e3o de \u201cchairman do board para continuar a dar apoio \u00e0 empresa\u201d. Arthur D. Levinson, o atual chairman da Apple e tamb\u00e9m CEO do laborat\u00f3rio de biotecnologia Calico, tem 75 anos.<\/p>\n<p>N\u00e3o \u00e9 de agora que se fala de uma poss\u00edvel lista de candidatos a ocupar o lugar de CEO da Apple. Nas listas feitas pela imprensa especializada, figuram os nomes de v\u00e1rios executivos da tecnol\u00f3gica. Francisco Jer\u00f3nimo, da IDC, considera ser <strong>\u201cmuito prov\u00e1vel que a solu\u00e7\u00e3o seja um candidato interno\u201d<\/strong>.<\/p>\n<p>A ser uma solu\u00e7\u00e3o interna, \u201ccom forte conhecimento da empresa, provavelmente manter-se-\u00e1 durante uma d\u00e9cada facilmente\u201d no cargo. \u201cSe n\u00e3o for, h\u00e1 sempre o risco de n\u00e3o conseguir perceber a cultura da empresa e n\u00e3o durar tanto tempo\u201d, acrescenta.<\/p>\n","protected":false},"excerpt":{"rendered":"Certo \u00e9 que as mudan\u00e7as na casa da ma\u00e7\u00e3 tamb\u00e9m deram novo f\u00f4lego \u00e0s conversas sobre a sucess\u00e3o&hellip;\n","protected":false},"author":2,"featured_media":197449,"comment_status":"","ping_status":"","sticky":false,"template":"","format":"standard","meta":{"footnotes":""},"categories":[83],"tags":[247,88,476,89,90,32,33,110,5006],"class_list":{"0":"post-197448","1":"post","2":"type-post","3":"status-publish","4":"format-standard","5":"has-post-thumbnail","7":"category-empresas","8":"tag-apple","9":"tag-business","10":"tag-economia","11":"tag-economy","12":"tag-empresas","13":"tag-portugal","14":"tag-pt","15":"tag-tecnologia","16":"tag-tim-cook"},"share_on_mastodon":{"url":"https:\/\/pubeurope.com\/@pt\/115759047155687951","error":""},"_links":{"self":[{"href":"https:\/\/www.europesays.com\/pt\/wp-json\/wp\/v2\/posts\/197448","targetHints":{"allow":["GET"]}}],"collection":[{"href":"https:\/\/www.europesays.com\/pt\/wp-json\/wp\/v2\/posts"}],"about":[{"href":"https:\/\/www.europesays.com\/pt\/wp-json\/wp\/v2\/types\/post"}],"author":[{"embeddable":true,"href":"https:\/\/www.europesays.com\/pt\/wp-json\/wp\/v2\/users\/2"}],"replies":[{"embeddable":true,"href":"https:\/\/www.europesays.com\/pt\/wp-json\/wp\/v2\/comments?post=197448"}],"version-history":[{"count":0,"href":"https:\/\/www.europesays.com\/pt\/wp-json\/wp\/v2\/posts\/197448\/revisions"}],"wp:featuredmedia":[{"embeddable":true,"href":"https:\/\/www.europesays.com\/pt\/wp-json\/wp\/v2\/media\/197449"}],"wp:attachment":[{"href":"https:\/\/www.europesays.com\/pt\/wp-json\/wp\/v2\/media?parent=197448"}],"wp:term":[{"taxonomy":"category","embeddable":true,"href":"https:\/\/www.europesays.com\/pt\/wp-json\/wp\/v2\/categories?post=197448"},{"taxonomy":"post_tag","embeddable":true,"href":"https:\/\/www.europesays.com\/pt\/wp-json\/wp\/v2\/tags?post=197448"}],"curies":[{"name":"wp","href":"https:\/\/api.w.org\/{rel}","templated":true}]}}