{"id":197450,"date":"2025-12-21T18:48:28","date_gmt":"2025-12-21T18:48:28","guid":{"rendered":"https:\/\/www.europesays.com\/pt\/197450\/"},"modified":"2025-12-21T18:48:28","modified_gmt":"2025-12-21T18:48:28","slug":"justica-tira-sexta-crianca-de-acampamento-em-gaia-onde-a-vida-e-uma-luta-doentia","status":"publish","type":"post","link":"https:\/\/www.europesays.com\/pt\/197450\/","title":{"rendered":"Justi\u00e7a tira sexta crian\u00e7a de acampamento em Gaia &#8220;onde a vida \u00e9 uma luta doentia&#8221;"},"content":{"rendered":"<p data-remotead-prev-elm=\"true\" data-remotead-elm-id=\"inread\">No cruzamento que une a Rua do Rio Velho \u00e0 Rua do Canitel, em Grij\u00f3, Vila Nova de Gaia, sobressai uma moradia luxuosa, rodeada de palmeiras tropicais, plantadas num jardim que se adivinha frondoso. Em frente, n\u00e3o h\u00e1 habita\u00e7\u00f5es, s\u00f3 eucaliptos numa mata de vegeta\u00e7\u00e3o alta e densa, que cega quem espreita. E que esconde um tortuoso caminho de terra que se enfia pela floresta.<\/p>\n","protected":false},"excerpt":{"rendered":"No cruzamento que une a Rua do Rio Velho \u00e0 Rua do Canitel, em Grij\u00f3, Vila Nova de&hellip;\n","protected":false},"author":2,"featured_media":197451,"comment_status":"","ping_status":"","sticky":false,"template":"","format":"standard","meta":{"footnotes":""},"categories":[10],"tags":[39466,27,28,15,16,9684,39467,14,603,25,26,21,22,12,13,19,20,32,23,24,33,17,18,29,30,31],"class_list":{"0":"post-197450","1":"post","2":"type-post","3":"status-publish","4":"format-standard","5":"has-post-thumbnail","7":"category-portugal","8":"tag-acampamento","9":"tag-breaking-news","10":"tag-breakingnews","11":"tag-featured-news","12":"tag-featurednews","13":"tag-gaia","14":"tag-grijo","15":"tag-headlines","16":"tag-justica","17":"tag-latest-news","18":"tag-latestnews","19":"tag-main-news","20":"tag-mainnews","21":"tag-news","22":"tag-noticias","23":"tag-noticias-principais","24":"tag-noticiasprincipais","25":"tag-portugal","26":"tag-principais-noticias","27":"tag-principaisnoticias","28":"tag-pt","29":"tag-top-stories","30":"tag-topstories","31":"tag-ultimas","32":"tag-ultimas-noticias","33":"tag-ultimasnoticias"},"share_on_mastodon":{"url":"https:\/\/pubeurope.com\/@pt\/115759055181632607","error":""},"_links":{"self":[{"href":"https:\/\/www.europesays.com\/pt\/wp-json\/wp\/v2\/posts\/197450","targetHints":{"allow":["GET"]}}],"collection":[{"href":"https:\/\/www.europesays.com\/pt\/wp-json\/wp\/v2\/posts"}],"about":[{"href":"https:\/\/www.europesays.com\/pt\/wp-json\/wp\/v2\/types\/post"}],"author":[{"embeddable":true,"href":"https:\/\/www.europesays.com\/pt\/wp-json\/wp\/v2\/users\/2"}],"replies":[{"embeddable":true,"href":"https:\/\/www.europesays.com\/pt\/wp-json\/wp\/v2\/comments?post=197450"}],"version-history":[{"count":0,"href":"https:\/\/www.europesays.com\/pt\/wp-json\/wp\/v2\/posts\/197450\/revisions"}],"wp:featuredmedia":[{"embeddable":true,"href":"https:\/\/www.europesays.com\/pt\/wp-json\/wp\/v2\/media\/197451"}],"wp:attachment":[{"href":"https:\/\/www.europesays.com\/pt\/wp-json\/wp\/v2\/media?parent=197450"}],"wp:term":[{"taxonomy":"category","embeddable":true,"href":"https:\/\/www.europesays.com\/pt\/wp-json\/wp\/v2\/categories?post=197450"},{"taxonomy":"post_tag","embeddable":true,"href":"https:\/\/www.europesays.com\/pt\/wp-json\/wp\/v2\/tags?post=197450"}],"curies":[{"name":"wp","href":"https:\/\/api.w.org\/{rel}","templated":true}]}}