{"id":197454,"date":"2025-12-21T18:50:10","date_gmt":"2025-12-21T18:50:10","guid":{"rendered":"https:\/\/www.europesays.com\/pt\/197454\/"},"modified":"2025-12-21T18:50:10","modified_gmt":"2025-12-21T18:50:10","slug":"pai-de-6-juliano-cazarre-revela-se-possui-planos-de-aumentar-a-familia-acho-que","status":"publish","type":"post","link":"https:\/\/www.europesays.com\/pt\/197454\/","title":{"rendered":"Pai de 6, Juliano Cazarr\u00e9 revela se possui planos de aumentar a fam\u00edlia: &#8216;Acho que&#8230;&#8217;"},"content":{"rendered":"<p>O ator <a href=\"https:\/\/caras.com.br\/tags\/juliano-cazarre\" rel=\"nofollow noopener\" target=\"_blank\"><strong>Juliano Cazarr\u00e9<\/strong><\/a> abriu o cora\u00e7\u00e3o ao falar sobre a paternidade. Pai de seis filhos, o artista, que est\u00e1 no ar atualmente em \u2018<a href=\"https:\/\/caras.com.br\/tags\/tres-gracas\" rel=\"nofollow noopener\" target=\"_blank\">Tr\u00eas Gra\u00e7as<\/a>\u2018, da TV Globo, revelou que encara o t\u00edtulo de pai como uma miss\u00e3o de vida.<\/p>\n<p>Em entrevista ao \u2018Extra\u2019, Cazarr\u00e9 explicou que exercita diariamente a paci\u00eancia, uma vez que precisa se doar aos seis herdeiros, frutos do casamento com <a href=\"https:\/\/caras.com.br\/tags\/leticia-cazarre\" rel=\"nofollow noopener\" target=\"_blank\"><strong>Leticia Cazarr\u00e9<\/strong><\/a>. \u201cSer pai \u00e9 ter esp\u00edrito de doa\u00e7\u00e3o. \u00c9 um desafio, principalmente de paci\u00eancia\u201c, declarou ele.<\/p>\n<p>O ator ainda destacou o quanto a rotina da fam\u00edlia \u00e9 agitada: \u201c\u00c9 dif\u00edcil muita gente falando o tempo inteiro, muito barulho, bagun\u00e7a, as coisas somem, ningu\u00e9m sabe quem pegou. \u00c0s vezes fico mais bravo do que deveria. Voc\u00ea tem que ver meus carrinhos de compra. Quando vou ao mercado, \u00e9 uma atividade. Levo um fone de ouvido, pego aquele carrinho de dono de restaurante e boto 36 caixinhas de leite, sac\u00e3o de lim\u00e3o, de laranja, 2kg de tomate\u2026 \u00c9 sinistro\u201c, explicou.<\/p>\n<p>Em seguida, Juliano Cazarr\u00e9 revelou se ele e a esposa desejam aumentar ainda mais a fam\u00edlia. De acordo com o int\u00e9rprete de Jorginho da novela das nove, o casal n\u00e3o planeja a chegada de um s\u00e9timo herdeiro por enquanto, mas tamb\u00e9m n\u00e3o descarta a possibilidade de ter mais um filho futuramente.<\/p>\n<p>\u201cAcho que \u00e9 capaz de vir [mais um filho]. N\u00e3o estamos querendo agora porque a Let\u00edcia voltou a trabalhar, est\u00e1 com uma empresa de mentoria\u2026 Mas tenho a impress\u00e3o de que ainda teremos mais um Cazarrezinho a\u00ed\u201c, contou Juliano Cazarr\u00e9.<\/p>\n<p> <img loading=\"lazy\" decoding=\"async\" class=\"size-full wp-image-1048194 img-fluid lazy\" alt=\"Juliano Cazarr\u00e9 e Leticia s\u00e3o pais de 6 filhos - Foto: Reprodu\u00e7\u00e3o \/ Instagram @leticiacazarre @sirleideteixeira.fotografia\" width=\"1080\" height=\"722\" src=\"https:\/\/www.europesays.com\/pt\/wp-content\/uploads\/2025\/12\/filhos-juliano-cazarre.jpg\"  \/>Juliano Cazarr\u00e9 e Leticia s\u00e3o pais de 6 filhos \u2013 Foto: Reprodu\u00e7\u00e3o \/ Instagram @leticiacazarre @sirleideteixeira.fotografia Fam\u00edlia grande n\u00e3o foi planejada <\/p>\n<p>Ainda em entrevista ao \u2018Extra\u2019, Juliano Cazarr\u00e9 explicou que ele e Leticia Cazarr\u00e9 n\u00e3o planejaram uma grande fam\u00edlia no in\u00edcio da rela\u00e7\u00e3o. O casal, no entanto, foi agraciado com a chegada dos herdeiros em um curto espa\u00e7o de tempo.<\/p>\n<p>\u201cA gente n\u00e3o sabia que teria uma fam\u00edlia numerosa. Isso aconteceu naturalmente, mas tamb\u00e9m de maneira muito r\u00e1pida. Tivemos quatro filhos em seis anos. A gente entendeu que isso era um chamado da Igreja Cat\u00f3lica. Foi p\u00e1-pum, n\u00e9? Brincou, nasceu\u201c, declarou o ator.<\/p>\n<p>\u201cAgora, com seis filhos, a coisa j\u00e1 est\u00e1 mais complexa. Neste momento, a gente quer espa\u00e7ar a pr\u00f3xima gesta\u00e7\u00e3o, tentando n\u00e3o engravidar da maneira como a Igreja Cat\u00f3lica fala que pode. A gente vive a castidade no per\u00edodo f\u00e9rtil\u201c, acrescentou Juliano Cazarr\u00e9, por fim.<\/p>\n<p>Vale lembrar que Cazarr\u00e9 assumiu a paternidade de <strong>Vicente<\/strong>, filho mais velho de Leticia Cazarr\u00e9. A companheira do ator estava gr\u00e1vida do menino na \u00e9poca em que os dois iniciaram o namoro.<\/p>\n<p>Al\u00e9m de Vicente, que \u00e9 o primog\u00eanito, Juliano Cazarr\u00e9 e Leticia tamb\u00e9m s\u00e3o pais de <strong>In\u00e1cio<\/strong>, <strong>Gaspar<\/strong>, <strong>Maria Madalena<\/strong>, <strong>Maria Guilhermina<\/strong> e <strong>Est\u00eav\u00e3o<\/strong>, o ca\u00e7ula da fam\u00edlia.<\/p>\n<p><strong>Leia tamb\u00e9m<\/strong>: <a href=\"https:\/\/caras.com.br\/atualidades\/juliano-cazarre-reage-a-comentario-sobre-descansar-a-imagem-trabalhar-sem-parar.phtml\" rel=\"nofollow noopener\" target=\"_blank\">Juliano Cazarr\u00e9 reage a coment\u00e1rio sobre \u2018descansar a imagem\u2019: \u2018Trabalhar sem parar\u2019<\/a><\/p>\n<p>\t <img loading=\"lazy\" decoding=\"async\" class=\"size-full wp-image-1048195 img-fluid lazy\" alt=\"Juliano Cazarr\u00e9 com 5 dos 6 filhos - Foto: Reprodu\u00e7\u00e3o \/ Instagram @leticiacazarre\" width=\"852\" height=\"1130\" src=\"https:\/\/www.europesays.com\/pt\/wp-content\/uploads\/2025\/12\/filhos-de-juliano-cazarre.jpg\"  \/>Juliano Cazarr\u00e9 com 5 dos 6 filhos \u2013 Foto: Reprodu\u00e7\u00e3o \/ Instagram @leticiacazarre <img loading=\"lazy\" decoding=\"async\" class=\"size-full wp-image-933231 img-fluid lazy\" alt=\"Juliano Cazarr\u00e9, Let\u00edcia Cazarr\u00e9 e os filhos\" width=\"1920\" height=\"1080\" src=\"https:\/\/www.europesays.com\/pt\/wp-content\/uploads\/2025\/12\/juliano-cazarre.jpg\"\/>Juliano Cazarr\u00e9, Let\u00edcia Cazarr\u00e9 e os filhos \u2013 Foto: Reprodu\u00e7\u00e3o\/Instagram<\/p>\n<p>        <a href=\"https:\/\/caras.com.br\/autor\/rafaela-oliveira\" rel=\"nofollow noopener\" target=\"_blank\">&#13;<br \/>\n          <img alt=\"Rafaela Oliveira\" src=\"https:\/\/www.europesays.com\/pt\/wp-content\/uploads\/2025\/12\/1766343010_241_49f5322875970d1e29e5ff2c3d4db4418044337871973cc6a09a25acab0e8ff7\"  class=\"avatar avatar-115 photo rounded-circle mr-3\" height=\"115\" width=\"115\" loading=\"lazy\" decoding=\"async\"\/>        <\/a><\/p>\n<p>        <strong>Rafaela Oliveira<\/strong> \u00e9 rep\u00f3rter de conte\u00fado do site CARAS. Formada em jornalismo, j\u00e1 passou por sites como MaisNovela, Portal M\u00e1rcia Piovesan, Purepeople Brasil e Jornal O Dia. Escreve sobre celebridades, TV e reality show. (email: <a href=\"https:\/\/caras.com.br\/cdn-cgi\/l\/email-protection\" class=\"__cf_email__\" data-cfemail=\"e79585888b8e91828e9586b884888b8685a78486958694c984888ac98595\" rel=\"nofollow noopener\" target=\"_blank\">[email\u00a0protected]<\/a>)<\/p>\n<ul class=\"terms-list post_tag list-inline\">\n<li class=\"juliano-cazarre list-inline-item\">\n\t\t\t\t\t<a href=\"https:\/\/caras.com.br\/tags\/juliano-cazarre\" class=\"item-category\" rel=\"nofollow noopener\" target=\"_blank\">Juliano Cazarr\u00e9<\/a>\n\t\t\t\t<\/li>\n<li class=\"leticia-cazarre list-inline-item\">\n\t\t\t\t\t<a href=\"https:\/\/caras.com.br\/tags\/leticia-cazarre\" class=\"item-category\" rel=\"nofollow noopener\" target=\"_blank\">Leticia Cazarr\u00e9<\/a>\n\t\t\t\t<\/li>\n<\/ul>\n","protected":false},"excerpt":{"rendered":"O ator Juliano Cazarr\u00e9 abriu o cora\u00e7\u00e3o ao falar sobre a paternidade. Pai de seis filhos, o artista,&hellip;\n","protected":false},"author":2,"featured_media":197455,"comment_status":"","ping_status":"","sticky":false,"template":"","format":"standard","meta":{"footnotes":""},"categories":[145],"tags":[211,210,114,115,4382,15394,32,33],"class_list":{"0":"post-197454","1":"post","2":"type-post","3":"status-publish","4":"format-standard","5":"has-post-thumbnail","7":"category-celebridades","8":"tag-celebridades","9":"tag-celebrities","10":"tag-entertainment","11":"tag-entretenimento","12":"tag-juliano-cazarre","13":"tag-leticia-cazarre","14":"tag-portugal","15":"tag-pt"},"share_on_mastodon":{"url":"https:\/\/pubeurope.com\/@pt\/115759063268520039","error":""},"_links":{"self":[{"href":"https:\/\/www.europesays.com\/pt\/wp-json\/wp\/v2\/posts\/197454","targetHints":{"allow":["GET"]}}],"collection":[{"href":"https:\/\/www.europesays.com\/pt\/wp-json\/wp\/v2\/posts"}],"about":[{"href":"https:\/\/www.europesays.com\/pt\/wp-json\/wp\/v2\/types\/post"}],"author":[{"embeddable":true,"href":"https:\/\/www.europesays.com\/pt\/wp-json\/wp\/v2\/users\/2"}],"replies":[{"embeddable":true,"href":"https:\/\/www.europesays.com\/pt\/wp-json\/wp\/v2\/comments?post=197454"}],"version-history":[{"count":0,"href":"https:\/\/www.europesays.com\/pt\/wp-json\/wp\/v2\/posts\/197454\/revisions"}],"wp:featuredmedia":[{"embeddable":true,"href":"https:\/\/www.europesays.com\/pt\/wp-json\/wp\/v2\/media\/197455"}],"wp:attachment":[{"href":"https:\/\/www.europesays.com\/pt\/wp-json\/wp\/v2\/media?parent=197454"}],"wp:term":[{"taxonomy":"category","embeddable":true,"href":"https:\/\/www.europesays.com\/pt\/wp-json\/wp\/v2\/categories?post=197454"},{"taxonomy":"post_tag","embeddable":true,"href":"https:\/\/www.europesays.com\/pt\/wp-json\/wp\/v2\/tags?post=197454"}],"curies":[{"name":"wp","href":"https:\/\/api.w.org\/{rel}","templated":true}]}}