{"id":197464,"date":"2025-12-21T19:01:34","date_gmt":"2025-12-21T19:01:34","guid":{"rendered":"https:\/\/www.europesays.com\/pt\/197464\/"},"modified":"2025-12-21T19:01:34","modified_gmt":"2025-12-21T19:01:34","slug":"tudo-o-que-ja-sabemos-sobre-o-dreame-e1-2","status":"publish","type":"post","link":"https:\/\/www.europesays.com\/pt\/197464\/","title":{"rendered":"tudo o que j\u00e1 sabemos sobre o Dreame E1"},"content":{"rendered":"<p>Passatempo<a href=\"https:\/\/www.maistecnologia.com\/passatempo-de-natal-ganha-um-monitor-aoc-25g4sxu\/\" rel=\"nofollow noopener\" target=\"_blank\"><img decoding=\"async\" src=\"https:\/\/www.europesays.com\/pt\/wp-content\/uploads\/2025\/12\/passatempo-de-natal-ganha-um-monitor-aoc-25g4sxu-maistecnologia.com-1.jpg\" alt=\"passatempo\" width=\"100%\"\/><\/a><\/p>\n<p style=\"text-align: justify;\">Durante anos, a Dreame habituou-nos a ver os seus log\u00f3tipos colados a robots aspiradores, purificadores de ar e secadores de cabelo, sendo que tiv\u00e9mos 2 produtos oferecido no Passatempo, o <a href=\"https:\/\/www.maistecnologia.com\/passatempo-de-natal-ganha-um-dreame-l10s-ultra-gen-2\/\" target=\"_blank\" rel=\"noopener nofollow\">Dreame L10s Ultra Gen 2<\/a>, e outro que ainda vai ser conhecido em breve. A marca chinesa construiu reputa\u00e7\u00e3o na casa inteligente e at\u00e9 no segmento de beauty, mas 2025 trouxe uma reviravolta: a estreia no universo dos smartphones.<\/p>\n<p style=\"text-align: justify;\">O primeiro modelo, conhecido internamente como Dreame E1 (W5110), surgiu em registos oficiais europeus, deixando pouca margem para d\u00favidas sobre a sua chegada ao nosso mercado. E, pelo que j\u00e1 se sabe, n\u00e3o ser\u00e1 apenas um \u201cteste de \u00e1guas\u201d.<\/p>\n<p>Ecr\u00e3 AMOLED e c\u00e2maras que querem palco<\/p>\n<p style=\"text-align: justify;\">O Dreame E1 dever\u00e1 apostar num painel AMOLED de 6,67 polegadas, um formato que se tornou o \u201csweet spot\u201d para quem quer um ecr\u00e3 grande sem ultrapassar a barreira do desconforto. A utiliza\u00e7\u00e3o de AMOLED sugere pretos profundos, maior efici\u00eancia energ\u00e9tica em conte\u00fados escuros e compatibilidade com taxas de atualiza\u00e7\u00e3o elevadas \u2014 ainda que a frequ\u00eancia espec\u00edfica n\u00e3o esteja confirmada.<\/p>\n<p style=\"text-align: justify;\">No cap\u00edtulo fotogr\u00e1fico, a proposta \u00e9 ambiciosa para um primeiro esfor\u00e7o: c\u00e2mara principal de 108 MP, acompanhada por um conjunto de sensores de apoio onde se incluem um m\u00f3dulo macro de 2 MP e um sensor de profundidade de 2 MP. A surpresa maior surge \u00e0 frente, com uma c\u00e2mara de 50 MP para selfies e videochamadas, uma escolha que normalmente s\u00f3 vemos em equipamentos orientados para criadores de conte\u00fado. Se a afina\u00e7\u00e3o de software estiver \u00e0 altura, h\u00e1 aqui margem para fotos detalhadas e recorte de retratos consistente, tanto de dia como \u00e0 noite.<\/p>\n<p style=\"text-align: justify;\"><img fetchpriority=\"high\" decoding=\"async\" class=\"aligncenter size-full wp-image-286006\" src=\"data:image\/svg+xml,%3Csvg%20xmlns=\" http:=\"\" alt=\"\" width=\"1024\" height=\"585\" data-lazy- data-lazy- data-lazy-src=\"https:\/\/www.europesays.com\/pt\/wp-content\/uploads\/2025\/12\/especificacoes-do-primeiro-smartphone-da-dreame-vazam-chega-a-europa-maistecnologia.com-1.jpg\"\/><\/p>\n<p>Bateria para um dia inteiro e um carregamento mais conservador<\/p>\n<p style=\"text-align: justify;\">A autonomia fica a cargo de uma bateria de 5.000 mAh, valor que, aliado ao ecr\u00e3 AMOLED, dever\u00e1 garantir um dia de utiliza\u00e7\u00e3o sem sobressaltos para a maioria dos utilizadores. No carregamento, a Dreame parece jogar pelo seguro com 33 W por cabo \u2014 suficiente para n\u00e3o nos deixar agarrados \u00e0 tomada, mas abaixo do que muitos rivais de gama m\u00e9dia j\u00e1 oferecem.<\/p>\n<p style=\"text-align: justify;\">A contrapartida? Um foco claro na sa\u00fade da bateria a longo prazo: os dados apontam para at\u00e9 800 ciclos mantendo 80% da capacidade, um n\u00famero que supera a m\u00e9dia do setor e que interessa a quem planeia manter o telefone durante v\u00e1rios anos.<\/p>\n<p>Efici\u00eancia energ\u00e9tica e reparabilidade com selo europeu<\/p>\n<p style=\"text-align: justify;\">O nome do Dreame E1 n\u00e3o apareceu apenas em rumores: foi referenciado na base EPREL, a plataforma da Uni\u00e3o Europeia que classifica efici\u00eancia e reparabilidade. O r\u00f3tulo associado ao equipamento indica classifica\u00e7\u00e3o A em efici\u00eancia energ\u00e9tica e B em resist\u00eancia a quedas e facilidade de repara\u00e7\u00e3o.<\/p>\n<p style=\"text-align: justify;\">Para o consumidor, isto traduz-se em duas mensagens importantes. Primeiro, o telefone foi desenhado para ser frugal no consumo, algo que se alia bem \u00e0 bateria de grande capacidade. Segundo, a estrutura e o design interno foram pensados para resistir e permitir interven\u00e7\u00f5es t\u00e9cnicas com menor complexidade, o que reduz o custo de manuten\u00e7\u00e3o e prolonga a vida \u00fatil do produto.<\/p>\n<p>Conectividade completa e pequenos luxos que raramente vemos<\/p>\n<p style=\"text-align: justify;\">Num mercado que vai sacrificando portas e fun\u00e7\u00f5es em nome da \u201climpeza\u201d do design, a Dreame segue um caminho agrad\u00e1vel para quem valoriza versatilidade. O E1 dever\u00e1 chegar com 5G, NFC para pagamentos e emparelhamentos r\u00e1pidos, leitor de impress\u00f5es digitais sob o ecr\u00e3 e classifica\u00e7\u00e3o IP64 contra poeiras e salpicos.<\/p>\n<p style=\"text-align: justify;\">Mas h\u00e1 mais: mant\u00e9m a entrada de \u00e1udio de 3,5 mm e r\u00e1dio integrada, duas funcionalidades cada vez mais raras e que continuam a fazer sentido em cen\u00e1rios concretos \u2014 desde usar auscultadores com fio com lat\u00eancia nula at\u00e9 ouvir informa\u00e7\u00e3o local sem depender de dados m\u00f3veis.<\/p>\n<p>Processador, pre\u00e7o e estrat\u00e9gia: as interroga\u00e7\u00f5es que faltam responder<\/p>\n<p style=\"text-align: justify;\">Faltam pe\u00e7as-chave no puzzle. O chipset permanece um mist\u00e9rio, assim como as variantes de mem\u00f3ria e o pre\u00e7o para a Europa. Sem estas coordenadas, \u00e9 dif\u00edcil posicionar o Dreame E1 face \u00e0 concorr\u00eancia direta. Ainda assim, o conjunto de especifica\u00e7\u00f5es indica que a marca n\u00e3o quer aterrar no segmento de entrada; mira antes a gama m\u00e9dia com argumentos s\u00f3lidos: ecr\u00e3 AMOLED, fotografia com n\u00fameros que chamam a aten\u00e7\u00e3o, autonomia competente e uma lista de extras que acrescenta valor real no dia a dia.<\/p>\n<p style=\"text-align: justify;\">Uma nota adicional merece a nova assinatura \u201cDreame Space\u201d, que poder\u00e1 ser a bandeira escolhida para este cap\u00edtulo mobile. Se se confirmar, faz sentido do ponto de vista de marketing: separar a hist\u00f3ria de aspiradores e pequenos eletrodom\u00e9sticos de uma aventura que exige outro ritmo, outras parcerias e ciclos de atualiza\u00e7\u00e3o pr\u00f3prios do mercado dos smartphones.<\/p>\n<p>Expetativa para o Dreame E1<\/p>\n<p style=\"text-align: justify;\">O Dreame E1 desenha-se como um smartphone pragm\u00e1tico, feito para quem quer um ecr\u00e3 de qualidade, boas selfies e autonomia fi\u00e1vel, sem abdicar de elementos pr\u00e1ticos como o jack de 3,5 mm ou a prote\u00e7\u00e3o contra salpicos. A estrat\u00e9gia de optar por 33 W poder\u00e1 ser vista como conservadora, mas a aposta na longevidade da bateria e na efici\u00eancia pode conquistar quem privilegia durabilidade. Se o pre\u00e7o for competitivo e o processador acompanhar \u2014 com um foco em efici\u00eancia e conectividade, claro \u2014 a estreia da Dreame no mobile tem tudo para ser mais do que um exerc\u00edcio de branding.<\/p>\n<p style=\"text-align: justify;\">Para j\u00e1, ficamos atentos \u00e0 apresenta\u00e7\u00e3o oficial. O registo europeu \u00e9 um sinal claro: o lan\u00e7amento na UE est\u00e1 no horizonte. Resta saber quando, por quanto e com que ambi\u00e7\u00f5es a Dreame pretende conquistar espa\u00e7o num mercado onde os detalhes fazem toda a diferen\u00e7a.<\/p>\n<p style=\"text-align: justify;\">Fonte: <a href=\"https:\/\/eprel.ec.europa.eu\/screen\/product\/smartphonestablets20231669\/2563002\" target=\"_blank\" rel=\"noopener nofollow\">EPREL<\/a> e\u00a0<a href=\"https:\/\/en.shiftdelete.net\/from-robot-vacuum-cleaner-to-phone-dreame-e1-specifications-leaked\/\" target=\"_blank\" rel=\"noopener nofollow\">shiftdelete<\/a><\/p>\n","protected":false},"excerpt":{"rendered":"Passatempo Durante anos, a Dreame habituou-nos a ver os seus log\u00f3tipos colados a robots aspiradores, purificadores de ar&hellip;\n","protected":false},"author":2,"featured_media":197014,"comment_status":"","ping_status":"","sticky":false,"template":"","format":"standard","meta":{"footnotes":""},"categories":[84],"tags":[39413,39414,39415,39416,17359,39417,2851,39418,109,107,108,39419,39420,13442,39421,445,39422,39423,39424,39425,32,33,39426,105,103,104,1007,106,110,39427],"class_list":{"0":"post-197464","1":"post","2":"type-post","3":"status-publish","4":"format-standard","5":"has-post-thumbnail","7":"category-ciencia-e-tecnologia","8":"tag-108-mp","9":"tag-33-w","10":"tag-5-mm","11":"tag-50-mp-selfie","12":"tag-5g","13":"tag-amoled","14":"tag-android","15":"tag-bateria-5000-mah","16":"tag-ciencia","17":"tag-ciencia-e-tecnologia","18":"tag-cienciaetecnologia","19":"tag-dreame-e1","20":"tag-dreame-space","21":"tag-eficiencia-energetica","22":"tag-eprel","23":"tag-europa","24":"tag-gama-media","25":"tag-ip64","26":"tag-jack-3","27":"tag-nfc","28":"tag-portugal","29":"tag-pt","30":"tag-reparabilidade","31":"tag-science","32":"tag-science-and-technology","33":"tag-scienceandtechnology","34":"tag-smartphone","35":"tag-technology","36":"tag-tecnologia","37":"tag-tecnologia-movel"},"share_on_mastodon":{"url":"https:\/\/pubeurope.com\/@pt\/115759106583318109","error":""},"_links":{"self":[{"href":"https:\/\/www.europesays.com\/pt\/wp-json\/wp\/v2\/posts\/197464","targetHints":{"allow":["GET"]}}],"collection":[{"href":"https:\/\/www.europesays.com\/pt\/wp-json\/wp\/v2\/posts"}],"about":[{"href":"https:\/\/www.europesays.com\/pt\/wp-json\/wp\/v2\/types\/post"}],"author":[{"embeddable":true,"href":"https:\/\/www.europesays.com\/pt\/wp-json\/wp\/v2\/users\/2"}],"replies":[{"embeddable":true,"href":"https:\/\/www.europesays.com\/pt\/wp-json\/wp\/v2\/comments?post=197464"}],"version-history":[{"count":0,"href":"https:\/\/www.europesays.com\/pt\/wp-json\/wp\/v2\/posts\/197464\/revisions"}],"wp:featuredmedia":[{"embeddable":true,"href":"https:\/\/www.europesays.com\/pt\/wp-json\/wp\/v2\/media\/197014"}],"wp:attachment":[{"href":"https:\/\/www.europesays.com\/pt\/wp-json\/wp\/v2\/media?parent=197464"}],"wp:term":[{"taxonomy":"category","embeddable":true,"href":"https:\/\/www.europesays.com\/pt\/wp-json\/wp\/v2\/categories?post=197464"},{"taxonomy":"post_tag","embeddable":true,"href":"https:\/\/www.europesays.com\/pt\/wp-json\/wp\/v2\/tags?post=197464"}],"curies":[{"name":"wp","href":"https:\/\/api.w.org\/{rel}","templated":true}]}}