{"id":197467,"date":"2025-12-21T19:04:23","date_gmt":"2025-12-21T19:04:23","guid":{"rendered":"https:\/\/www.europesays.com\/pt\/197467\/"},"modified":"2025-12-21T19:04:23","modified_gmt":"2025-12-21T19:04:23","slug":"centro-de-limpeza-de-neve-da-serra-da-estrela-reforcado-com-tres-novos-limpa-neves","status":"publish","type":"post","link":"https:\/\/www.europesays.com\/pt\/197467\/","title":{"rendered":"Centro de Limpeza de Neve da Serra da Estrela refor\u00e7ado com tr\u00eas novos limpa-neves"},"content":{"rendered":"<p>Frota passa a contar com nove limpa-neves e tr\u00eas rotativas.<\/p>\n<p>A Infraestruturas de Portugal (IP) refor\u00e7ou a frota de limpa-neves na Serra da Estrela com a aquisi\u00e7\u00e3o de tr\u00eas novas viaturas para o Centro de Limpeza de Neve dos Piornos, no concelho da Covilh\u00e3.<\/p>\n<p class=\"text-paragraph\">\u201cEstes tr\u00eas limpa-neves representam um investimento total de cerca de 750 mil euros, enquadrado no processo de renova\u00e7\u00e3o da frota que a IP tem vindo a desenvolver nos \u00faltimos anos\u201d, adianta a empresa em comunicado enviado \u00e0 ag\u00eancia Lusa.<\/p>\n<p class=\"text-paragraph\">Com esta integra\u00e7\u00e3o, a frota do Centro de Limpeza de Neve (CLN) da Serra da Estrela passa a contar com nove limpa-neves e tr\u00eas rotativas, o que garante \u201celevados n\u00edveis de disponibilidade e prontid\u00e3o operacional nas interven\u00e7\u00f5es de limpeza e desobstru\u00e7\u00e3o das estradas, com o objetivo de assegurar a circula\u00e7\u00e3o e a seguran\u00e7a rodovi\u00e1ria durante o Inverno\u201d.<\/p>\n<p class=\"text-paragraph\">O CLN dos Piornos, no concelho da Covilh\u00e3, distrito de Castelo Branco, est\u00e1 situado a 1.650 metros de altitude, junto \u00e0 Estrada Nacional (EN) 339, e funciona, no Inverno, 24 horas por dia nos sete dias da semana com \u201cmeios humanos e equipamentos apropriados \u00e0s condi\u00e7\u00f5es espec\u00edficas\u201d da Serra da Estrela.<\/p>\n<p class=\"text-paragraph\">A IP lembra que o CLN opera numa rede rodovi\u00e1ria de montanha \u201capenas a 100 quil\u00f3metros do Atl\u00e2ntico, sem qualquer barreira montanhosa que a salvaguarde dos ventos cicl\u00f3nicos e h\u00famidos\u201d.<\/p>\n<p class=\"text-paragraph\">S\u00e3o estas caracter\u00edsticas que geram neve \u201cmuito densa e com um grau de humidade elevado e, por isso, de superior dificuldade de remo\u00e7\u00e3o\u201d.<\/p>\n<p class=\"text-paragraph\">\u201cO CLN, em coordena\u00e7\u00e3o com as diversas entidades, d\u00e1 resposta \u00e0s exig\u00eancias dos rigorosos invernos que se fazem sentir no maci\u00e7o central, garantindo a seguran\u00e7a dos utentes das vias e de todos os turistas que habitualmente ali se deslocam\u201d, assegura a empresa.<\/p>\n<p class=\"text-paragraph\">O Centro de Limpeza de Neve tem por miss\u00e3o a aplica\u00e7\u00e3o preventiva de sal-gema nas estradas onde, previsivelmente, se verificar\u00e1 a forma\u00e7\u00e3o de gelo, bem como a cont\u00ednua circula\u00e7\u00e3o dos limpa-neves para desimpedimento das vias de acesso \u00e0 Serra da Estrela<\/p>\n<p class=\"text-paragraph\">Compete ainda aos seus profissionais prestar \u201caux\u00edlio aos automobilistas que possam ficar retidos por uma repentina e forte altera\u00e7\u00e3o das condi\u00e7\u00f5es de circula\u00e7\u00e3o\u201d, refere a IP.<\/p>\n","protected":false},"excerpt":{"rendered":"Frota passa a contar com nove limpa-neves e tr\u00eas rotativas. A Infraestruturas de Portugal (IP) refor\u00e7ou a frota&hellip;\n","protected":false},"author":2,"featured_media":197468,"comment_status":"","ping_status":"","sticky":false,"template":"","format":"standard","meta":{"footnotes":""},"categories":[10],"tags":[27,28,15,16,14,25,26,21,22,11288,12,13,19,20,32,23,24,33,9906,17,18,29,30,31],"class_list":{"0":"post-197467","1":"post","2":"type-post","3":"status-publish","4":"format-standard","5":"has-post-thumbnail","7":"category-portugal","8":"tag-breaking-news","9":"tag-breakingnews","10":"tag-featured-news","11":"tag-featurednews","12":"tag-headlines","13":"tag-latest-news","14":"tag-latestnews","15":"tag-main-news","16":"tag-mainnews","17":"tag-neve","18":"tag-news","19":"tag-noticias","20":"tag-noticias-principais","21":"tag-noticiasprincipais","22":"tag-portugal","23":"tag-principais-noticias","24":"tag-principaisnoticias","25":"tag-pt","26":"tag-serra-da-estrela","27":"tag-top-stories","28":"tag-topstories","29":"tag-ultimas","30":"tag-ultimas-noticias","31":"tag-ultimasnoticias"},"share_on_mastodon":{"url":"https:\/\/pubeurope.com\/@pt\/115759118121773652","error":""},"_links":{"self":[{"href":"https:\/\/www.europesays.com\/pt\/wp-json\/wp\/v2\/posts\/197467","targetHints":{"allow":["GET"]}}],"collection":[{"href":"https:\/\/www.europesays.com\/pt\/wp-json\/wp\/v2\/posts"}],"about":[{"href":"https:\/\/www.europesays.com\/pt\/wp-json\/wp\/v2\/types\/post"}],"author":[{"embeddable":true,"href":"https:\/\/www.europesays.com\/pt\/wp-json\/wp\/v2\/users\/2"}],"replies":[{"embeddable":true,"href":"https:\/\/www.europesays.com\/pt\/wp-json\/wp\/v2\/comments?post=197467"}],"version-history":[{"count":0,"href":"https:\/\/www.europesays.com\/pt\/wp-json\/wp\/v2\/posts\/197467\/revisions"}],"wp:featuredmedia":[{"embeddable":true,"href":"https:\/\/www.europesays.com\/pt\/wp-json\/wp\/v2\/media\/197468"}],"wp:attachment":[{"href":"https:\/\/www.europesays.com\/pt\/wp-json\/wp\/v2\/media?parent=197467"}],"wp:term":[{"taxonomy":"category","embeddable":true,"href":"https:\/\/www.europesays.com\/pt\/wp-json\/wp\/v2\/categories?post=197467"},{"taxonomy":"post_tag","embeddable":true,"href":"https:\/\/www.europesays.com\/pt\/wp-json\/wp\/v2\/tags?post=197467"}],"curies":[{"name":"wp","href":"https:\/\/api.w.org\/{rel}","templated":true}]}}