{"id":197473,"date":"2025-12-21T19:11:13","date_gmt":"2025-12-21T19:11:13","guid":{"rendered":"https:\/\/www.europesays.com\/pt\/197473\/"},"modified":"2025-12-21T19:11:13","modified_gmt":"2025-12-21T19:11:13","slug":"tron-ares-joseph-kosinski-nega-que-filme-seja-uma-sequencia-direta-de-o-legado-historia-paralela","status":"publish","type":"post","link":"https:\/\/www.europesays.com\/pt\/197473\/","title":{"rendered":"Tron: Ares | Joseph Kosinski nega que filme seja uma sequ\u00eancia direta de O Legado: &#8220;Hist\u00f3ria paralela&#8221;"},"content":{"rendered":"<p class=\"wp-block-yoast-seo-estimated-reading-time yoast-reading-time__wrapper\">Estimated reading time: 2 minutos<\/p>\n<p>Embora <a href=\"https:\/\/ovicio.com.br\/tag\/tron-ares-2\/\" rel=\"nofollow noopener\" target=\"_blank\">Tron: Ares<\/a> seja o terceiro filme da ic\u00f4nica franquia de fic\u00e7\u00e3o cient\u00edfica, ele n\u00e3o funciona exatamente como uma continua\u00e7\u00e3o de <strong>Tron: O Legado<\/strong> (2010). Quem afirma isso \u00e9 o pr\u00f3prio diretor do filme anterior, <strong>Joseph Kosinski<\/strong>.<\/p>\n<p>Em entrevista \u00e0 <a href=\"https:\/\/www.empireonline.com\/movies\/news\/joseph-kosinski-doesnt-see-tron-ares-sequel\/\" target=\"_blank\" rel=\"noreferrer noopener nofollow\">Empire<\/a>, o cineasta (que tamb\u00e9m dirigiu <strong>Top Gun: Maverick<\/strong>) explicou que, apesar de <strong>Ares<\/strong> utilizar alguns conceitos de seu roteiro descartado (<strong>Tron: Ascension<\/strong>), a abordagem \u00e9 totalmente diferente.<\/p>\n<p><strong>&#8220;Eu realmente n\u00e3o o vejo como uma sequ\u00eancia. Este filme definitivamente usou elementos de um filme em que trabalhei\u2026 mas ele realmente inverteu a hist\u00f3ria e a contou de um ponto de vista completamente diferente. Ent\u00e3o, eu o vejo mais como uma hist\u00f3ria paralela do que como uma sequ\u00eancia&#8221;<\/strong>, declarou Kosinski.<\/p>\n<p>Kosinski tamb\u00e9m aproveitou para relembrar a produ\u00e7\u00e3o de <strong>O Legado<\/strong>, destacando que dificilmente teria a mesma liberdade na <strong>Disney<\/strong> de hoje.<\/p>\n<p>Ele citou a contrata\u00e7\u00e3o do <strong>Daft Punk<\/strong> para a trilha sonora e a escala\u00e7\u00e3o de um elenco jovem e inexperiente como riscos que o est\u00fadio permitiu que ele corresse em sua estreia na dire\u00e7\u00e3o, algo que ele considera raro no cen\u00e1rio atual de Hollywood.<\/p>\n<p><strong>Tron: O Legado<\/strong> est\u00e1 agora dispon\u00edvel no <strong>Disney+<\/strong>, e <strong>Tron: Ares<\/strong> tamb\u00e9m deve chegar ao servi\u00e7o de streaming em breve.<\/p>\n<p>Leia tamb\u00e9m sobre Tron: Ares:<\/p>\n","protected":false},"excerpt":{"rendered":"Estimated reading time: 2 minutos Embora Tron: Ares seja o terceiro filme da ic\u00f4nica franquia de fic\u00e7\u00e3o cient\u00edfica,&hellip;\n","protected":false},"author":2,"featured_media":197474,"comment_status":"","ping_status":"","sticky":false,"template":"","format":"standard","meta":{"footnotes":""},"categories":[140],"tags":[1579,114,115,147,148,146,32,33,19598,39475],"class_list":{"0":"post-197473","1":"post","2":"type-post","3":"status-publish","4":"format-standard","5":"has-post-thumbnail","7":"category-filmes","8":"tag-disney","9":"tag-entertainment","10":"tag-entretenimento","11":"tag-film","12":"tag-filmes","13":"tag-movies","14":"tag-portugal","15":"tag-pt","16":"tag-tron-ares","17":"tag-tron-o-legado"},"share_on_mastodon":{"url":"https:\/\/pubeurope.com\/@pt\/115759145973922471","error":""},"_links":{"self":[{"href":"https:\/\/www.europesays.com\/pt\/wp-json\/wp\/v2\/posts\/197473","targetHints":{"allow":["GET"]}}],"collection":[{"href":"https:\/\/www.europesays.com\/pt\/wp-json\/wp\/v2\/posts"}],"about":[{"href":"https:\/\/www.europesays.com\/pt\/wp-json\/wp\/v2\/types\/post"}],"author":[{"embeddable":true,"href":"https:\/\/www.europesays.com\/pt\/wp-json\/wp\/v2\/users\/2"}],"replies":[{"embeddable":true,"href":"https:\/\/www.europesays.com\/pt\/wp-json\/wp\/v2\/comments?post=197473"}],"version-history":[{"count":0,"href":"https:\/\/www.europesays.com\/pt\/wp-json\/wp\/v2\/posts\/197473\/revisions"}],"wp:featuredmedia":[{"embeddable":true,"href":"https:\/\/www.europesays.com\/pt\/wp-json\/wp\/v2\/media\/197474"}],"wp:attachment":[{"href":"https:\/\/www.europesays.com\/pt\/wp-json\/wp\/v2\/media?parent=197473"}],"wp:term":[{"taxonomy":"category","embeddable":true,"href":"https:\/\/www.europesays.com\/pt\/wp-json\/wp\/v2\/categories?post=197473"},{"taxonomy":"post_tag","embeddable":true,"href":"https:\/\/www.europesays.com\/pt\/wp-json\/wp\/v2\/tags?post=197473"}],"curies":[{"name":"wp","href":"https:\/\/api.w.org\/{rel}","templated":true}]}}