{"id":197483,"date":"2025-12-21T19:17:09","date_gmt":"2025-12-21T19:17:09","guid":{"rendered":"https:\/\/www.europesays.com\/pt\/197483\/"},"modified":"2025-12-21T19:17:09","modified_gmt":"2025-12-21T19:17:09","slug":"familia-acusada-de-embarcar-mulher-morta-easyjet-garante-que-passageira-estava-viva-aviacao","status":"publish","type":"post","link":"https:\/\/www.europesays.com\/pt\/197483\/","title":{"rendered":"Fam\u00edlia acusada de embarcar mulher morta. Easyjet garante que passageira estava viva | Avia\u00e7\u00e3o"},"content":{"rendered":"<p>A companhia a\u00e9rea Easyjet declarou este domingo que a mulher de 89 anos que embarcou num voo com destino a Londres estava viva quando subiu a bordo e s\u00f3 veio a morrer no avi\u00e3o. O comunicado \u00e9 feito um dia ap\u00f3s uma fam\u00edlia brit\u00e2nica ter sido acusada de embarcar o corpo da idosa no avi\u00e3o que iria cumprir a rota entre M\u00e1laga-Costa del Sol e Londres-Gatwick.<\/p>\n<p>&#8220;A EasyJet garante que a passageira estava viva no momento do embarque no voo e que a mesma n\u00e3o faleceu antes do embarque. Esta informa\u00e7\u00e3o \u00e9 confirmada pelo facto de a mesma viajar acompanhada por dois profissionais de sa\u00fade, estando sob os seus cuidados directos&#8221;, declarou a companhia a\u00e9rea numa nota enviada \u00e0 Lusa.<\/p>\n<p>A companhia a\u00e9rea refuta a vers\u00e3o divulgada por passageiros do avi\u00e3o e noticiada por v\u00e1rios \u00f3rg\u00e3os de comunica\u00e7\u00e3o social segundo a qual a mulher j\u00e1 estaria morta quando se deu o embarque para o voo que iria cumprir a rota entre os aeroportos de M\u00e1laga-Costa del Sol e Londres-Gatwick.<\/p>\n<p>Segundo a <a href=\"https:\/\/www.publico.pt\/2025\/12\/19\/fugas\/noticia\/easyjet-madeira-vai-rota-directa-cote-dazur-2158619\" rel=\"nofollow noopener\" target=\"_blank\">Easyjet<\/a>, a mulher tinha autoriza\u00e7\u00e3o para voar, uma vez que se fazia acompanhar de um certificado m\u00e9dico de &#8220;apta para voar&#8221; e estava &#8220;acompanhada por pessoal m\u00e9dico qualificado durante a sua jornada&#8221;. Segundo a Easyjet, &#8220;foi apenas ap\u00f3s o embarque que a passageira necessitou de assist\u00eancia m\u00e9dica e, lamentavelmente, veio a falecer&#8221;.<\/p>\n<p>Familiares alegaram que idosa estava a dormir<\/p>\n<p>Foi este s\u00e1bado que o voo da companhia Easyjet sofreu um atraso de quase 12 horas, depois de, segundo relatos de alguns passageiros, o corpo da idosa ter sido empurrado numa cadeira de rodas at\u00e9 aos lugares do grupo, na parte de tr\u00e1s do avi\u00e3o, e levantado at\u00e9 ao seu lugar, com a ajuda de cinco membros da sua fam\u00edlia.<\/p>\n<p>Segundo referiu o Daily Mail, que cita testemunhas, os familiares transportaram a mulher como se a ajudassem a subir a bordo, alegando que n\u00e3o se sentia bem e que tinha adormecido.<\/p>\n<p>Uma testemunha disse ao di\u00e1rio brit\u00e2nico que, desde que viu a mulher na cadeira de rodas e com o pesco\u00e7o apoiado numa almofada, percebeu que estava morta. Relata ainda que os familiares estavam a tentar acord\u00e1-la &#8220;e a falar e a agir como se ela estivesse viva&#8221;.<\/p>\n<p>No entanto, pouco antes da descolagem, a tripula\u00e7\u00e3o de cabine foi alertada por passageiros e o avi\u00e3o, que j\u00e1 tinha come\u00e7ado a circular na pista, teve de dar a volta e parar, antes de levantar voo 12 horas depois, acrescenta o jornal. Segundo uma testemunha, o <a href=\"https:\/\/www.publico.pt\/2025\/10\/20\/mundo\/noticia\/aviao-carga-sai-pista-mata-dois-trabalhadores-aeroporto-hong-kong-2151424\" rel=\"nofollow noopener\" target=\"_blank\">avi\u00e3o <\/a>regressou para o terminal, o voo foi cancelado e todos os passageiros foram retirados do avi\u00e3o.<\/p>\n<p>Uma outra testemunha relatou que, quando o avi\u00e3o voltou para o terminal e a equipa de emerg\u00eancia m\u00e9dica entrou a bordo: &#8220;Nenhum dos familiares parecia chateado ou em p\u00e2nico, n\u00e3o estavam a chorar nem em choque \u2014 estavam completamente calmos e a falar com os param\u00e9dicos.&#8221;<\/p>\n<p>Os socorristas levaram a mulher para a parte de tr\u00e1s do avi\u00e3o e ligaram-na a um dispositivo m\u00e9dico, acrescentou a mesma fonte, que referiu que n\u00e3o foi emitido qualquer som.<\/p>\n<p>O Daily Mail escreve ainda que a EasyJet alegou que os passageiros preocupados estavam errados, que a passageira tinha um certificado de aptid\u00e3o para voar e que estava viva quando embarcou no avi\u00e3o.<\/p>\n<p>O jornal brit\u00e2nico acrescenta que se desconhece o que aconteceu ao corpo da mulher depois de ter sido removido e aos membros da fam\u00edlia que a acompanhavam.<\/p>\n<p>Um porta-voz da Guarda Civil em M\u00e1laga confirmou ao Daily Mail que os agentes foram chamados ao avi\u00e3o devido a uma situa\u00e7\u00e3o com uma idosa brit\u00e2nica, afirmando que &#8220;ela foi declarada morta no avi\u00e3o&#8221;.<\/p>\n","protected":false},"excerpt":{"rendered":"A companhia a\u00e9rea Easyjet declarou este domingo que a mulher de 89 anos que embarcou num voo com&hellip;\n","protected":false},"author":2,"featured_media":197484,"comment_status":"","ping_status":"","sticky":false,"template":"","format":"standard","meta":{"footnotes":""},"categories":[50],"tags":[995,1310,27,28,13053,353,15,16,14,3385,25,26,21,22,62,12,13,19,20,23,24,17,18,2588,29,30,31,1080,63,64,65],"class_list":{"0":"post-197483","1":"post","2":"type-post","3":"status-publish","4":"format-standard","5":"has-post-thumbnail","7":"category-mundo","8":"tag-abre-conteudo","9":"tag-aviacao","10":"tag-breaking-news","11":"tag-breakingnews","12":"tag-easyjet","13":"tag-em-destaque","14":"tag-featured-news","15":"tag-featurednews","16":"tag-headlines","17":"tag-idosos","18":"tag-latest-news","19":"tag-latestnews","20":"tag-main-news","21":"tag-mainnews","22":"tag-mundo","23":"tag-news","24":"tag-noticias","25":"tag-noticias-principais","26":"tag-noticiasprincipais","27":"tag-principais-noticias","28":"tag-principaisnoticias","29":"tag-top-stories","30":"tag-topstories","31":"tag-transportes","32":"tag-ultimas","33":"tag-ultimas-noticias","34":"tag-ultimasnoticias","35":"tag-viagens","36":"tag-world","37":"tag-world-news","38":"tag-worldnews"},"share_on_mastodon":{"url":"","error":"Validation failed: Text character limit of 500 exceeded"},"_links":{"self":[{"href":"https:\/\/www.europesays.com\/pt\/wp-json\/wp\/v2\/posts\/197483","targetHints":{"allow":["GET"]}}],"collection":[{"href":"https:\/\/www.europesays.com\/pt\/wp-json\/wp\/v2\/posts"}],"about":[{"href":"https:\/\/www.europesays.com\/pt\/wp-json\/wp\/v2\/types\/post"}],"author":[{"embeddable":true,"href":"https:\/\/www.europesays.com\/pt\/wp-json\/wp\/v2\/users\/2"}],"replies":[{"embeddable":true,"href":"https:\/\/www.europesays.com\/pt\/wp-json\/wp\/v2\/comments?post=197483"}],"version-history":[{"count":0,"href":"https:\/\/www.europesays.com\/pt\/wp-json\/wp\/v2\/posts\/197483\/revisions"}],"wp:featuredmedia":[{"embeddable":true,"href":"https:\/\/www.europesays.com\/pt\/wp-json\/wp\/v2\/media\/197484"}],"wp:attachment":[{"href":"https:\/\/www.europesays.com\/pt\/wp-json\/wp\/v2\/media?parent=197483"}],"wp:term":[{"taxonomy":"category","embeddable":true,"href":"https:\/\/www.europesays.com\/pt\/wp-json\/wp\/v2\/categories?post=197483"},{"taxonomy":"post_tag","embeddable":true,"href":"https:\/\/www.europesays.com\/pt\/wp-json\/wp\/v2\/tags?post=197483"}],"curies":[{"name":"wp","href":"https:\/\/api.w.org\/{rel}","templated":true}]}}