{"id":197485,"date":"2025-12-21T19:18:38","date_gmt":"2025-12-21T19:18:38","guid":{"rendered":"https:\/\/www.europesays.com\/pt\/197485\/"},"modified":"2025-12-21T19:18:38","modified_gmt":"2025-12-21T19:18:38","slug":"pedro-chagas-freitas-perdeu-um-filho-foi-atropelado-numa-passadeira","status":"publish","type":"post","link":"https:\/\/www.europesays.com\/pt\/197485\/","title":{"rendered":"Pedro Chagas Freitas: &#8220;Perdeu um filho. Foi atropelado numa passadeira&#8221;"},"content":{"rendered":"<p>Recentemente, <a href=\"https:\/\/selfie.iol.pt\/famosos\/pedro-chagas-freitas\/pedro-chagas-freitas-partilha-imagem-forte-do-filho-e-responde-a-palermas\/20251129\/692ad354d34e3caad84bd920\" target=\"_blank\" rel=\"nofollow noopener\">Pedro Chagas Freitas<\/a> deixou uma mensagem no Instagram que n\u00e3o deixou os seguidores indiferentes.<\/p>\n<p>&#8220;O Paulo perdeu um filho, o Afonso. Foi atropelado h\u00e1 pouco mais de um ano numa passadeira, o condutor (que tinha antecedentes criminais e j\u00e1 estivera envolvido em outros atropelamentos) colocou-se em fuga. Conhe\u00e7o o Paulo desde os tempos de Liceu. Conhecia-lhe a intelig\u00eancia, o sentido de humor, o carisma. Era a pessoa que ele era. Agora \u00e9 um pai que perdeu um filho. Quando um pai, uma m\u00e3e, perde um filho, deixa de ser o que era, passa a ser um pai, uma m\u00e3e, que perdeu um filho. N\u00e3o se supera algo assim&#8221;, come\u00e7ou por garantir o escritor.<\/p>\n<p>De seguida, Pedro Chagas Freitas sublinhou: &#8220;\u00c9 imbecil pensar ou pedir que se supere algo assim. O buraco vai estar l\u00e1: tem de estar l\u00e1. Ontem, o homem que atropelou o Afonso foi condenado a 14 anos de pris\u00e3o. Diz-se que se ter\u00e1 queixado, em tribunal, de que era injusto. O problema das palavras fortes \u00e9 que qualquer um as pode usar. Este homem vai para a cadeia, mas n\u00e3o est\u00e1 condenado a nada. Quem est\u00e1 condenado \u00e9 o Paulo, \u00e9 a Carla, a m\u00e3e do Afonso. O que \u00e9 injusto \u00e9 um pai, uma m\u00e3e, perderem o filho numa passadeira.&#8221;<\/p>\n<p>&#8220;Ontem, ao ouvir as declara\u00e7\u00f5es do Paulo \u00e0 sa\u00edda do tribunal, pensei na quest\u00e3o do prop\u00f3sito: qual \u00e9 o prop\u00f3sito de um pai que perdeu o filho? Como se mant\u00e9m viva a presen\u00e7a de algu\u00e9m que nunca deixar\u00e1 de estar presente? O Paulo respondeu: ele, a Carla, v\u00e3o continuar num caminho que dev\u00edamos percorrer com eles: lutar pelo agravamento da moldura penal de quem atropela e foge. S\u00e3o \u00e0s centenas todos os anos. S\u00e3o centenas de filhos, de pais, de irm\u00e3os, de amigos, que perdem filhos, pais, irm\u00e3os, amigos em passadeiras, em estradas. Quem o faz foge, esconde-se, n\u00e3o \u00e9 visto como o criminoso que \u00e9&#8221;, refletiu, antes de assinalar: &#8220;O Paulo \u00e9 um pai que perdeu um filho. J\u00e1 n\u00e3o vai com ele ao futebol, n\u00e3o vai v\u00ea-lo escolher um trabalho, talvez casar, ser uma pessoa grande, plena, completa; mas quer v\u00ea-lo fazer a diferen\u00e7a, ajudar a prevenir que existam outros Paulos, outras Carlas, outros Afonsos brutalmente estendidos pelo pa\u00eds. A peti\u00e7\u00e3o j\u00e1 foi entregue. Se n\u00e3o resultar em nada, aqui estarei, gostava que aqui estiv\u00e9ssemos muitos, muitos, a fazer o que for preciso para que as entidades que podem agir deixam de estar surdas a pais assim, a vazios assim.&#8221;<\/p>\n<p>&#8220;Abra\u00e7o-te, Paulo. Abra\u00e7o-te, Carla. Aguentem-se, por favor&#8221;, completou.<\/p>\n<p>Veja, agora, algumas das melhores imagens de Pedro Chagas Freitas nas galerias de fotografias que prepar\u00e1mos para si.<\/p>\n<blockquote class=\"instagram-media\" data-instgrm-captioned=\"\" data-instgrm-permalink=\"https:\/\/www.instagram.com\/p\/DScP5yfjkKB\/?utm_source=ig_embed&amp;utm_campaign=loading\" data-instgrm-version=\"14\" style=\" background:#FFF; border:0; border-radius:3px; box-shadow:0 0 1px 0 rgba(0,0,0,0.5),0 1px 10px 0 rgba(0,0,0,0.15); margin: 1px; max-width:540px; min-width:326px; padding:0; width:99.375%; width:-webkit-calc(100% - 2px); width:calc(100% - 2px);\">\n<\/blockquote>\n<p>                        <script async src=\"\/\/www.instagram.com\/embed.js\"><\/script><\/p>\n","protected":false},"excerpt":{"rendered":"Recentemente, Pedro Chagas Freitas deixou uma mensagem no Instagram que n\u00e3o deixou os seguidores indiferentes. &#8220;O Paulo perdeu&hellip;\n","protected":false},"author":2,"featured_media":197486,"comment_status":"","ping_status":"","sticky":false,"template":"","format":"standard","meta":{"footnotes":""},"categories":[10],"tags":[27,28,874,980,15,16,14,1015,25,26,21,22,619,12,13,19,20,8273,32,23,24,33,1012,17,18,29,30,31],"class_list":{"0":"post-197485","1":"post","2":"type-post","3":"status-publish","4":"format-standard","5":"has-post-thumbnail","7":"category-portugal","8":"tag-breaking-news","9":"tag-breakingnews","10":"tag-escritor","11":"tag-famosos","12":"tag-featured-news","13":"tag-featurednews","14":"tag-headlines","15":"tag-instagram","16":"tag-latest-news","17":"tag-latestnews","18":"tag-main-news","19":"tag-mainnews","20":"tag-nacional","21":"tag-news","22":"tag-noticias","23":"tag-noticias-principais","24":"tag-noticiasprincipais","25":"tag-pedro-chagas-freitas","26":"tag-portugal","27":"tag-principais-noticias","28":"tag-principaisnoticias","29":"tag-pt","30":"tag-selfie","31":"tag-top-stories","32":"tag-topstories","33":"tag-ultimas","34":"tag-ultimas-noticias","35":"tag-ultimasnoticias"},"share_on_mastodon":{"url":"https:\/\/pubeurope.com\/@pt\/115759173225765867","error":""},"_links":{"self":[{"href":"https:\/\/www.europesays.com\/pt\/wp-json\/wp\/v2\/posts\/197485","targetHints":{"allow":["GET"]}}],"collection":[{"href":"https:\/\/www.europesays.com\/pt\/wp-json\/wp\/v2\/posts"}],"about":[{"href":"https:\/\/www.europesays.com\/pt\/wp-json\/wp\/v2\/types\/post"}],"author":[{"embeddable":true,"href":"https:\/\/www.europesays.com\/pt\/wp-json\/wp\/v2\/users\/2"}],"replies":[{"embeddable":true,"href":"https:\/\/www.europesays.com\/pt\/wp-json\/wp\/v2\/comments?post=197485"}],"version-history":[{"count":0,"href":"https:\/\/www.europesays.com\/pt\/wp-json\/wp\/v2\/posts\/197485\/revisions"}],"wp:featuredmedia":[{"embeddable":true,"href":"https:\/\/www.europesays.com\/pt\/wp-json\/wp\/v2\/media\/197486"}],"wp:attachment":[{"href":"https:\/\/www.europesays.com\/pt\/wp-json\/wp\/v2\/media?parent=197485"}],"wp:term":[{"taxonomy":"category","embeddable":true,"href":"https:\/\/www.europesays.com\/pt\/wp-json\/wp\/v2\/categories?post=197485"},{"taxonomy":"post_tag","embeddable":true,"href":"https:\/\/www.europesays.com\/pt\/wp-json\/wp\/v2\/tags?post=197485"}],"curies":[{"name":"wp","href":"https:\/\/api.w.org\/{rel}","templated":true}]}}