{"id":197491,"date":"2025-12-21T19:25:15","date_gmt":"2025-12-21T19:25:15","guid":{"rendered":"https:\/\/www.europesays.com\/pt\/197491\/"},"modified":"2025-12-21T19:25:15","modified_gmt":"2025-12-21T19:25:15","slug":"trailer-vazado-confirma-o-retorno-de-vilao-classico","status":"publish","type":"post","link":"https:\/\/www.europesays.com\/pt\/197491\/","title":{"rendered":"Trailer vazado confirma o retorno de vil\u00e3o cl\u00e1ssico"},"content":{"rendered":"<p><a href=\"https:\/\/legadodamarvel.com.br\/tag\/homem-aranha-um-novo-dia\" rel=\"nofollow noopener\" target=\"_blank\">Homem-Aranha 4: Um Novo Dia<\/a> ainda n\u00e3o teve o seu trailer oficialmente lan\u00e7ado pela <a href=\"https:\/\/www.sonypictures.com\/\" rel=\"nofollow noopener\" target=\"_blank\">Sony<\/a> e pela Marvel. No entanto, uma vers\u00e3o vazada j\u00e1 caiu na internet.<\/p>\n<p>Sim, na \u00faltima semana, tanto Vingadores: Doutor Destino quanto novo filme do Homem-Aranha acabaram se tornando grandes alvos de vazamentos.<\/p>\n<p>No caso do trailer do novo Homem-Aranha, \u00e9 especialmente curioso. Afinal, parece que o trailer vazou muito antes do que devia, tanto que, na vers\u00e3o vazada, os efeitos especiais est\u00e3o inacabados.<\/p>\n<p>De qualquer forma, a pr\u00e9via acabou entregando cenas e detalhes animadores para os f\u00e3s, que aguardam o retorno do her\u00f3i desde 2021.<\/p>\n<p>Homem-Aranha 4 confirma retorno de vil\u00e3o cl\u00e1ssico em trailer vazado!<\/p>\n<p>Durante toda a franquia do ator <a href=\"https:\/\/legadodamarvel.com.br\/tag\/tom-holland\" rel=\"nofollow noopener\" target=\"_blank\">Tom Holland<\/a>, j\u00e1 vimos o her\u00f3i enfrentar diversos vil\u00f5es cl\u00e1ssicos dos quadrinhos. Por exemplo, j\u00e1 tivemos o Abutre, Myst\u00e9rio e at\u00e9 mesmo Duende Verde e o Doutor Octopus gra\u00e7as a <a href=\"https:\/\/legadodamarvel.com.br\/tag\/homem-aranha-sem-volta-para-casa\" rel=\"nofollow noopener\" target=\"_blank\">Sem Volta Para Casa<\/a>.<\/p>\n<p>E desta vez teremos o <strong>Escorpi\u00e3o<\/strong>. Sim, interpretado por <a href=\"https:\/\/legadodamarvel.com.br\/tag\/michael-mando\/\" rel=\"nofollow noopener\" target=\"_blank\">Michael Mando<\/a>, o vil\u00e3o chegou a ser introduzido em Homem-Aranha: De Volta ao Lar, em 2017.<\/p>\n<p>No entanto, desde ent\u00e3o, o personagem havia sumido do MCU. Mas agora, em Homem-Aranha 4, ele finalmente retornar\u00e1 atr\u00e1s de vingan\u00e7a contra o her\u00f3i, como revelou o trailer vazado. Voc\u00ea pode conferir <a href=\"https:\/\/legadodamarvel.com.br\/homem-aranha-um-novo-dia-vaza-segunda-parte-do-trailer\/\" rel=\"nofollow noopener\" target=\"_blank\">aqui<\/a>.<\/p>\n<p>No trailer o vil\u00e3o aparece ainda sem o seu uniforme cl\u00e1ssico dos quadrinhos. Mas outros vazamentos j\u00e1 confirmaram que ele usar\u00e1 o seu traje, e que sua luta contra o Homem-Aranha deve ser um dos pontos do filme.<\/p>\n<p><strong>LEIA TAMB\u00c9M:<\/strong><\/p>\n<p>O que acharam? Deixe sua opini\u00e3o nos coment\u00e1rios e, por fim, continue acompanhando o\u00a0<strong>Legado da Marvel\u00a0<\/strong>para n\u00e3o perder nenhuma novidade!<\/p>\n","protected":false},"excerpt":{"rendered":"Homem-Aranha 4: Um Novo Dia ainda n\u00e3o teve o seu trailer oficialmente lan\u00e7ado pela Sony e pela Marvel.&hellip;\n","protected":false},"author":2,"featured_media":197492,"comment_status":"","ping_status":"","sticky":false,"template":"","format":"standard","meta":{"footnotes":""},"categories":[140],"tags":[114,115,147,148,10305,146,32,33],"class_list":{"0":"post-197491","1":"post","2":"type-post","3":"status-publish","4":"format-standard","5":"has-post-thumbnail","7":"category-filmes","8":"tag-entertainment","9":"tag-entretenimento","10":"tag-film","11":"tag-filmes","12":"tag-homem-aranha-um-novo-dia","13":"tag-movies","14":"tag-portugal","15":"tag-pt"},"share_on_mastodon":{"url":"https:\/\/pubeurope.com\/@pt\/115759200654477418","error":""},"_links":{"self":[{"href":"https:\/\/www.europesays.com\/pt\/wp-json\/wp\/v2\/posts\/197491","targetHints":{"allow":["GET"]}}],"collection":[{"href":"https:\/\/www.europesays.com\/pt\/wp-json\/wp\/v2\/posts"}],"about":[{"href":"https:\/\/www.europesays.com\/pt\/wp-json\/wp\/v2\/types\/post"}],"author":[{"embeddable":true,"href":"https:\/\/www.europesays.com\/pt\/wp-json\/wp\/v2\/users\/2"}],"replies":[{"embeddable":true,"href":"https:\/\/www.europesays.com\/pt\/wp-json\/wp\/v2\/comments?post=197491"}],"version-history":[{"count":0,"href":"https:\/\/www.europesays.com\/pt\/wp-json\/wp\/v2\/posts\/197491\/revisions"}],"wp:featuredmedia":[{"embeddable":true,"href":"https:\/\/www.europesays.com\/pt\/wp-json\/wp\/v2\/media\/197492"}],"wp:attachment":[{"href":"https:\/\/www.europesays.com\/pt\/wp-json\/wp\/v2\/media?parent=197491"}],"wp:term":[{"taxonomy":"category","embeddable":true,"href":"https:\/\/www.europesays.com\/pt\/wp-json\/wp\/v2\/categories?post=197491"},{"taxonomy":"post_tag","embeddable":true,"href":"https:\/\/www.europesays.com\/pt\/wp-json\/wp\/v2\/tags?post=197491"}],"curies":[{"name":"wp","href":"https:\/\/api.w.org\/{rel}","templated":true}]}}