{"id":197499,"date":"2025-12-21T19:30:20","date_gmt":"2025-12-21T19:30:20","guid":{"rendered":"https:\/\/www.europesays.com\/pt\/197499\/"},"modified":"2025-12-21T19:30:20","modified_gmt":"2025-12-21T19:30:20","slug":"mercadona-esta-a-contratar-para-supermercados-no-algarve-salarios-passam-os-1-400e-nit","status":"publish","type":"post","link":"https:\/\/www.europesays.com\/pt\/197499\/","title":{"rendered":"Mercadona est\u00e1 a contratar para supermercados no Algarve \u2014 sal\u00e1rios passam os 1.400\u20ac \u2014 NiT"},"content":{"rendered":"<p>Al\u00e9m do intenso plano de expans\u00e3o que promete n\u00e3o abrandar em 2026, a Mercadona anunciou outras novidades. A cadeia espanhola prepara-se para abrir mais supermercados em Portugal e j\u00e1 est\u00e1 a recrutar para dois deles, no sul do Pa\u00eds.<\/p>\n<p>A retalhista vai inaugurar duas lojas no Algarve no pr\u00f3ximo ano, em Portim\u00e3o e Faro. Ainda com data por anunciar, sabe-se apenas que j\u00e1 est\u00e1 a recrutar para ambos. Procura operadores de supermercado, auxiliares de manuten\u00e7\u00e3o e operadores de armaz\u00e9m.<\/p>\n<p>Para contratos de 40 horas semanais a remunera\u00e7\u00e3o come\u00e7a nos 14.963,90\u20ac por ano e pode atingir os 20.465,10\u20ac. A estes montantes acrescem o subs\u00eddio de alimenta\u00e7\u00e3o di\u00e1rio e compensa\u00e7\u00f5es adicionais para domingos e feriados.<\/p>\n<p>J\u00e1 para 20 horas, o valor \u00e9 de 7.481\u20ac por anos, mas pode chegar aos 10.232\u20ac. Para quem procura um part-time de fim de semana, a cadeia tem dispon\u00edvel um de 15 horas, em que o base come\u00e7a nos 5.611\u20ac e pode subir at\u00e9 aos 7.674\u20ac anuais.<\/p>\n<p>\u201cAl\u00e9m de um sal\u00e1rio atrativo e contrato de efetividade desde o primeiro dia, as ofertas de emprego incluem um per\u00edodo inicial de forma\u00e7\u00e3o te\u00f3rica e pr\u00e1tica\u201d, explica a Mercadona. \u201cN\u00e3o \u00e9 requisito ter experi\u00eancia anterior\u201d, acrescenta.<\/p>\n<p>A cadeia anunciou ainda esta semana, que ir\u00e1 oferecer uma semana extra de f\u00e9rias a todos os trabalhadores em 2026. Todos os colaboradores da Mercadona, em Espanha e Portugal, ter\u00e3o direito a 29 dias \u00fateis de f\u00e9rias por ano.<\/p>\n<p>Al\u00e9m disso, o \u201cComit\u00e9 de Dire\u00e7\u00e3o da Mercadona decidiu, pelo segundo ano consecutivo, distribuir por todos os trabalhadores, no pr\u00f3ximo m\u00eas de mar\u00e7o, uma gratifica\u00e7\u00e3o extra no total de 280 milh\u00f5es de euros, correspondente a um sal\u00e1rio mensal\u201d. Este acresce ao pr\u00e9mio anual por objetivos, de um ou dois sal\u00e1rios mensais, dependendo do tempo de servi\u00e7o.<\/p>\n<p>As candidaturas est\u00e3o dispon\u00edveis <a href=\"https:\/\/mercadona.avature.net\/pt_PT\/Careers\/JobDetail\/Operador-de-Loja\/273520\" target=\"_blank\" rel=\"noopener nofollow\">online<\/a>.<\/p>\n","protected":false},"excerpt":{"rendered":"Al\u00e9m do intenso plano de expans\u00e3o que promete n\u00e3o abrandar em 2026, a Mercadona anunciou outras novidades. A&hellip;\n","protected":false},"author":2,"featured_media":197500,"comment_status":"","ping_status":"","sticky":false,"template":"","format":"standard","meta":{"footnotes":""},"categories":[83],"tags":[88,89,90,32,33],"class_list":{"0":"post-197499","1":"post","2":"type-post","3":"status-publish","4":"format-standard","5":"has-post-thumbnail","7":"category-empresas","8":"tag-business","9":"tag-economy","10":"tag-empresas","11":"tag-portugal","12":"tag-pt"},"share_on_mastodon":{"url":"https:\/\/pubeurope.com\/@pt\/115759220336358870","error":""},"_links":{"self":[{"href":"https:\/\/www.europesays.com\/pt\/wp-json\/wp\/v2\/posts\/197499","targetHints":{"allow":["GET"]}}],"collection":[{"href":"https:\/\/www.europesays.com\/pt\/wp-json\/wp\/v2\/posts"}],"about":[{"href":"https:\/\/www.europesays.com\/pt\/wp-json\/wp\/v2\/types\/post"}],"author":[{"embeddable":true,"href":"https:\/\/www.europesays.com\/pt\/wp-json\/wp\/v2\/users\/2"}],"replies":[{"embeddable":true,"href":"https:\/\/www.europesays.com\/pt\/wp-json\/wp\/v2\/comments?post=197499"}],"version-history":[{"count":0,"href":"https:\/\/www.europesays.com\/pt\/wp-json\/wp\/v2\/posts\/197499\/revisions"}],"wp:featuredmedia":[{"embeddable":true,"href":"https:\/\/www.europesays.com\/pt\/wp-json\/wp\/v2\/media\/197500"}],"wp:attachment":[{"href":"https:\/\/www.europesays.com\/pt\/wp-json\/wp\/v2\/media?parent=197499"}],"wp:term":[{"taxonomy":"category","embeddable":true,"href":"https:\/\/www.europesays.com\/pt\/wp-json\/wp\/v2\/categories?post=197499"},{"taxonomy":"post_tag","embeddable":true,"href":"https:\/\/www.europesays.com\/pt\/wp-json\/wp\/v2\/tags?post=197499"}],"curies":[{"name":"wp","href":"https:\/\/api.w.org\/{rel}","templated":true}]}}