{"id":197503,"date":"2025-12-21T19:32:27","date_gmt":"2025-12-21T19:32:27","guid":{"rendered":"https:\/\/www.europesays.com\/pt\/197503\/"},"modified":"2025-12-21T19:32:27","modified_gmt":"2025-12-21T19:32:27","slug":"portugal-e-ucrania-assinam-acordo-para-producao-conjunta-de-drones","status":"publish","type":"post","link":"https:\/\/www.europesays.com\/pt\/197503\/","title":{"rendered":"Portugal e Ucr\u00e2nia assinam acordo para produ\u00e7\u00e3o conjunta de drones"},"content":{"rendered":"<p>\n                    Publicado a                 20\/12\/2025 &#8211; 14:43 GMT+1<br \/>\n                \u2022\u00daltimas not\u00edcias<br \/>\n                                     14:45\n                                        <\/p>\n<p>Portugal e Ucr\u00e2nia v\u00e3o, em conjunto, produzir drones mar\u00edtimos, segundo o acordo assinado este s\u00e1bado pelo presidente ucraniano <strong>Volodymyr Zelenskyy<\/strong> e pelo primeiro-ministro portugu\u00eas <strong>Lu\u00eds Montenegro<\/strong>, nesta que \u00e9 a primeira visita de Montenegro \u00e0 Ucr\u00e2nia enquanto primeiro-ministro.<\/p>\n<p>Segundo o conselheiro de Zelenskyy <strong>Alexander Kamyshin<\/strong> confirmou na rede social X, estes drones s\u00e3o eficazes contra submarinos russos e ir\u00e3o n\u00e3o s\u00f3 ser usados pela Ucr\u00e2nia como tamb\u00e9m por Portugal. N\u00e3o foi ainda divulgado onde os drones ser\u00e3o produzidos nem os montantes envolvidos no neg\u00f3cio.<\/p>\n<p>Montenegro disse que \u201cPortugal e a Ucr\u00e2nia t\u00eam, ao n\u00edvel dos ve\u00edculos n\u00e3o tripulados, um conhecimento que \u00e9, hoje, a vanguarda do mundo\u201d. Na confer\u00eancia de imprensa conjunta, o primeiro-ministro portugu\u00eas disse ainda que Portugal iria participar numa eventual for\u00e7a de manuten\u00e7\u00e3o da paz na Ucr\u00e2nia, mas apenas quando acabar a guerra, e refor\u00e7ou que &#8220;a participa\u00e7\u00e3o portuguesa n\u00e3o envolve nenhum tipo de empenhamento terrestre&#8221;.<\/p>\n<p>Montenegro chegou a Kiev na manh\u00e3 deste s\u00e1bado, de comboio, cumprindo a promessa de visitar o pa\u00eds cerca de ano e meio ano depois de Zelenskyy ter estado em Portugal. O primeiro-ministro portugu\u00eas, \u00e0 chegada, disse que esta era uma viagem muito especial por se tratar de um pa\u00eds em guerra e que era importante mostrar o apoio portugu\u00eas ao pa\u00eds, acrescentando que &#8220;o povo portugu\u00eas tem uma rela\u00e7\u00e3o com a Ucr\u00e2nia e um sentimento de partilha com a dor ucraniana que \u00e9 \u00fanica&#8221;. <\/p>\n<p>Montenegro lembrou o acordo assinado aquando da visita de Zelenskyy: &#8220;Somos parceiros, somos aliados, temos um acordo de coopera\u00e7\u00e3o que assin\u00e1mos no dia 28 de maio de 2024 e estamos a dar sequ\u00eancia a todo esse trabalho, numa altura que \u00e9 decisiva e se procura alcan\u00e7ar uma paz e onde \u00e9 preciso, mais do que nunca, que haja esp\u00edrito de solidariedade e de for\u00e7a do lado europeu e do lado ucraniano&#8221;, disse o chefe do governo portugu\u00eas.<\/p>\n<p>Montenegro lembrou tamb\u00e9m a rela\u00e7\u00e3o especial que os dois pa\u00edses mant\u00eam, nomeadamente em virtude das dezenas de milhares de ucranianos que escolheram Portugal para viver, &#8220;uns que procuraram em Portugal uma oportunidade independentemente das circunst\u00e2ncias de guerra e outros que, em virtude dela, encontraram em Portugal tamb\u00e9m o pa\u00eds que os acolheu e que os integrou&#8221;.<\/p>\n<p>\u00c0 chegada, Montenegro e Zelenskyy prestaram homenagem aos soldados ucranianos mortos em combate na guerra que come\u00e7ou com a invas\u00e3o em larga escala da Ucr\u00e2nia por parte da R\u00fassia, em 2022.<\/p>\n<p>O primeiro-ministro viajou acompanhado pelo ministro da Defesa, Nuno Melo, depois de este ter prometido, em outubro, o investimento de 60 milh\u00f5es de euros na seguran\u00e7a da Ucr\u00e2nia.<\/p>\n","protected":false},"excerpt":{"rendered":"Publicado a 20\/12\/2025 &#8211; 14:43 GMT+1 \u2022\u00daltimas not\u00edcias 14:45 Portugal e Ucr\u00e2nia v\u00e3o, em conjunto, produzir drones mar\u00edtimos,&hellip;\n","protected":false},"author":2,"featured_media":197504,"comment_status":"","ping_status":"","sticky":false,"template":"","format":"standard","meta":{"footnotes":""},"categories":[10],"tags":[27,28,15,16,889,14,6390,25,26,1447,21,22,12,13,19,20,32,23,24,33,17,18,840,29,30,31,8478],"class_list":{"0":"post-197503","1":"post","2":"type-post","3":"status-publish","4":"format-standard","5":"has-post-thumbnail","7":"category-portugal","8":"tag-breaking-news","9":"tag-breakingnews","10":"tag-featured-news","11":"tag-featurednews","12":"tag-guerra-na-ucrania","13":"tag-headlines","14":"tag-invasao-da-ucrania-pela-russia","15":"tag-latest-news","16":"tag-latestnews","17":"tag-luis-montenegro","18":"tag-main-news","19":"tag-mainnews","20":"tag-news","21":"tag-noticias","22":"tag-noticias-principais","23":"tag-noticiasprincipais","24":"tag-portugal","25":"tag-principais-noticias","26":"tag-principaisnoticias","27":"tag-pt","28":"tag-top-stories","29":"tag-topstories","30":"tag-ucrania","31":"tag-ultimas","32":"tag-ultimas-noticias","33":"tag-ultimasnoticias","34":"tag-volodymyr-zelenskyy"},"share_on_mastodon":{"url":"https:\/\/pubeurope.com\/@pt\/115759228168138395","error":""},"_links":{"self":[{"href":"https:\/\/www.europesays.com\/pt\/wp-json\/wp\/v2\/posts\/197503","targetHints":{"allow":["GET"]}}],"collection":[{"href":"https:\/\/www.europesays.com\/pt\/wp-json\/wp\/v2\/posts"}],"about":[{"href":"https:\/\/www.europesays.com\/pt\/wp-json\/wp\/v2\/types\/post"}],"author":[{"embeddable":true,"href":"https:\/\/www.europesays.com\/pt\/wp-json\/wp\/v2\/users\/2"}],"replies":[{"embeddable":true,"href":"https:\/\/www.europesays.com\/pt\/wp-json\/wp\/v2\/comments?post=197503"}],"version-history":[{"count":0,"href":"https:\/\/www.europesays.com\/pt\/wp-json\/wp\/v2\/posts\/197503\/revisions"}],"wp:featuredmedia":[{"embeddable":true,"href":"https:\/\/www.europesays.com\/pt\/wp-json\/wp\/v2\/media\/197504"}],"wp:attachment":[{"href":"https:\/\/www.europesays.com\/pt\/wp-json\/wp\/v2\/media?parent=197503"}],"wp:term":[{"taxonomy":"category","embeddable":true,"href":"https:\/\/www.europesays.com\/pt\/wp-json\/wp\/v2\/categories?post=197503"},{"taxonomy":"post_tag","embeddable":true,"href":"https:\/\/www.europesays.com\/pt\/wp-json\/wp\/v2\/tags?post=197503"}],"curies":[{"name":"wp","href":"https:\/\/api.w.org\/{rel}","templated":true}]}}