{"id":197519,"date":"2025-12-21T19:45:17","date_gmt":"2025-12-21T19:45:17","guid":{"rendered":"https:\/\/www.europesays.com\/pt\/197519\/"},"modified":"2025-12-21T19:45:17","modified_gmt":"2025-12-21T19:45:17","slug":"macron-anuncia-construcao-de-novo-porta-avioes-frances-para-substituir-o-charles-de-gaulle","status":"publish","type":"post","link":"https:\/\/www.europesays.com\/pt\/197519\/","title":{"rendered":"Macron anuncia constru\u00e7\u00e3o de novo porta-avi\u00f5es franc\u00eas para substituir o Charles de Gaulle"},"content":{"rendered":"<p>&#13;<br \/>\n&#8220;Este novo porta-avi\u00f5es ser\u00e1 a ilustra\u00e7\u00e3o da pot\u00eancia da nossa na\u00e7\u00e3o, da ind\u00fastria e da tecnologia, ao servi\u00e7o da liberdade nos mares&#8221;, afirmou Macron.&#13;\n<\/p>\n<p>&#13;<br \/>\nO an\u00fancio do arranque oficial do projeto era aguardado h\u00e1 v\u00e1rios anos, apesar do atual impasse or\u00e7amental em Fran\u00e7a, num contexto marcado pelo elevado volume de investimentos necess\u00e1rios e pela evolu\u00e7\u00e3o das amea\u00e7as \u00e0 seguran\u00e7a.&#13;\n<\/p>\n<p>&#13;<br \/>\n&#8220;Em conformidade com as duas \u00faltimas leis de programa\u00e7\u00e3o militar e ap\u00f3s uma an\u00e1lise completa e minuciosa, decidi dotar a Fran\u00e7a de um novo porta-avi\u00f5es&#8221;, declarou o chefe de Estado franc\u00eas, durante uma visita \u00e0s tropas francesas em Abu Dhabi, por ocasi\u00e3o do Natal.&#13;\n<\/p>\n<p>&#13;<br \/>\nSegundo Macron, a decis\u00e3o de avan\u00e7ar com a execu\u00e7\u00e3o deste &#8220;programa de grande dimens\u00e3o&#8221; foi tomada na \u00faltima semana.&#13;\n<\/p>\n<p>&#13;<br \/>\nTal como o Charles de Gaulle, o novo porta-avi\u00f5es ter\u00e1 propuls\u00e3o nuclear, mas ser\u00e1 significativamente maior. Ter\u00e1 cerca de 80 mil toneladas e aproximadamente 310 metros de comprimento, face \u00e0s 42 mil toneladas e 261 metros do atual navio. A bordo poder\u00e3o operar cerca de 30 avi\u00f5es de combate, com uma tripula\u00e7\u00e3o de 2.000 marinheiros.&#13;\n<\/p>\n<p>&#13;<br \/>\nAs For\u00e7as Armadas francesas t\u00eam alertado para o risco de um eventual &#8220;choque dentro de tr\u00eas a quatro anos&#8221; com a R\u00fassia, cen\u00e1rio que poder\u00e1 pressionar os or\u00e7amentos militares e favorecer outras prioridades.&#13;\n<\/p>\n<p>&#13;<br \/>\nDeclara\u00e7\u00f5es recentes do chefe do Estado-Maior das For\u00e7as Armadas, general Fabien Mandon, apontando que &#8220;n\u00e3o se pode limitar a reproduzir um instrumento concebido em meados do s\u00e9culo passado&#8221;, suscitaram igualmente debate sobre o pr\u00f3prio conceito de porta-avi\u00f5es.&#13;\n<\/p>\n<p>&#13;<br \/>\nO general destacou, em particular, a necessidade de assegurar uma presen\u00e7a permanente no mar e a capacidade de integrar drones de v\u00e1rios tipos.&#13;\n<\/p>\n<p>&#13;<br \/>\nAtualmente, apenas um porta-avi\u00f5es &#8212; o Charles de Gaulle &#8212; est\u00e1 dispon\u00edvel cerca de 65% do tempo, segundo a Marinha francesa. Um eventual atraso na constru\u00e7\u00e3o do seu sucessor poder\u00e1 deixar a Fran\u00e7a temporariamente sem esta capacidade naval.&#13;\n<\/p>\n<p>&#13;<br \/>\nUm estudo a realizar durante a pr\u00f3xima grande paragem t\u00e9cnica do Charles de Gaulle dever\u00e1 permitir, em 2029, avaliar se o navio pode continuar em servi\u00e7o por alguns anos para al\u00e9m de 2038, em fun\u00e7\u00e3o do estado das suas caldeiras nucleares e da estrutura.&#13;\n<\/p>\n<p>&#13;<br \/>\nMacron fez o an\u00fancio durante uma visita oficial aos Emirados \u00c1rabes Unidos, aliado militar com o qual Paris pretende refor\u00e7ar o seu &#8220;parceiro estrat\u00e9gico&#8221; e intensificar a coopera\u00e7\u00e3o no combate ao narcotr\u00e1fico.&#13;<\/p>\n","protected":false},"excerpt":{"rendered":"&#13; &#8220;Este novo porta-avi\u00f5es ser\u00e1 a ilustra\u00e7\u00e3o da pot\u00eancia da nossa na\u00e7\u00e3o, da ind\u00fastria e da tecnologia, ao&hellip;\n","protected":false},"author":2,"featured_media":197520,"comment_status":"","ping_status":"","sticky":false,"template":"","format":"standard","meta":{"footnotes":""},"categories":[50],"tags":[27,28,12375,39485,15,16,14,25,26,21,22,62,7561,12,13,19,20,23,24,17,18,29,30,31,63,64,65],"class_list":{"0":"post-197519","1":"post","2":"type-post","3":"status-publish","4":"format-standard","5":"has-post-thumbnail","7":"category-mundo","8":"tag-breaking-news","9":"tag-breakingnews","10":"tag-charles","11":"tag-emirados-arabes","12":"tag-featured-news","13":"tag-featurednews","14":"tag-headlines","15":"tag-latest-news","16":"tag-latestnews","17":"tag-main-news","18":"tag-mainnews","19":"tag-mundo","20":"tag-natal","21":"tag-news","22":"tag-noticias","23":"tag-noticias-principais","24":"tag-noticiasprincipais","25":"tag-principais-noticias","26":"tag-principaisnoticias","27":"tag-top-stories","28":"tag-topstories","29":"tag-ultimas","30":"tag-ultimas-noticias","31":"tag-ultimasnoticias","32":"tag-world","33":"tag-world-news","34":"tag-worldnews"},"share_on_mastodon":{"url":"https:\/\/pubeurope.com\/@pt\/115759279235490857","error":""},"_links":{"self":[{"href":"https:\/\/www.europesays.com\/pt\/wp-json\/wp\/v2\/posts\/197519","targetHints":{"allow":["GET"]}}],"collection":[{"href":"https:\/\/www.europesays.com\/pt\/wp-json\/wp\/v2\/posts"}],"about":[{"href":"https:\/\/www.europesays.com\/pt\/wp-json\/wp\/v2\/types\/post"}],"author":[{"embeddable":true,"href":"https:\/\/www.europesays.com\/pt\/wp-json\/wp\/v2\/users\/2"}],"replies":[{"embeddable":true,"href":"https:\/\/www.europesays.com\/pt\/wp-json\/wp\/v2\/comments?post=197519"}],"version-history":[{"count":0,"href":"https:\/\/www.europesays.com\/pt\/wp-json\/wp\/v2\/posts\/197519\/revisions"}],"wp:featuredmedia":[{"embeddable":true,"href":"https:\/\/www.europesays.com\/pt\/wp-json\/wp\/v2\/media\/197520"}],"wp:attachment":[{"href":"https:\/\/www.europesays.com\/pt\/wp-json\/wp\/v2\/media?parent=197519"}],"wp:term":[{"taxonomy":"category","embeddable":true,"href":"https:\/\/www.europesays.com\/pt\/wp-json\/wp\/v2\/categories?post=197519"},{"taxonomy":"post_tag","embeddable":true,"href":"https:\/\/www.europesays.com\/pt\/wp-json\/wp\/v2\/tags?post=197519"}],"curies":[{"name":"wp","href":"https:\/\/api.w.org\/{rel}","templated":true}]}}