{"id":197521,"date":"2025-12-21T19:46:24","date_gmt":"2025-12-21T19:46:24","guid":{"rendered":"https:\/\/www.europesays.com\/pt\/197521\/"},"modified":"2025-12-21T19:46:24","modified_gmt":"2025-12-21T19:46:24","slug":"so-o-apagao-teve-uma-quebra-economica-superior-a-do-dia-da-greve","status":"publish","type":"post","link":"https:\/\/www.europesays.com\/pt\/197521\/","title":{"rendered":"S\u00f3 o apag\u00e3o teve uma quebra econ\u00f3mica superior \u00e0 do dia da greve"},"content":{"rendered":"<p data-remotead-prev-elm=\"true\" data-remotead-elm-id=\"inread\">A queda de 8% na atividade econ\u00f3mica do dia 11 de dezembro est\u00e1 plasmada nos mais recentes dados divulgados pelo Banco de Portugal (BdP). De acordo com o indicador di\u00e1rio de atividade econ\u00f3mica, divulgado todas as quintas-feiras pelo supervisor financeiro desde a pandemia, foi o segundo recuo mais expressivo do ano. \u00c9 preciso retroceder at\u00e9 ao dia do apag\u00e3o, a 28 de abril, que deixou Portugal e Espanha v\u00e1rias horas sem eletricidade, para se encontrar um impacto mais significativo. Nesse dia, a atividade econ\u00f3mica caiu 14,7%.<\/p>\n","protected":false},"excerpt":{"rendered":"A queda de 8% na atividade econ\u00f3mica do dia 11 de dezembro est\u00e1 plasmada nos mais recentes dados&hellip;\n","protected":false},"author":2,"featured_media":197522,"comment_status":"","ping_status":"","sticky":false,"template":"","format":"standard","meta":{"footnotes":""},"categories":[10],"tags":[14705,27,28,476,15,16,301,31789,14,25,26,21,22,619,12,13,19,20,32,23,24,33,17,18,29,30,31],"class_list":{"0":"post-197521","1":"post","2":"type-post","3":"status-publish","4":"format-standard","5":"has-post-thumbnail","7":"category-portugal","8":"tag-antonio-leitao-amaro","9":"tag-breaking-news","10":"tag-breakingnews","11":"tag-economia","12":"tag-featured-news","13":"tag-featurednews","14":"tag-governo","15":"tag-greve-geral","16":"tag-headlines","17":"tag-latest-news","18":"tag-latestnews","19":"tag-main-news","20":"tag-mainnews","21":"tag-nacional","22":"tag-news","23":"tag-noticias","24":"tag-noticias-principais","25":"tag-noticiasprincipais","26":"tag-portugal","27":"tag-principais-noticias","28":"tag-principaisnoticias","29":"tag-pt","30":"tag-top-stories","31":"tag-topstories","32":"tag-ultimas","33":"tag-ultimas-noticias","34":"tag-ultimasnoticias"},"share_on_mastodon":{"url":"https:\/\/pubeurope.com\/@pt\/115759283220005534","error":""},"_links":{"self":[{"href":"https:\/\/www.europesays.com\/pt\/wp-json\/wp\/v2\/posts\/197521","targetHints":{"allow":["GET"]}}],"collection":[{"href":"https:\/\/www.europesays.com\/pt\/wp-json\/wp\/v2\/posts"}],"about":[{"href":"https:\/\/www.europesays.com\/pt\/wp-json\/wp\/v2\/types\/post"}],"author":[{"embeddable":true,"href":"https:\/\/www.europesays.com\/pt\/wp-json\/wp\/v2\/users\/2"}],"replies":[{"embeddable":true,"href":"https:\/\/www.europesays.com\/pt\/wp-json\/wp\/v2\/comments?post=197521"}],"version-history":[{"count":0,"href":"https:\/\/www.europesays.com\/pt\/wp-json\/wp\/v2\/posts\/197521\/revisions"}],"wp:featuredmedia":[{"embeddable":true,"href":"https:\/\/www.europesays.com\/pt\/wp-json\/wp\/v2\/media\/197522"}],"wp:attachment":[{"href":"https:\/\/www.europesays.com\/pt\/wp-json\/wp\/v2\/media?parent=197521"}],"wp:term":[{"taxonomy":"category","embeddable":true,"href":"https:\/\/www.europesays.com\/pt\/wp-json\/wp\/v2\/categories?post=197521"},{"taxonomy":"post_tag","embeddable":true,"href":"https:\/\/www.europesays.com\/pt\/wp-json\/wp\/v2\/tags?post=197521"}],"curies":[{"name":"wp","href":"https:\/\/api.w.org\/{rel}","templated":true}]}}