{"id":197536,"date":"2025-12-21T19:59:14","date_gmt":"2025-12-21T19:59:14","guid":{"rendered":"https:\/\/www.europesays.com\/pt\/197536\/"},"modified":"2025-12-21T19:59:14","modified_gmt":"2025-12-21T19:59:14","slug":"eua-intercetam-terceiro-navio-ao-largo-da-venezuela-observador","status":"publish","type":"post","link":"https:\/\/www.europesays.com\/pt\/197536\/","title":{"rendered":"EUA intercetam terceiro navio ao largo da Venezuela \u2013 Observador"},"content":{"rendered":"<p>Os EUA voltaram a intercetar uma embarca\u00e7\u00e3o ao largo da costa da Venezuela, em \u00e1guas internacionais, avan\u00e7a a <a href=\"https:\/\/www.reuters.com\/world\/americas\/us-intercepts-another-vessel-near-venezuela-officials-say-2025-12-21\/?taid=69480dcfc99d65000128549e&amp;utm_campaign=trueAnthem:+Trending+Content&amp;utm_medium=trueAnthem&amp;utm_source=twitter\" rel=\"nofollow noopener\" target=\"_blank\">ag\u00eancia Reuters<\/a>. \u00c9 a segunda no fim de semana e a terceira em poucos dias. A informa\u00e7\u00e3o foi confirmada por dois respons\u00e1veis norte-americanos.<\/p>\n<p>At\u00e9 ao momento n\u00e3o se sabe qual a embarca\u00e7\u00e3o intercetada nem a localiza\u00e7\u00e3o espec\u00edfica em que est\u00e1 a decorrer a segunda opera\u00e7\u00e3o do g\u00e9nero neste fim de semana.<\/p>\n<p>Na segunda-feira, o ataque a embarca\u00e7\u00f5es que os EUA garantiram que transportavam drogas da Venezuela provocou oito mortos. A press\u00e3o de Trump sobre o regime de Maduro (que, garantiu, \u00e9 ele pr\u00f3prio l\u00edder de um cartel de droga) tem vindo a aumentar, com o envio de navios americanos para patrulhar a costa venezuelana e a sugest\u00e3o de que a campanha pode chegar mesmo a territ\u00f3rio venezuelano.<\/p>\n<p>H\u00e1 quatro dias, os Estados Unidos decidiram classificar a Venezuela como um estado \u201cterrorista\u201d, segundo relevou Donald Trump, que anunciou tamb\u00e9m que iria impor um \u201cbloqueio total e completo aos petroleiros\u201d na entrada e sa\u00edda do pa\u00eds. Numa\u00a0publica\u00e7\u00e3o longa na rede social Truth Social, em que declarou o regime como \u201cTERRORISTA\u201d em letras mai\u00fasculas, Trump frisou que o pa\u00eds est\u00e1 \u201ccompletamente cercado\u201d pela \u201cmaior Armada de sempre na Hist\u00f3ria da Am\u00e9rica do Sul\u201d e que esta s\u00f3 vai aumentar.<\/p>\n<p>\u201cA Am\u00e9rica n\u00e3o vai permitir que criminosos, terroristas ou outros pa\u00edses que roubem, ameacem e magoem o nosso pa\u00eds, assim como n\u00e3o vai permitir que um regime hostil leve o nosso petr\u00f3leo, territ\u00f3rio ou quaisquer outros bens\u201d, acrescentou o Presidente dos EUA.<\/p>\n<blockquote class=\"twitter-tweet\" data-width=\"500\" data-dnt=\"true\">\n<p lang=\"en\" dir=\"ltr\">In a pre-dawn action early this morning on Dec. 20, the US Coast Guard with the support of the Department of War apprehended an oil tanker that was last docked in Venezuela.  <\/p>\n<p>The United States will continue to pursue the illicit movement of sanctioned oil that is used to fund\u2026 <a href=\"https:\/\/t.co\/nSZ4mi6axc\" rel=\"nofollow\">pic.twitter.com\/nSZ4mi6axc<\/a><\/p>\n<p>\u2014 Secretary Kristi Noem (@Sec_Noem) <a href=\"https:\/\/twitter.com\/Sec_Noem\/status\/2002481990755627050?ref_src=twsrc%5Etfw\" rel=\"nofollow noopener\" target=\"_blank\">December 20, 2025<\/a><\/p>\n<\/blockquote>\n<p>            <script async src=\"https:\/\/platform.twitter.com\/widgets.js\" charset=\"utf-8\"><\/script><\/p>\n","protected":false},"excerpt":{"rendered":"Os EUA voltaram a intercetar uma embarca\u00e7\u00e3o ao largo da costa da Venezuela, em \u00e1guas internacionais, avan\u00e7a a&hellip;\n","protected":false},"author":2,"featured_media":197537,"comment_status":"","ping_status":"","sticky":false,"template":"","format":"standard","meta":{"footnotes":""},"categories":[50],"tags":[624,27,28,92,623,15,16,14,25,26,21,22,62,12,13,19,20,23,24,17,18,29,30,31,3023,63,64,65],"class_list":{"0":"post-197536","1":"post","2":"type-post","3":"status-publish","4":"format-standard","5":"has-post-thumbnail","7":"category-mundo","8":"tag-amu00e9rica","9":"tag-breaking-news","10":"tag-breakingnews","11":"tag-donald-trump","12":"tag-estados-unidos-da-amu00e9rica","13":"tag-featured-news","14":"tag-featurednews","15":"tag-headlines","16":"tag-latest-news","17":"tag-latestnews","18":"tag-main-news","19":"tag-mainnews","20":"tag-mundo","21":"tag-news","22":"tag-noticias","23":"tag-noticias-principais","24":"tag-noticiasprincipais","25":"tag-principais-noticias","26":"tag-principaisnoticias","27":"tag-top-stories","28":"tag-topstories","29":"tag-ultimas","30":"tag-ultimas-noticias","31":"tag-ultimasnoticias","32":"tag-venezuela","33":"tag-world","34":"tag-world-news","35":"tag-worldnews"},"share_on_mastodon":{"url":"https:\/\/pubeurope.com\/@pt\/115759334228479879","error":""},"_links":{"self":[{"href":"https:\/\/www.europesays.com\/pt\/wp-json\/wp\/v2\/posts\/197536","targetHints":{"allow":["GET"]}}],"collection":[{"href":"https:\/\/www.europesays.com\/pt\/wp-json\/wp\/v2\/posts"}],"about":[{"href":"https:\/\/www.europesays.com\/pt\/wp-json\/wp\/v2\/types\/post"}],"author":[{"embeddable":true,"href":"https:\/\/www.europesays.com\/pt\/wp-json\/wp\/v2\/users\/2"}],"replies":[{"embeddable":true,"href":"https:\/\/www.europesays.com\/pt\/wp-json\/wp\/v2\/comments?post=197536"}],"version-history":[{"count":0,"href":"https:\/\/www.europesays.com\/pt\/wp-json\/wp\/v2\/posts\/197536\/revisions"}],"wp:featuredmedia":[{"embeddable":true,"href":"https:\/\/www.europesays.com\/pt\/wp-json\/wp\/v2\/media\/197537"}],"wp:attachment":[{"href":"https:\/\/www.europesays.com\/pt\/wp-json\/wp\/v2\/media?parent=197536"}],"wp:term":[{"taxonomy":"category","embeddable":true,"href":"https:\/\/www.europesays.com\/pt\/wp-json\/wp\/v2\/categories?post=197536"},{"taxonomy":"post_tag","embeddable":true,"href":"https:\/\/www.europesays.com\/pt\/wp-json\/wp\/v2\/tags?post=197536"}],"curies":[{"name":"wp","href":"https:\/\/api.w.org\/{rel}","templated":true}]}}