{"id":197538,"date":"2025-12-21T20:01:30","date_gmt":"2025-12-21T20:01:30","guid":{"rendered":"https:\/\/www.europesays.com\/pt\/197538\/"},"modified":"2025-12-21T20:01:30","modified_gmt":"2025-12-21T20:01:30","slug":"venezuela-diz-ter-recebido-apoio-do-irao-contra-eua-observador","status":"publish","type":"post","link":"https:\/\/www.europesays.com\/pt\/197538\/","title":{"rendered":"Venezuela diz ter recebido apoio do Ir\u00e3o contra EUA \u2013 Observador"},"content":{"rendered":"<p>O Governo venezuelano afirmou este s\u00e1bado ter recebido do Ir\u00e3o uma oferta de coopera\u00e7\u00e3o \u201c<strong>em todos os dom\u00ednios<\/strong>\u201d para enfrentar a \u201cpirataria e o terrorismo internacional\u201d dos EUA, que mant\u00eam um destacamento militar em \u00e1guas das Cara\u00edbas pr\u00f3ximas da Venezuela.<\/p>\n<p>O ministro dos Neg\u00f3cios Estrangeiros, Yv\u00e1n Gil, indicou no seu canal do Telegram que recebeu uma chamada do hom\u00f3logo iraniano, Ab\u00e1s Araqch\u00ed, durante a qual analisaram \u201cos acontecimentos recentes nas Cara\u00edbas, em especial as amea\u00e7as, os atos de pirataria dos Estados Unidos e o roubo de navios carregados com petr\u00f3leo venezuelano\u201d.<\/p>\n<p>A Venezuela, segundo Yv\u00e1n Gil, recebeu \u201cuma demonstra\u00e7\u00e3o plena de solidariedade por parte do Governo da Rep\u00fablica Isl\u00e2mica do Ir\u00e3o, bem como a sua oferta de coopera\u00e7\u00e3o em todos os dom\u00ednios para enfrentar a pirataria e o terrorismo internacional que os Estados Unidos procuram impor atrav\u00e9s da for\u00e7a militar, violando a Carta das Na\u00e7\u00f5es Unidas e o direito internacional\u201d.<\/p>\n<p>Ambos passaram tamb\u00e9m em revista as rela\u00e7\u00f5es entre os dois pa\u00edses \u201cno \u00e2mbito do acordo estrat\u00e9gico\u201d bilateral, acrescentou.<\/p>\n<p>No dia 12 de dezembro, o Ir\u00e3o classificou como \u201cpirataria estatal\u201d a apreens\u00e3o, por parte dos EUA, de um petroleiro que transportava crude venezuelano nas Cara\u00edbas, e assegurou que Washington dever\u00e1 prestar contas por essa a\u00e7\u00e3o.<\/p>\n<p>Segundo meios de comunica\u00e7\u00e3o social norte-americanos, as For\u00e7as Armadas dos EUA abordaram e <a href=\"https:\/\/observador.pt\/2025\/12\/20\/eua-intercetam-e-apreendem-mais-uma-embarcacao-ao-largo-da-venezuela\/\" rel=\"nofollow noopener\" target=\"_blank\">apreenderam este s\u00e1bado outro navio<\/a> em \u00e1guas internacionais perto da Venezuela.<\/p>\n<blockquote class=\"wp-embedded-content\" data-secret=\"PJRaCXLf7Y\">\n<p><a href=\"https:\/\/observador.pt\/2025\/12\/20\/eua-intercetam-e-apreendem-mais-uma-embarcacao-ao-largo-da-venezuela\/\" rel=\"nofollow noopener\" target=\"_blank\">EUA intercetam e apreendem mais uma embarca\u00e7\u00e3o ao largo da Venezuela<\/a><\/p>\n<\/blockquote>\n<p>O Presidente dos EUA, Donald Trump, ordenou o bloqueio da entrada e sa\u00edda da Venezuela de todos os petroleiros sancionados pelo seu pa\u00eds, aumentando assim a press\u00e3o sobre o Governo de Nicol\u00e1s Maduro, a quem acusa de liderar o Cartel dos S\u00f3is, descrito por Washington como uma organiza\u00e7\u00e3o terrorista ligada ao narcotr\u00e1fico, mas que Caracas considera ser um pretexto para procurar uma \u201cmudan\u00e7a de regime\u201d.<\/p>\n<p>Trump indicou ainda, esta semana, que n\u00e3o exclui a possibilidade de uma guerra com a Venezuela.<\/p>\n<p>O Governo norte-americano incluiu tamb\u00e9m recentemente 29 navios e as respetivas empresas gestoras na sua lista de san\u00e7\u00f5es, pela sua alegada participa\u00e7\u00e3o na chamada \u201cfrota fantasma\u201d do Ir\u00e3o, acusada de transportar crude e produtos petrol\u00edferos iranianos atrav\u00e9s de pr\u00e1ticas mar\u00edtimas enganosas para contornar as san\u00e7\u00f5es internacionais e canalizar receitas para Teer\u00e3o.<\/p>\n","protected":false},"excerpt":{"rendered":"O Governo venezuelano afirmou este s\u00e1bado ter recebido do Ir\u00e3o uma oferta de coopera\u00e7\u00e3o \u201cem todos os dom\u00ednios\u201d&hellip;\n","protected":false},"author":2,"featured_media":197539,"comment_status":"","ping_status":"","sticky":false,"template":"","format":"standard","meta":{"footnotes":""},"categories":[8],"tags":[27,28,15,16,14,25,26,21,22,62,12,13,19,20,32,23,24,33,17,18,29,30,31,3023],"class_list":{"0":"post-197538","1":"post","2":"type-post","3":"status-publish","4":"format-standard","5":"has-post-thumbnail","7":"category-principais-noticias","8":"tag-breaking-news","9":"tag-breakingnews","10":"tag-featured-news","11":"tag-featurednews","12":"tag-headlines","13":"tag-latest-news","14":"tag-latestnews","15":"tag-main-news","16":"tag-mainnews","17":"tag-mundo","18":"tag-news","19":"tag-noticias","20":"tag-noticias-principais","21":"tag-noticiasprincipais","22":"tag-portugal","23":"tag-principais-noticias","24":"tag-principaisnoticias","25":"tag-pt","26":"tag-top-stories","27":"tag-topstories","28":"tag-ultimas","29":"tag-ultimas-noticias","30":"tag-ultimasnoticias","31":"tag-venezuela"},"share_on_mastodon":{"url":"https:\/\/pubeurope.com\/@pt\/115759342519987606","error":""},"_links":{"self":[{"href":"https:\/\/www.europesays.com\/pt\/wp-json\/wp\/v2\/posts\/197538","targetHints":{"allow":["GET"]}}],"collection":[{"href":"https:\/\/www.europesays.com\/pt\/wp-json\/wp\/v2\/posts"}],"about":[{"href":"https:\/\/www.europesays.com\/pt\/wp-json\/wp\/v2\/types\/post"}],"author":[{"embeddable":true,"href":"https:\/\/www.europesays.com\/pt\/wp-json\/wp\/v2\/users\/2"}],"replies":[{"embeddable":true,"href":"https:\/\/www.europesays.com\/pt\/wp-json\/wp\/v2\/comments?post=197538"}],"version-history":[{"count":0,"href":"https:\/\/www.europesays.com\/pt\/wp-json\/wp\/v2\/posts\/197538\/revisions"}],"wp:featuredmedia":[{"embeddable":true,"href":"https:\/\/www.europesays.com\/pt\/wp-json\/wp\/v2\/media\/197539"}],"wp:attachment":[{"href":"https:\/\/www.europesays.com\/pt\/wp-json\/wp\/v2\/media?parent=197538"}],"wp:term":[{"taxonomy":"category","embeddable":true,"href":"https:\/\/www.europesays.com\/pt\/wp-json\/wp\/v2\/categories?post=197538"},{"taxonomy":"post_tag","embeddable":true,"href":"https:\/\/www.europesays.com\/pt\/wp-json\/wp\/v2\/tags?post=197538"}],"curies":[{"name":"wp","href":"https:\/\/api.w.org\/{rel}","templated":true}]}}