{"id":197557,"date":"2025-12-21T20:16:11","date_gmt":"2025-12-21T20:16:11","guid":{"rendered":"https:\/\/www.europesays.com\/pt\/197557\/"},"modified":"2025-12-21T20:16:11","modified_gmt":"2025-12-21T20:16:11","slug":"filha-de-xama-rouba-a-cena-ao-surgir-em-foto-rara-com-o-pai-muito-animada","status":"publish","type":"post","link":"https:\/\/www.europesays.com\/pt\/197557\/","title":{"rendered":"Filha de Xam\u00e3 rouba a cena ao surgir em foto rara com o pai: &#8216;Muito animada&#8217;"},"content":{"rendered":"<p>O ator e cantor <a href=\"https:\/\/caras.com.br\/tags\/xama\" rel=\"nofollow noopener\" target=\"_blank\"><strong>Xam\u00e3<\/strong><\/a> encantou os seguidores ao compartilhar uma foto fof\u00edssima ao lado da filha ca\u00e7ula, <strong>Hanna<\/strong>, de 4 anos. Em suas redes sociais, o int\u00e9rprete de Bagd\u00e1 em \u2018<a href=\"https:\/\/caras.com.br\/tags\/tres-gracas\" rel=\"nofollow noopener\" target=\"_blank\">Tr\u00eas Gra\u00e7as<\/a>\u2018, da TV Globo, mostrou um clique de um momento descontra\u00eddo com a pequena em um elevador.<\/p>\n<p>No entanto, o que chamou a aten\u00e7\u00e3o dos internautas foi a anima\u00e7\u00e3o de Hanna. Esbanjando fofura, a herdeira de Xam\u00e3 foi flagrada pulando enquanto o artista registrava o momento. \u201cA princesa e o sapo de rol\u00e9\u201c, brincou o ator na legenda da imagem.<\/p>\n<p>A fofura da pequena Hanna rapidamente gerou diversos coment\u00e1rios dos seguidores do famoso, que fizeram quest\u00e3o de deixar mensagens carinhosas \u00e0 menina: \u201cMuito linda essa princesa\u201c, declarou uma f\u00e3. \u201cN\u00e3o faz filho, faz clone\u201c, disse outra. \u201cComo \u00e9 linda!\u201c, disse uma terceira. \u201cEla muito animada\u201c, brincou outra.<\/p>\n<p>Vale lembrar que al\u00e9m de Hanna, <a href=\"https:\/\/caras.com.br\/festas\/xama-e-renata-gutierrez-se-reunem-na-festa-de-aniversario-da-filha-veja-fotos.phtml\" rel=\"nofollow noopener\" target=\"_blank\">fruto de seu antigo relacionamento<\/a> com a influenciadora <strong>Renata Gutierrez<\/strong>, Xam\u00e3 tamb\u00e9m \u00e9 pai de <strong>Akasha<\/strong>, da antiga rela\u00e7\u00e3o com <strong>Natasha Hoffemann<\/strong>. Atualmente, o artista namora a atriz <a href=\"https:\/\/caras.com.br\/tags\/sophie-charlotte\" rel=\"nofollow noopener\" target=\"_blank\"><strong>Sophie Charlotte<\/strong><\/a>.<\/p>\n<p>\t Veja a foto de Xam\u00e3 com a filha: <img loading=\"lazy\" decoding=\"async\" class=\"size-full wp-image-1048236 img-fluid lazy\" alt=\"Xam\u00e3 com a filha ca\u00e7ula, Hanna - Foto: Reprodu\u00e7\u00e3o \/ X @xamaoficial\" width=\"1536\" height=\"2048\" src=\"https:\/\/www.europesays.com\/pt\/wp-content\/uploads\/2025\/12\/xama-com-a-filha-cacula.jpg\"  \/>Xam\u00e3 com a filha ca\u00e7ula, Hanna \u2013 Foto: Reprodu\u00e7\u00e3o \/ X @xamaoficial <\/p>\n<blockquote class=\"twitter-tweet\">\n<p dir=\"ltr\" lang=\"pt\">A princesa e o sapo de rol\u00e9 <a href=\"https:\/\/t.co\/GOofAfPQHe\" rel=\"nofollow\">pic.twitter.com\/GOofAfPQHe<\/a><\/p>\n<p>\u2014 XAM\u00c3 \u274c (@xamaoficial) <a href=\"https:\/\/twitter.com\/xamaoficial\/status\/2002054385912926467?ref_src=twsrc%5Etfw\" rel=\"nofollow noopener\" target=\"_blank\">December 19, 2025<\/a><\/p>\n<\/blockquote>\n<p>  O romance de Xam\u00e3 e Sophie Charlotte <\/p>\n<p>Recentemente, durante sua participa\u00e7\u00e3o no programa Mais Voc\u00ea, da Globo, o cantor <strong>Xam\u00e3<\/strong> <a href=\"https:\/\/caras.com.br\/atualidades\/xama-relembra-como-comecou-o-romance-com-sophie-charlotte-e-fala-sobre-ciumes.phtml\" rel=\"nofollow noopener\" target=\"_blank\">abriu o cora\u00e7\u00e3o ao falar sobre sua rela\u00e7\u00e3o<\/a> com <strong>Sophie Charlotte<\/strong>. Em um bate-papo sincero com <strong>Ana Maria Braga<\/strong>, o artista relembrou o in\u00edcio da hist\u00f3ria do casal, que teve como cen\u00e1rio os bastidores do remake de Renascer (2024), onde protagonizaram par rom\u00e2ntico.<\/p>\n<p>O envolvimento, que come\u00e7ou durante as intensas rotinas de grava\u00e7\u00e3o da novela das nove, evoluiu para um namoro: \u201cNessa \u00e9poca a gente estava flertando. Mas no in\u00edcio das grava\u00e7\u00f5es n\u00e3o. A gente ficou um tempo fazendo as cenas e se conhecendo mais\u201c, recordou ele.<\/p>\n<p>Em seguida, Xam\u00e3 ressaltou o apoio de Sophie em seu trabalho nas telinhas. \u201cEla \u00e9 incr\u00edvel. Me ajudou muito nesse per\u00edodo de adapta\u00e7\u00e3o. A captar os personagens e entender a percep\u00e7\u00e3o de leitura. Me ajuda muito. Com certeza a repercuss\u00e3o positiva que eu tive com a atua\u00e7\u00e3o ela \u00e9 respons\u00e1vel por isso tamb\u00e9m\u201c, declarou o famoso.<\/p>\n<p><strong>Leia tamb\u00e9m<\/strong>: <a href=\"https:\/\/caras.com.br\/atualidades\/sophie-charlotte-revela-caracteristicas-de-xama-que-mais-admira-ele-tem.phtml\" rel=\"nofollow noopener\" target=\"_blank\">Sophie Charlotte revela caracter\u00edsticas de Xam\u00e3 que mais admira: \u2018Ele tem\u2026\u2019<\/a><\/p>\n<p> <img loading=\"lazy\" decoding=\"async\" class=\"size-full wp-image-979959 img-fluid lazy\" alt=\"Sophie Charlotte e Xam\u00e3 posam pela 1\u00aa vez juntos desde t\u00e9rmino\" width=\"2048\" height=\"1363\" src=\"https:\/\/www.europesays.com\/pt\/wp-content\/uploads\/2025\/12\/sophie-charlotte-xama-2.jpg\"\/>Sophie Charlotte e Xam\u00e3 \u2013 Foto: Thiago Mattos \/ Brazil News <\/p>\n<blockquote class=\"instagram-media\" style=\"background: #FFF; border: 0; border-radius: 3px; box-shadow: 0 0 1px 0 rgba(0,0,0,0.5),0 1px 10px 0 rgba(0,0,0,0.15); margin: 1px; max-width: 540px; min-width: 326px; padding: 0; width: calc(100% - 2px);\" data-instgrm-captioned=\"\" data-instgrm-permalink=\"https:\/\/www.instagram.com\/p\/DK0TF7rOVZ2\/?utm_source=ig_embed&amp;utm_campaign=loading\" data-instgrm-version=\"14\"><\/blockquote>\n<p>        <a href=\"https:\/\/caras.com.br\/autor\/rafaela-oliveira\" rel=\"nofollow noopener\" target=\"_blank\">&#13;<br \/>\n          <img alt=\"Rafaela Oliveira\" src=\"https:\/\/www.europesays.com\/pt\/wp-content\/uploads\/2025\/12\/1766348171_656_49f5322875970d1e29e5ff2c3d4db4418044337871973cc6a09a25acab0e8ff7\"  class=\"avatar avatar-115 photo rounded-circle mr-3\" height=\"115\" width=\"115\" loading=\"lazy\" decoding=\"async\"\/>        <\/a><\/p>\n<p>        <strong>Rafaela Oliveira<\/strong> \u00e9 rep\u00f3rter de conte\u00fado do site CARAS. Formada em jornalismo, j\u00e1 passou por sites como MaisNovela, Portal M\u00e1rcia Piovesan, Purepeople Brasil e Jornal O Dia. Escreve sobre celebridades, TV e reality show. (email: <a href=\"https:\/\/caras.com.br\/cdn-cgi\/l\/email-protection\" class=\"__cf_email__\" data-cfemail=\"86f4e4e9eaeff0e3eff4e7d9e5e9eae7e4c6e5e7f4e7f5a8e5e9eba8e4f4\" rel=\"nofollow noopener\" target=\"_blank\">[email\u00a0protected]<\/a>)<\/p>\n<p>\t                                            <script async src=\"https:\/\/platform.twitter.com\/widgets.js\" charset=\"utf-8\"><\/script><script async src=\"\/\/www.instagram.com\/embed.js\"><\/script><\/p>\n","protected":false},"excerpt":{"rendered":"O ator e cantor Xam\u00e3 encantou os seguidores ao compartilhar uma foto fof\u00edssima ao lado da filha ca\u00e7ula,&hellip;\n","protected":false},"author":2,"featured_media":197558,"comment_status":"","ping_status":"","sticky":false,"template":"","format":"standard","meta":{"footnotes":""},"categories":[145],"tags":[211,210,114,115,39486,32,33,3807],"class_list":{"0":"post-197557","1":"post","2":"type-post","3":"status-publish","4":"format-standard","5":"has-post-thumbnail","7":"category-celebridades","8":"tag-celebridades","9":"tag-celebrities","10":"tag-entertainment","11":"tag-entretenimento","12":"tag-filha-de-xama","13":"tag-portugal","14":"tag-pt","15":"tag-xama"},"share_on_mastodon":{"url":"https:\/\/pubeurope.com\/@pt\/115759401398319640","error":""},"_links":{"self":[{"href":"https:\/\/www.europesays.com\/pt\/wp-json\/wp\/v2\/posts\/197557","targetHints":{"allow":["GET"]}}],"collection":[{"href":"https:\/\/www.europesays.com\/pt\/wp-json\/wp\/v2\/posts"}],"about":[{"href":"https:\/\/www.europesays.com\/pt\/wp-json\/wp\/v2\/types\/post"}],"author":[{"embeddable":true,"href":"https:\/\/www.europesays.com\/pt\/wp-json\/wp\/v2\/users\/2"}],"replies":[{"embeddable":true,"href":"https:\/\/www.europesays.com\/pt\/wp-json\/wp\/v2\/comments?post=197557"}],"version-history":[{"count":0,"href":"https:\/\/www.europesays.com\/pt\/wp-json\/wp\/v2\/posts\/197557\/revisions"}],"wp:featuredmedia":[{"embeddable":true,"href":"https:\/\/www.europesays.com\/pt\/wp-json\/wp\/v2\/media\/197558"}],"wp:attachment":[{"href":"https:\/\/www.europesays.com\/pt\/wp-json\/wp\/v2\/media?parent=197557"}],"wp:term":[{"taxonomy":"category","embeddable":true,"href":"https:\/\/www.europesays.com\/pt\/wp-json\/wp\/v2\/categories?post=197557"},{"taxonomy":"post_tag","embeddable":true,"href":"https:\/\/www.europesays.com\/pt\/wp-json\/wp\/v2\/tags?post=197557"}],"curies":[{"name":"wp","href":"https:\/\/api.w.org\/{rel}","templated":true}]}}