{"id":197561,"date":"2025-12-21T20:21:25","date_gmt":"2025-12-21T20:21:25","guid":{"rendered":"https:\/\/www.europesays.com\/pt\/197561\/"},"modified":"2025-12-21T20:21:25","modified_gmt":"2025-12-21T20:21:25","slug":"classico-de-natal-esqueceram-de-mim-e-um-filme-cristao-e-tem-jesus-como-personagem-conheca-a-teoria","status":"publish","type":"post","link":"https:\/\/www.europesays.com\/pt\/197561\/","title":{"rendered":"Cl\u00e1ssico de Natal, &#8216;Esqueceram de Mim&#8217; \u00e9 um filme crist\u00e3o e tem Jesus como personagem; conhe\u00e7a a teoria"},"content":{"rendered":"\n<p data-path-to-node=\"3\">\u201cEsqueceram de Mim\u201d \u00e9, indiscutivelmente, o <strong>filme mais popular do mundo sobre o Natal.<\/strong> Mas, e se por tr\u00e1s das armadilhas e das risadas, o filme sempre estivesse falando sobre algo muito maior? Uma an\u00e1lise que viralizou nas redes sugere que o cl\u00e1ssico infantil pode ser, na verdade, <strong>uma profunda hist\u00f3ria sobre solid\u00e3o, salva\u00e7\u00e3o e o encontro de Jesus<\/strong> onde ningu\u00e9m esperava: no meio do frio e do medo.<\/p>\n<p data-path-to-node=\"4\">O centro da hist\u00f3ria \u00e9 Kevin, um menino que n\u00e3o foi apenas esquecido em casa, mas que era <b>esquecido emocionalmente<\/b>. Desprezado, ignorado e tratado como inc\u00f4modo pela fam\u00edlia, sua passagem de avi\u00e3o \u00e9 jogada no lixo pelo pr\u00f3prio pai em meio \u00e0 correria. O filme mostra que, \u00e0s vezes, o que nos salva n\u00e3o \u00e9 a porta que se abre, mas o que sobra: frio, solid\u00e3o, sil\u00eancio, e, curiosamente, uma igreja aberta no meio da noite.<\/p>\n<p> <img loading=\"lazy\" decoding=\"async\" class=\"wp-image-129476 size-full\" src=\"https:\/\/www.europesays.com\/pt\/wp-content\/uploads\/2025\/12\/Esqueceram-de-mim-filme-cristao-1.jpg\" alt=\"Esqueceram de mim filme crist\u00e3o\" width=\"800\" height=\"600\"  \/>Imagem: Reprodu\u00e7\u00e3o A Igreja, a Cruz e o velho Marley <\/p>\n<p data-path-to-node=\"6\">Enquanto Kevin caminha pela noite fria, ele \u00e9 atra\u00eddo pelo calor da igreja. Ao entrar, uma cena sutil, mas poderosa, mostra a cruz atravessando a tela, quase como se dissesse: <strong>\u201cCristo est\u00e1 presente\u201d.<\/strong> O coral canta a can\u00e7\u00e3o natalina <b>\u201cCaia de joelhos, ou\u00e7a a voz dos anjos\u201d<\/b> \u2014 um convite que vai al\u00e9m da m\u00fasica.<\/p>\n<p>An\u00fancio:<\/p>\n<p><a href=\"https:\/\/www.centralplazashopping.com.br\/promocao_2025_natal.php?utm_source=vipzinho&amp;utm_medium=awareness&amp;utm_campaign=natal\" aria-label=\"Central Plaza Shopping Natal\" rel=\"nofollow noopener\" target=\"_blank\"><img loading=\"lazy\" decoding=\"async\" src=\"https:\/\/www.europesays.com\/pt\/wp-content\/uploads\/2025\/12\/centralplazashopping-natal.jpg\" alt=\"Central Plaza Shopping Natal\"   width=\"1064\" height=\"592\" style=\"display: inline-block;\"\/><\/a> <\/p>\n<p data-path-to-node=\"7\">Dentro da igreja, Kevin tem um encontro transformador com o personagem que ele mais temeu durante todo o filme: o <b>velho Marley<\/b>, o homem que todos evitam. Kevin se senta, se confessa, fala sobre a culpa, o medo e o sentimento de abandono da fam\u00edlia. Eles apertam as m\u00e3os em um gesto de reconcilia\u00e7\u00e3o.<\/p>\n<p> <img loading=\"lazy\" decoding=\"async\" class=\"wp-image-129473 size-full\" src=\"https:\/\/www.europesays.com\/pt\/wp-content\/uploads\/2025\/12\/Esqueceram-de-mim-filme-cristao-4.jpg\" alt=\"Esqueceram de mim filme crist\u00e3o\" width=\"800\" height=\"600\"  \/>Imagem: Reprodu\u00e7\u00e3o O mist\u00e9rio da m\u00e3o perfurada <\/p>\n<p data-path-to-node=\"9\">\u00c9 aqui que mora o detalhe que a an\u00e1lise aponta como a chave para a <strong>mensagem crist\u00e3 do filme.<\/strong> O velho Marley, que \u00e9 a figura que salva Kevin na hora que ele mais precisa, tem um mist\u00e9rio em torno de si:<\/p>\n<ul>\n<li><b>Sal na Terra:<\/b> A primeira vez que Marley aparece, ele est\u00e1 jogando sal na terra (uma poss\u00edvel alus\u00e3o b\u00edblica, j\u00e1 que Jesus \u00e9 o \u201csal da terra\u201d).<\/li>\n<li><b>M\u00e3o Enfaixada:<\/b> Depois, ele aparece no mercado com a m\u00e3o enfaixada. O filme nunca explica o machucado, mas uma observa\u00e7\u00e3o detalhada revela que a m\u00e3o de Marley parece estar <b>perfurada de um lado para o outro<\/b>, remetendo \u00e0 forma como os cravos atravessaram Cristo. Seria apenas uma coincid\u00eancia?<\/li>\n<\/ul>\n<p> <img loading=\"lazy\" decoding=\"async\" class=\"wp-image-129475 size-full\" src=\"https:\/\/www.europesays.com\/pt\/wp-content\/uploads\/2025\/12\/Esqueceram-de-mim-filme-cristao-2.jpg\" alt=\"Esqueceram de mim filme crist\u00e3o\" width=\"800\" height=\"600\"  \/>Imagem: Reprodu\u00e7\u00e3o <\/p>\n<p data-path-to-node=\"11\">Quando Kevin n\u00e3o consegue se salvar sozinho, quem aparece? O<strong> velho Marley,<\/strong> no momento exato de seu maior desespero. E o resultado \u00e9 a cura n\u00e3o apenas para Kevin, mas para o pr\u00f3prio Marley, que, depois do encontro, volta para casa e <b>reconstr\u00f3i o v\u00ednculo com a fam\u00edlia<\/b> que estava congelado e distante.<\/p>\n<p data-path-to-node=\"14\"><strong>\u201cEsqueceram de Mim\u201d<\/strong> pode n\u00e3o ser apenas um filme infantil, mas uma poderosa alegoria sobre um Cristo que aparece onde ningu\u00e9m espera, representado por um personagem marginalizado. Portanto, assista ao filme novamente neste Natal e veja se voc\u00ea concorda com essa teoria de que a solid\u00e3o de Kevin levou a <strong>uma salva\u00e7\u00e3o muito maior!<\/strong><\/p>\n<p><strong>Quer saber mais na palma da sua m\u00e3o?<\/strong><\/p>\n<p> <strong><a style=\"color: #008000;\" href=\"https:\/\/vipzinho.com.br\/whatstodos\" rel=\"nofollow noopener\" target=\"_blank\">Fa\u00e7a parte do nosso grupo de WhatsApp e receba boletins di\u00e1rios com tudo para as crian\u00e7as. Clique aqui e participe!<\/a>\u00a0<\/strong>  \t\t\t\t \t\t \t\t \t\t \t<\/p>\n","protected":false},"excerpt":{"rendered":"\u201cEsqueceram de Mim\u201d \u00e9, indiscutivelmente, o filme mais popular do mundo sobre o Natal. Mas, e se por&hellip;\n","protected":false},"author":2,"featured_media":197562,"comment_status":"","ping_status":"","sticky":false,"template":"","format":"standard","meta":{"footnotes":""},"categories":[140],"tags":[114,115,38590,147,39487,148,39488,2510,26560,8996,39489,146,7561,32,33],"class_list":{"0":"post-197561","1":"post","2":"type-post","3":"status-publish","4":"format-standard","5":"has-post-thumbnail","7":"category-filmes","8":"tag-entertainment","9":"tag-entretenimento","10":"tag-esqueceram-de-mim","11":"tag-film","12":"tag-filme-de-natal","13":"tag-filmes","14":"tag-home-alone","15":"tag-jesus","16":"tag-jesus-cristo","17":"tag-kevin","18":"tag-marley","19":"tag-movies","20":"tag-natal","21":"tag-portugal","22":"tag-pt"},"share_on_mastodon":{"url":"https:\/\/pubeurope.com\/@pt\/115759421589501823","error":""},"_links":{"self":[{"href":"https:\/\/www.europesays.com\/pt\/wp-json\/wp\/v2\/posts\/197561","targetHints":{"allow":["GET"]}}],"collection":[{"href":"https:\/\/www.europesays.com\/pt\/wp-json\/wp\/v2\/posts"}],"about":[{"href":"https:\/\/www.europesays.com\/pt\/wp-json\/wp\/v2\/types\/post"}],"author":[{"embeddable":true,"href":"https:\/\/www.europesays.com\/pt\/wp-json\/wp\/v2\/users\/2"}],"replies":[{"embeddable":true,"href":"https:\/\/www.europesays.com\/pt\/wp-json\/wp\/v2\/comments?post=197561"}],"version-history":[{"count":0,"href":"https:\/\/www.europesays.com\/pt\/wp-json\/wp\/v2\/posts\/197561\/revisions"}],"wp:featuredmedia":[{"embeddable":true,"href":"https:\/\/www.europesays.com\/pt\/wp-json\/wp\/v2\/media\/197562"}],"wp:attachment":[{"href":"https:\/\/www.europesays.com\/pt\/wp-json\/wp\/v2\/media?parent=197561"}],"wp:term":[{"taxonomy":"category","embeddable":true,"href":"https:\/\/www.europesays.com\/pt\/wp-json\/wp\/v2\/categories?post=197561"},{"taxonomy":"post_tag","embeddable":true,"href":"https:\/\/www.europesays.com\/pt\/wp-json\/wp\/v2\/tags?post=197561"}],"curies":[{"name":"wp","href":"https:\/\/api.w.org\/{rel}","templated":true}]}}