{"id":197570,"date":"2025-12-21T20:26:11","date_gmt":"2025-12-21T20:26:11","guid":{"rendered":"https:\/\/www.europesays.com\/pt\/197570\/"},"modified":"2025-12-21T20:26:11","modified_gmt":"2025-12-21T20:26:11","slug":"sc-braga-porta-da-baliza-reaberta-para-alaa-bellaarouch-ou-tiago-sa","status":"publish","type":"post","link":"https:\/\/www.europesays.com\/pt\/197570\/","title":{"rendered":"SC Braga: porta da baliza reaberta para Alaa Bellaarouch ou Tiago S\u00e1"},"content":{"rendered":"<p>Dos 30 jogos oficiais realizados pelo <a class=\"autolink-enabled\" data-resource-id=\"457\" data-resource-type=\"team\" data-sport=\"football\" href=\"https:\/\/www.abola.pt\/futebol\/sc-braga-457\" rel=\"nofollow noopener\" target=\"_blank\">SC Braga<\/a> na presente temporada \u2014 15 para a <a class=\"autolink-enabled\" data-resource-id=\"13\" data-resource-type=\"competition\" data-sport=\"football\" href=\"https:\/\/www.abola.pt\/futebol\/competicao\/liga-portugal-betclic-13\" rel=\"nofollow noopener\" target=\"_blank\">Liga<\/a>, 12 para a <a class=\"autolink-enabled\" data-resource-id=\"28\" data-resource-type=\"competition\" data-sport=\"football\" href=\"https:\/\/www.abola.pt\/futebol\/competicao\/uefa-europa-league-28\" rel=\"nofollow noopener\" target=\"_blank\">UEFA Europa League<\/a> (seis nas pr\u00e9-eliminat\u00f3rias e outros tantos na fase liga), dois para a <a class=\"autolink-enabled\" data-resource-id=\"112\" data-resource-type=\"competition\" data-sport=\"football\" href=\"https:\/\/www.abola.pt\/futebol\/competicao\/taca-de-portugal-112\" rel=\"nofollow noopener\" target=\"_blank\">Ta\u00e7a de Portugal<\/a> e um para a <a class=\"autolink-enabled\" data-resource-id=\"113\" data-resource-type=\"competition\" data-sport=\"football\" href=\"https:\/\/www.abola.pt\/futebol\/competicao\/allianz-cup-113\" rel=\"nofollow noopener\" target=\"_blank\">Allianz Cup<\/a> \u2014, 27 contaram com a presen\u00e7a de <a target=\"_blank\" class=\"editor-link autolink-enabled\" href=\"https:\/\/www.abola.pt\/futebol\/jogador\/lukas-hornicek-226855\" data-resource-id=\"226855\" data-resource-type=\"player\" data-sport=\"football\" rel=\"nofollow noopener\">Lukas Hornicek<\/a> entre os postes.<\/p>\n<p>O jovem ch\u00e9quio, de apenas 23 anos, agarrou o lugar na \u00e9poca passada, ainda com Carlos Carvalhal ao leme dos guerreiros, e manteve o estatuto de indiscut\u00edvel na campanha em curso.<\/p>\n<p>Ora, o camisola 1 falhou apenas tr\u00eas desafios, sendo que dois deles foram na <a target=\"_blank\" class=\"editor-link autolink-enabled\" href=\"https:\/\/www.abola.pt\/futebol\/competicao\/taca-de-portugal-112\" data-resource-id=\"112\" data-resource-type=\"competition\" data-sport=\"football\" rel=\"nofollow noopener\">Ta\u00e7a de Portugal<\/a> \u2014 o outro foi por ocasi\u00e3o da segunda m\u00e3o do play-off de acesso \u00e0 <a target=\"_blank\" class=\"editor-link autolink-enabled\" href=\"https:\/\/www.abola.pt\/futebol\/competicao\/uefa-europa-league-28\" data-resource-id=\"28\" data-resource-type=\"competition\" data-sport=\"football\" rel=\"nofollow noopener\">UEFA Europa League<\/a>, diante do <a target=\"_blank\" class=\"editor-link autolink-enabled\" href=\"https:\/\/www.abola.pt\/futebol\/lincoln-red-imps-1000\" data-resource-id=\"1000\" data-resource-type=\"team\" data-sport=\"football\" rel=\"nofollow noopener\">Lincoln Red Imps<\/a> (5-1), partida em que <a target=\"_blank\" class=\"editor-link autolink-enabled\" href=\"https:\/\/www.abola.pt\/futebol\/jogador\/alaa-bellaarouch-251936\" data-resource-id=\"251936\" data-resource-type=\"player\" data-sport=\"football\" rel=\"nofollow noopener\">Alaa Bellaarouch<\/a> jogou de in\u00edcio \u2014, diante de <a class=\"autolink-enabled\" data-resource-id=\"5651\" data-resource-type=\"team\" data-sport=\"football\" href=\"https:\/\/www.abola.pt\/futebol\/braganca-5651\" rel=\"nofollow noopener\" target=\"_blank\">Bragan\u00e7a<\/a> (1-0) e <a target=\"_blank\" class=\"editor-link autolink-enabled\" href=\"https:\/\/www.abola.pt\/futebol\/nacional-463\" data-resource-id=\"463\" data-resource-type=\"team\" data-sport=\"football\" rel=\"nofollow noopener\">Nacional<\/a> (4-2). Perante este cen\u00e1rio, \u00e9 de todo cr\u00edvel que, na antec\u00e2mara de mais um embate da prova rainha, Carlos Vicens volte a promover rotatividade entre os postes na desloca\u00e7\u00e3o ao reduto do <a target=\"_blank\" class=\"editor-link autolink-enabled\" href=\"https:\/\/www.abola.pt\/futebol\/caldas-5655\" data-resource-id=\"5655\" data-resource-type=\"team\" data-sport=\"football\" rel=\"nofollow noopener\">Caldas<\/a>.<\/p>\n<p>Isto porque nas duas eliminat\u00f3rias anteriores vencidas pelos bracarenses houve oportunidade para&#8230; os outros dois guarda-redes do plantel \u2014 isto sem esquecer <a class=\"autolink-enabled\" data-resource-id=\"308204\" data-resource-type=\"player\" data-sport=\"football\" href=\"https:\/\/www.abola.pt\/futebol\/jogador\/joao-carvalho-308204\" rel=\"nofollow noopener\" target=\"_blank\">Jo\u00e3o Carvalho<\/a>, jovem da forma\u00e7\u00e3o minhota a quem \u00e9 augurado um grande futuro e que, apesar de trabalhar regularmente com a elite arsenalista, joga pela equipa <a class=\"autolink-enabled\" data-resource-id=\"2941\" data-resource-type=\"team\" data-sport=\"football\" href=\"https:\/\/www.abola.pt\/futebol\/sc-braga-b-2941\" rel=\"nofollow noopener\" target=\"_blank\">B<\/a>, na <a class=\"autolink-enabled\" data-resource-id=\"368\" data-resource-type=\"competition\" data-sport=\"football\" href=\"https:\/\/www.abola.pt\/futebol\/competicao\/liga-3-368\" rel=\"nofollow noopener\" target=\"_blank\">Liga 3<\/a>.<\/p>\n<p><a class=\"autolink-enabled\" data-resource-id=\"43032\" data-resource-type=\"player\" data-sport=\"football\" href=\"https:\/\/www.abola.pt\/futebol\/jogador\/tiago-sa-43032\" rel=\"nofollow noopener\" target=\"_blank\">Tiago S\u00e1<\/a>, um nome de peso no balne\u00e1rio, tantos s\u00e3o os anos que leva de <a class=\"autolink-enabled\" data-resource-id=\"457\" data-resource-type=\"team\" data-sport=\"football\" href=\"https:\/\/www.abola.pt\/futebol\/sc-braga-457\" rel=\"nofollow noopener\" target=\"_blank\">SC Braga<\/a>, esteve entre os postes no triunfo sobre o <a class=\"autolink-enabled\" data-resource-id=\"5651\" data-resource-type=\"team\" data-sport=\"football\" href=\"https:\/\/www.abola.pt\/futebol\/braganca-5651\" rel=\"nofollow noopener\" target=\"_blank\">Bragan\u00e7a<\/a>, na 3.\u00aa eliminat\u00f3ria, sendo que na ronda seguinte, frente ao <a class=\"autolink-enabled\" data-resource-id=\"463\" data-resource-type=\"team\" data-sport=\"football\" href=\"https:\/\/www.abola.pt\/futebol\/nacional-463\" rel=\"nofollow noopener\" target=\"_blank\">Nacional<\/a>, foi <a class=\"autolink-enabled\" data-resource-id=\"251936\" data-resource-type=\"player\" data-sport=\"football\" href=\"https:\/\/www.abola.pt\/futebol\/jogador\/alaa-bellaarouch-251936\" rel=\"nofollow noopener\" target=\"_blank\">Alaa Bellaarouch<\/a> a chegar-se \u00e0 frente e a ocupar o referido posto espec\u00edfico.<\/p>\n<p>Qualquer um deles oferece totais garantias ao treinador espanhol, mas talvez <a target=\"_blank\" class=\"editor-link autolink-enabled\" href=\"https:\/\/www.abola.pt\/futebol\/jogador\/alaa-bellaarouch-251936\" data-resource-id=\"251936\" data-resource-type=\"player\" data-sport=\"football\" rel=\"nofollow noopener\">Bellaarouch<\/a> possa partir com uma ligeira vantagem em rela\u00e7\u00e3o a <a target=\"_blank\" class=\"editor-link autolink-enabled\" href=\"https:\/\/www.abola.pt\/futebol\/jogador\/tiago-sa-43032\" data-resource-id=\"43032\" data-resource-type=\"player\" data-sport=\"football\" rel=\"nofollow noopener\">S\u00e1<\/a>. N\u00e3o ser\u00e1, pois de estranhar, que o marroquino seja o eleito para defender, segunda-feira (18h45), as redes dos guerreiros do Minho no duelo com o <a target=\"_blank\" class=\"editor-link autolink-enabled\" href=\"https:\/\/www.abola.pt\/futebol\/caldas-5655\" data-resource-id=\"5655\" data-resource-type=\"team\" data-sport=\"football\" rel=\"nofollow noopener\">Caldas<\/a>, conjunto que milita na <a target=\"_blank\" class=\"editor-link autolink-enabled\" href=\"https:\/\/www.abola.pt\/futebol\/competicao\/liga-3-368\" data-resource-id=\"368\" data-resource-type=\"competition\" data-sport=\"football\" rel=\"nofollow noopener\">Liga 3<\/a>.<\/p>\n<p>            <img decoding=\"async\" src=\"https:\/\/www.europesays.com\/pt\/wp-content\/uploads\/2025\/12\/507037e8-6a00-43b1-b1ab-23dba85b4128.jpg\" alt=\"\" width=\"620\" class=\"1 w-full object-cover\"\/><\/p>\n<p>Noutras zonas do terreno, <a target=\"_blank\" class=\"editor-link autolink-enabled\" href=\"https:\/\/www.abola.pt\/futebol\/jogador\/paulo-oliveira-8519\" data-resource-id=\"8519\" data-resource-type=\"player\" data-sport=\"football\" rel=\"nofollow noopener\">Paulo Oliveira<\/a>, <a target=\"_blank\" class=\"editor-link autolink-enabled\" href=\"https:\/\/www.abola.pt\/futebol\/jogador\/florian-grillitsch-4556\" data-resource-id=\"4556\" data-resource-type=\"player\" data-sport=\"football\" rel=\"nofollow noopener\">Florian Grillitsch<\/a>, <a target=\"_blank\" class=\"editor-link autolink-enabled\" href=\"https:\/\/www.abola.pt\/futebol\/jogador\/mario-dorgeles-264110\" data-resource-id=\"264110\" data-resource-type=\"player\" data-sport=\"football\" rel=\"nofollow noopener\">Mario Dorgeles<\/a> ou <a target=\"_blank\" class=\"editor-link autolink-enabled\" href=\"https:\/\/www.abola.pt\/futebol\/jogador\/leonardo-lelo-244576\" data-resource-id=\"244576\" data-resource-type=\"player\" data-sport=\"football\" rel=\"nofollow noopener\">Leonardo Lelo<\/a>, entre outros, tamb\u00e9m espreitam o onze.<\/p>\n","protected":false},"excerpt":{"rendered":"Dos 30 jogos oficiais realizados pelo SC Braga na presente temporada \u2014 15 para a Liga, 12 para&hellip;\n","protected":false},"author":2,"featured_media":197571,"comment_status":"","ping_status":"","sticky":false,"template":"","format":"standard","meta":{"footnotes":""},"categories":[83],"tags":[88,89,90,32,33],"class_list":{"0":"post-197570","1":"post","2":"type-post","3":"status-publish","4":"format-standard","5":"has-post-thumbnail","7":"category-empresas","8":"tag-business","9":"tag-economy","10":"tag-empresas","11":"tag-portugal","12":"tag-pt"},"share_on_mastodon":{"url":"https:\/\/pubeurope.com\/@pt\/115759440490161912","error":""},"_links":{"self":[{"href":"https:\/\/www.europesays.com\/pt\/wp-json\/wp\/v2\/posts\/197570","targetHints":{"allow":["GET"]}}],"collection":[{"href":"https:\/\/www.europesays.com\/pt\/wp-json\/wp\/v2\/posts"}],"about":[{"href":"https:\/\/www.europesays.com\/pt\/wp-json\/wp\/v2\/types\/post"}],"author":[{"embeddable":true,"href":"https:\/\/www.europesays.com\/pt\/wp-json\/wp\/v2\/users\/2"}],"replies":[{"embeddable":true,"href":"https:\/\/www.europesays.com\/pt\/wp-json\/wp\/v2\/comments?post=197570"}],"version-history":[{"count":0,"href":"https:\/\/www.europesays.com\/pt\/wp-json\/wp\/v2\/posts\/197570\/revisions"}],"wp:featuredmedia":[{"embeddable":true,"href":"https:\/\/www.europesays.com\/pt\/wp-json\/wp\/v2\/media\/197571"}],"wp:attachment":[{"href":"https:\/\/www.europesays.com\/pt\/wp-json\/wp\/v2\/media?parent=197570"}],"wp:term":[{"taxonomy":"category","embeddable":true,"href":"https:\/\/www.europesays.com\/pt\/wp-json\/wp\/v2\/categories?post=197570"},{"taxonomy":"post_tag","embeddable":true,"href":"https:\/\/www.europesays.com\/pt\/wp-json\/wp\/v2\/tags?post=197570"}],"curies":[{"name":"wp","href":"https:\/\/api.w.org\/{rel}","templated":true}]}}