{"id":197574,"date":"2025-12-21T20:28:10","date_gmt":"2025-12-21T20:28:10","guid":{"rendered":"https:\/\/www.europesays.com\/pt\/197574\/"},"modified":"2025-12-21T20:28:10","modified_gmt":"2025-12-21T20:28:10","slug":"resgatado-gato-bebe-que-estava-preso-no-motor-de-um-automovel-em-braga","status":"publish","type":"post","link":"https:\/\/www.europesays.com\/pt\/197574\/","title":{"rendered":"Resgatado gato beb\u00e9 que estava preso no motor de um autom\u00f3vel em Braga"},"content":{"rendered":"<p data-remotead-prev-elm=\"true\" data-remotead-elm-id=\"inread\">A provedora do Animal de Braga, Filomena Costa, referiu ao JN que &#8220;o animal foi transportado pela viatura de socorro animal para o Hospital Veterin\u00e1rio de Braga, onde ser\u00e1 submetido a observa\u00e7\u00e3o cl\u00ednica e receber\u00e1 tratamento, caso se justifique&#8221;.<\/p>\n<p>A respons\u00e1vel agradeceu o alerta e o envolvimento dos cidad\u00e3os bracarenses e, tal como em outros casos id\u00eanticos, \u00e0 Pol\u00edcia Municipal de Braga e ao Batalh\u00e3o de Sapadores Bombeiros de Braga, bem como \u00e0s outras entidades camar\u00e1rias bracarenses.<\/p>\n<p>&#8220;Ap\u00f3s a respetiva alta m\u00e9dica, o gatinho ser\u00e1 encaminhado para o Centro de Recolha Oficial de Braga, onde ficar\u00e1 dispon\u00edvel para ado\u00e7\u00e3o&#8221;, esclareceu a provedora do Animal de Braga.<\/p>\n<p data-remotead-prev-elm=\"true\" data-remotead-elm-id=\"centro1\"><img decoding=\"async\" class=\"ngx-body\" guid=\"498e8e2b-ca2f-4e9b-ba7e-c9e85fb5313f\" src=\"https:\/\/www.europesays.com\/pt\/wp-content\/uploads\/2025\/12\/1766348888_187_image.webp\" width=\"100%\"\/><br \/>Foto: Paulo Seabrete<\/p>\n<p><img decoding=\"async\" class=\"ngx-body\" guid=\"1bfa06fe-19f1-48ea-a0ef-d746937af106\" src=\"https:\/\/www.europesays.com\/pt\/wp-content\/uploads\/2025\/12\/1766348889_579_image.webp\" width=\"100%\"\/><br \/>Foto: Paulo Seabrete<\/p>\n<p><img decoding=\"async\" class=\"ngx-body\" guid=\"3ef8426f-127a-4943-af3a-485aa9fee85e\" src=\"https:\/\/www.europesays.com\/pt\/wp-content\/uploads\/2025\/12\/1766348889_493_image.webp\" width=\"100%\"\/><br \/>Foto: Paulo Seabrete<\/p>\n<p><img decoding=\"async\" class=\"ngx-body\" guid=\"8ffff901-a730-47d5-8a0a-8da356b1ae5e\" src=\"https:\/\/www.europesays.com\/pt\/wp-content\/uploads\/2025\/12\/1766348890_851_image.webp\" width=\"100%\"\/><br \/>Foto: Paulo Seabrete<\/p>\n","protected":false},"excerpt":{"rendered":"A provedora do Animal de Braga, Filomena Costa, referiu ao JN que &#8220;o animal foi transportado pela viatura&hellip;\n","protected":false},"author":2,"featured_media":197575,"comment_status":"","ping_status":"","sticky":false,"template":"","format":"standard","meta":{"footnotes":""},"categories":[10],"tags":[27,28,22615,15,16,14,25,26,21,22,12,13,19,20,32,23,24,33,17,18,29,30,31],"class_list":{"0":"post-197574","1":"post","2":"type-post","3":"status-publish","4":"format-standard","5":"has-post-thumbnail","7":"category-portugal","8":"tag-breaking-news","9":"tag-breakingnews","10":"tag-concelho-braga","11":"tag-featured-news","12":"tag-featurednews","13":"tag-headlines","14":"tag-latest-news","15":"tag-latestnews","16":"tag-main-news","17":"tag-mainnews","18":"tag-news","19":"tag-noticias","20":"tag-noticias-principais","21":"tag-noticiasprincipais","22":"tag-portugal","23":"tag-principais-noticias","24":"tag-principaisnoticias","25":"tag-pt","26":"tag-top-stories","27":"tag-topstories","28":"tag-ultimas","29":"tag-ultimas-noticias","30":"tag-ultimasnoticias"},"share_on_mastodon":{"url":"https:\/\/pubeurope.com\/@pt\/115759449354366525","error":""},"_links":{"self":[{"href":"https:\/\/www.europesays.com\/pt\/wp-json\/wp\/v2\/posts\/197574","targetHints":{"allow":["GET"]}}],"collection":[{"href":"https:\/\/www.europesays.com\/pt\/wp-json\/wp\/v2\/posts"}],"about":[{"href":"https:\/\/www.europesays.com\/pt\/wp-json\/wp\/v2\/types\/post"}],"author":[{"embeddable":true,"href":"https:\/\/www.europesays.com\/pt\/wp-json\/wp\/v2\/users\/2"}],"replies":[{"embeddable":true,"href":"https:\/\/www.europesays.com\/pt\/wp-json\/wp\/v2\/comments?post=197574"}],"version-history":[{"count":0,"href":"https:\/\/www.europesays.com\/pt\/wp-json\/wp\/v2\/posts\/197574\/revisions"}],"wp:featuredmedia":[{"embeddable":true,"href":"https:\/\/www.europesays.com\/pt\/wp-json\/wp\/v2\/media\/197575"}],"wp:attachment":[{"href":"https:\/\/www.europesays.com\/pt\/wp-json\/wp\/v2\/media?parent=197574"}],"wp:term":[{"taxonomy":"category","embeddable":true,"href":"https:\/\/www.europesays.com\/pt\/wp-json\/wp\/v2\/categories?post=197574"},{"taxonomy":"post_tag","embeddable":true,"href":"https:\/\/www.europesays.com\/pt\/wp-json\/wp\/v2\/tags?post=197574"}],"curies":[{"name":"wp","href":"https:\/\/api.w.org\/{rel}","templated":true}]}}