{"id":197592,"date":"2025-12-21T20:42:10","date_gmt":"2025-12-21T20:42:10","guid":{"rendered":"https:\/\/www.europesays.com\/pt\/197592\/"},"modified":"2025-12-21T20:42:10","modified_gmt":"2025-12-21T20:42:10","slug":"burla-do-falso-acidente-da-origem-a-prisao","status":"publish","type":"post","link":"https:\/\/www.europesays.com\/pt\/197592\/","title":{"rendered":"burla do &#8220;Falso acidente&#8221; d\u00e1 origem a pris\u00e3o"},"content":{"rendered":"<p>As autoridades judiciais decretaram pris\u00e3o preventiva a um homem de 42 anos, suspeito de estar envolvido no esquema fraudulento conhecido como \u201cfalso acidente\u201d, uma burla que tem como principais v\u00edtimas pessoas idosas.<\/p>\n<p><a target=\"_blank\" href=\"https:\/\/pplware.sapo.pt\/wp-content\/uploads\/2021\/03\/GNR_00-2.jpg\" onclick=\"refreshIframe()\" class=\"foobox\" rel=\"nofollow noopener\"><img fetchpriority=\"high\" decoding=\"async\" src=\"https:\/\/www.europesays.com\/pt\/wp-content\/uploads\/2025\/12\/GNR_00-2-720x416.jpg\" alt=\"Portugal: &quot;Falso acidente&quot; d\u00e1 origem a pris\u00e3o preventiva para homem\" width=\"720\" height=\"416\" class=\"aligncenter wp-image-758457 size-medium\"  \/><\/a><\/p>\n<p>Como funciona o esquema do \u201cfalso acidente\u201d?<\/p>\n<p>Este tipo de burla baseia-se na simula\u00e7\u00e3o de um acidente rodovi\u00e1rio. O suspeito abordava as v\u00edtimas de forma repentina, exaltada e intimidat\u00f3ria, acusando-as de terem provocado danos no seu ve\u00edculo, mesmo sem qualquer colis\u00e3o real.<\/p>\n<p>Perante a press\u00e3o psicol\u00f3gica e o receio de consequ\u00eancias legais, as v\u00edtimas eram levadas a entregar dinheiro em numer\u00e1rio, sob o pretexto de resolver a situa\u00e7\u00e3o no local, evitando seguradoras ou a interven\u00e7\u00e3o da pol\u00edcia.<\/p>\n<p>Segundo as autoridades, <strong>o esquema era direcionado sobretudo a condutores idosos,<\/strong> considerados mais vulner\u00e1veis a este tipo de intimida\u00e7\u00e3o. Em v\u00e1rios casos, o arguido aproveitava-se do nervosismo e da boa-f\u00e9 das v\u00edtimas para obter vantagens financeiras imediatas.<\/p>\n<p>O tribunal considerou existirem fortes ind\u00edcios da pr\u00e1tica do crime, bem como perigo de continua\u00e7\u00e3o da atividade criminosa, raz\u00e3o pela qual foi aplicada a medida de coa\u00e7\u00e3o mais gravosa: <strong>pris\u00e3o preventiva.<\/strong><\/p>\n<p>Esta decis\u00e3o surge num contexto de aumento deste tipo de burlas em Portugal, levando as autoridades a refor\u00e7ar os alertas \u00e0 popula\u00e7\u00e3o.<\/p>\n<p><a target=\"_blank\" href=\"https:\/\/pplware.sapo.pt\/wp-content\/uploads\/2020\/02\/GNR_capa.jpeg\" onclick=\"refreshIframe()\" class=\"foobox\" rel=\"nofollow noopener\"><img loading=\"lazy\" decoding=\"async\" src=\"https:\/\/www.europesays.com\/pt\/wp-content\/uploads\/2025\/12\/GNR_capa-720x405.jpeg\" alt=\"Portugal: &quot;Falso acidente&quot; d\u00e1 origem a pris\u00e3o preventiva para homem\" width=\"720\" height=\"405\" class=\"aligncenter wp-image-657926 size-medium\"  \/><\/a><\/p>\n<p><strong>A PSP e a GNR aconselham que, em situa\u00e7\u00f5es suspeitas:<\/strong><\/p>\n<ul>\n<li>Nunca se entregue dinheiro no local;<\/li>\n<li>Seja sempre chamada a pol\u00edcia;<\/li>\n<li>N\u00e3o se aceite \u201cresolver\u201d acidentes sem registo oficial;<\/li>\n<li>Em caso de d\u00favida, contacte um familiar ou as autoridades.<\/li>\n<\/ul>\n<p>O esquema do falso acidente \u00e9 mais um exemplo de como a criminalidade se adapta e explora a vulnerabilidade das pessoas. As autoridades refor\u00e7am a import\u00e2ncia da den\u00fancia imediata, mesmo quando os preju\u00edzos parecem reduzidos, para evitar que estes crimes se repitam.<\/p>\n","protected":false},"excerpt":{"rendered":"As autoridades judiciais decretaram pris\u00e3o preventiva a um homem de 42 anos, suspeito de estar envolvido no esquema&hellip;\n","protected":false},"author":2,"featured_media":197593,"comment_status":"","ping_status":"","sticky":false,"template":"","format":"standard","meta":{"footnotes":""},"categories":[10],"tags":[59,27,28,39492,15,16,14,25,26,21,22,12,13,19,20,32,23,24,33,17,18,29,30,31],"class_list":{"0":"post-197592","1":"post","2":"type-post","3":"status-publish","4":"format-standard","5":"has-post-thumbnail","7":"category-portugal","8":"tag-acidente","9":"tag-breaking-news","10":"tag-breakingnews","11":"tag-falso-acidente","12":"tag-featured-news","13":"tag-featurednews","14":"tag-headlines","15":"tag-latest-news","16":"tag-latestnews","17":"tag-main-news","18":"tag-mainnews","19":"tag-news","20":"tag-noticias","21":"tag-noticias-principais","22":"tag-noticiasprincipais","23":"tag-portugal","24":"tag-principais-noticias","25":"tag-principaisnoticias","26":"tag-pt","27":"tag-top-stories","28":"tag-topstories","29":"tag-ultimas","30":"tag-ultimas-noticias","31":"tag-ultimasnoticias"},"share_on_mastodon":{"url":"https:\/\/pubeurope.com\/@pt\/115759503670537248","error":""},"_links":{"self":[{"href":"https:\/\/www.europesays.com\/pt\/wp-json\/wp\/v2\/posts\/197592","targetHints":{"allow":["GET"]}}],"collection":[{"href":"https:\/\/www.europesays.com\/pt\/wp-json\/wp\/v2\/posts"}],"about":[{"href":"https:\/\/www.europesays.com\/pt\/wp-json\/wp\/v2\/types\/post"}],"author":[{"embeddable":true,"href":"https:\/\/www.europesays.com\/pt\/wp-json\/wp\/v2\/users\/2"}],"replies":[{"embeddable":true,"href":"https:\/\/www.europesays.com\/pt\/wp-json\/wp\/v2\/comments?post=197592"}],"version-history":[{"count":0,"href":"https:\/\/www.europesays.com\/pt\/wp-json\/wp\/v2\/posts\/197592\/revisions"}],"wp:featuredmedia":[{"embeddable":true,"href":"https:\/\/www.europesays.com\/pt\/wp-json\/wp\/v2\/media\/197593"}],"wp:attachment":[{"href":"https:\/\/www.europesays.com\/pt\/wp-json\/wp\/v2\/media?parent=197592"}],"wp:term":[{"taxonomy":"category","embeddable":true,"href":"https:\/\/www.europesays.com\/pt\/wp-json\/wp\/v2\/categories?post=197592"},{"taxonomy":"post_tag","embeddable":true,"href":"https:\/\/www.europesays.com\/pt\/wp-json\/wp\/v2\/tags?post=197592"}],"curies":[{"name":"wp","href":"https:\/\/api.w.org\/{rel}","templated":true}]}}