{"id":197598,"date":"2025-12-21T20:45:23","date_gmt":"2025-12-21T20:45:23","guid":{"rendered":"https:\/\/www.europesays.com\/pt\/197598\/"},"modified":"2025-12-21T20:45:23","modified_gmt":"2025-12-21T20:45:23","slug":"museu-do-amanha-abre-mostra-sobre-oceanos-em-comemoracao-pelos-10-anos-da-inauguracao-g1","status":"publish","type":"post","link":"https:\/\/www.europesays.com\/pt\/197598\/","title":{"rendered":"Museu do Amanh\u00e3 abre mostra sobre oceanos em comemora\u00e7\u00e3o pelos 10 anos da inaugura\u00e7\u00e3o &#8211; G1"},"content":{"rendered":"<ol>\n<li><a href=\"https:\/\/news.google.com\/rss\/articles\/CBMi0AFBVV95cUxNaThMbzBFTDlFMzFnUm9LOEtaOVB4dVEtYkFSM1h0U0Nqejl0a1ltR2U4aUlqUDZCZDBkX1FfLTN6VnBHRk50Wk0yMm5Cckh5TjFhWExmaXNqZGx4TXdUV1NVUFBDSmVQcnplaVpxeEhTUmdOYWdiVUwxSEJWc09hTzI1NE9raXNOY2c3VVF3ZmtmcWtpczhQZmZOQlkteldMVXZBdnd1elh4Y3dySm5qa0tZM2ZYLXpWMWZCdThMVUVIU2F3andNSzhBZXk2M0h50gHfAUFVX3lxTE5YT1V2bExDT1BFbTQxdWlvTUZwbHVSQk80ZnhXUC1HTEs3NkZGTHVLTFpQTzJqNjFQUnVMdnlwYVZDMjdWcVN1YmdfNGJiTnlnMGZ0UW91eWZzSXpIUG9tMHFLM0ZiTXg0OS1zRzBnR1NPWDQwLWN5UWJZT19nQXJ0Zk5LdzB6OHJGTWotb0QyMnZSYlRxWC13bXZobDBPakRuTnFQN3l4VG9za09QeVplS2FDUDJBdEs2Q3BLTUtGc1Y5Vk00SHJUVUk0Sjc5TE05eDl6MG5kREtXLTNkN0E?oc=5\" target=\"_blank\" rel=\"nofollow noopener\">Museu do Amanh\u00e3 abre mostra sobre oceanos em comemora\u00e7\u00e3o pelos 10 anos da inaugura\u00e7\u00e3o<\/a>&nbsp;&nbsp;G1<\/li>\n<li><a href=\"https:\/\/news.google.com\/rss\/articles\/CBMijAJBVV95cUxNZWxPMGZZOXF1MjFvZU9mczZkcUlpZXMxY3JxSWVLYlBpSjgydWVoYUJrOTlIcGI2enRtWmFabU42NFdsU0VqN2d3MVBzSndpUTVSeDN3ellHSkZoVUhMaExnZFgzbnRFNUNSTTBVS2dCd1B4Yk8tVmh6NDdHZnNfUVFjcEI1UWpub3hMUnE1UUE5UmI4OXhsZkd2aEU4dGdkenNPeTBXVzJJby1ma1FVYjhtTzUwa1pGNTRWQ3diQlVWcjlRbGQzQzRhdFJOOEFDdGlTbTNpa0J6NW9jMms3V0FJZkxCTENBNGRTd19sMmpCVkQ5QkVaZm5FQUFmeWxnY2Jtc3o4TFFmT0Jr?oc=5\" target=\"_blank\" rel=\"nofollow noopener\">Com sua arquitetura futurista e 15 mil m\u00b2, esta obra de Calatrava virou um \u00edcone da revitaliza\u00e7\u00e3o do Rio e um convite a refletir sobre o amanh\u00e3<\/a>&nbsp;&nbsp;BM&amp;C News<\/li>\n<li><a href=\"https:\/\/news.google.com\/rss\/articles\/CBMiswFBVV95cUxOcUpGbkNXLUJEdVRYTE9BRmVORkV6RHBlRF81NFhrRWJaa0xLLUxxWVZ6cGRDZDh3MktJZk1NRjRVWnZJV0FnUVZ1SlRWRUJLRVpmTC0yNjFVT0llSk5ES2xRUzlGTHdRYkxmRzVJMFZoa1czVlNlUkJyRW5qZ0NtalJjWm4yWjdaX1AzUWtEVU1XNDJTdXc3N1VuRTUxVnlPTWVhN0xna1Foc0h0ai1pVHdzNA?oc=5\" target=\"_blank\" rel=\"nofollow noopener\">Refer\u00eancia em cultura e reflex\u00f5es sobre o futuro, Museu do Amanh\u00e3 comemora 10 anos<\/a>&nbsp;&nbsp;eduardopaes.com.br<\/li>\n<li><a href=\"https:\/\/news.google.com\/rss\/articles\/CBMiogFBVV95cUxOS2lhNnptLXdIQTNESzJqbEc0VHhXNEs2a1FueUxocklaaHlxTm9sYUVXblprN1k1RjNMVmhValBJRkpmOHNPUXRTQmFUa3RWTlV2Tk1xWmZaQzAxbXJBVGZFWkRDNFNNbmZVYVhydnp2ZXIwQkIwYXFnV3VUNWZUUzRaeWI5YUNudDlTcEg5QzV0SHlaMG5YbDlDaDc1dUdzbFE?oc=5\" target=\"_blank\" rel=\"nofollow noopener\">Museu do Amanh\u00e3 inicia renova\u00e7\u00e3o da exposi\u00e7\u00e3o \u201cDo Cosmos a N\u00f3s\u201d<\/a>&nbsp;&nbsp;Brasilturis<\/li>\n<li><a href=\"https:\/\/news.google.com\/rss\/articles\/CBMickFVX3lxTFBtYnp6d1B6UEo3OGh0Mlg2MkZaSGRIbGVqaVpkVW9xbFNuX2tkc0dOX2RRZVJmTXk1S19IbENSc2RrZXV5N0xjNXVXNjZsQXJkVFdxdlZvYmtGcUF3VE9OYy1TdWctcTBhaUhRMmtuVUJ6QQ?oc=5\" target=\"_blank\" rel=\"nofollow noopener\">De gra\u00e7a! Museu do Amanh\u00e3, no Rio de Janeiro, comemora 10 anos com entrada gr\u00e1tis e nova exposi\u00e7\u00e3o<\/a>&nbsp;&nbsp;Melhores Destinos<\/li>\n<\/ol>\n","protected":false},"excerpt":{"rendered":"Museu do Amanh\u00e3 abre mostra sobre oceanos em comemora\u00e7\u00e3o pelos 10 anos da inaugura\u00e7\u00e3o&nbsp;&nbsp;G1 Com sua arquitetura futurista&hellip;\n","protected":false},"author":2,"featured_media":197599,"comment_status":"","ping_status":"","sticky":false,"template":"","format":"standard","meta":{"footnotes":""},"categories":[144],"tags":[207,205,206,203,201,202,204,114,115,32,33],"class_list":{"0":"post-197598","1":"post","2":"type-post","3":"status-publish","4":"format-standard","5":"has-post-thumbnail","7":"category-arte-e-design","8":"tag-arte","9":"tag-arte-e-design","10":"tag-artedesign","11":"tag-arts","12":"tag-arts-and-design","13":"tag-artsanddesign","14":"tag-design","15":"tag-entertainment","16":"tag-entretenimento","17":"tag-portugal","18":"tag-pt"},"share_on_mastodon":{"url":"https:\/\/pubeurope.com\/@pt\/115759515068989932","error":""},"_links":{"self":[{"href":"https:\/\/www.europesays.com\/pt\/wp-json\/wp\/v2\/posts\/197598","targetHints":{"allow":["GET"]}}],"collection":[{"href":"https:\/\/www.europesays.com\/pt\/wp-json\/wp\/v2\/posts"}],"about":[{"href":"https:\/\/www.europesays.com\/pt\/wp-json\/wp\/v2\/types\/post"}],"author":[{"embeddable":true,"href":"https:\/\/www.europesays.com\/pt\/wp-json\/wp\/v2\/users\/2"}],"replies":[{"embeddable":true,"href":"https:\/\/www.europesays.com\/pt\/wp-json\/wp\/v2\/comments?post=197598"}],"version-history":[{"count":0,"href":"https:\/\/www.europesays.com\/pt\/wp-json\/wp\/v2\/posts\/197598\/revisions"}],"wp:featuredmedia":[{"embeddable":true,"href":"https:\/\/www.europesays.com\/pt\/wp-json\/wp\/v2\/media\/197599"}],"wp:attachment":[{"href":"https:\/\/www.europesays.com\/pt\/wp-json\/wp\/v2\/media?parent=197598"}],"wp:term":[{"taxonomy":"category","embeddable":true,"href":"https:\/\/www.europesays.com\/pt\/wp-json\/wp\/v2\/categories?post=197598"},{"taxonomy":"post_tag","embeddable":true,"href":"https:\/\/www.europesays.com\/pt\/wp-json\/wp\/v2\/tags?post=197598"}],"curies":[{"name":"wp","href":"https:\/\/api.w.org\/{rel}","templated":true}]}}