{"id":197615,"date":"2025-12-21T21:05:05","date_gmt":"2025-12-21T21:05:05","guid":{"rendered":"https:\/\/www.europesays.com\/pt\/197615\/"},"modified":"2025-12-21T21:05:05","modified_gmt":"2025-12-21T21:05:05","slug":"documentario-sobre-mestre-da-cultura-em-poxoreu-estreia-online","status":"publish","type":"post","link":"https:\/\/www.europesays.com\/pt\/197615\/","title":{"rendered":"Document\u00e1rio sobre mestre da cultura em Poxor\u00e9u estreia online"},"content":{"rendered":"<p class=\"pf0\">O document\u00e1rio \u201cO Menino e a Sanfona\u201d, que resgata a trajet\u00f3ria do nordestino que marcou a forma\u00e7\u00e3o cultural de Poxor\u00e9u (a 263 km de Cuiab\u00e1), poder\u00e1 ser assistido gratuitamente a partir deste s\u00e1bado (20), \u00e0s 19h, pelo Youtube (link aqui). Contemplado pela Secretaria de Estado de Cultura, Esporte e Lazer (Secel-MT) no edital Document\u00e1rio Tem\u00e1tico \u2013 edi\u00e7\u00e3o Lei Paulo Gustavo, o filme conta com acessibilidade em Libras, legendas e audiodescri\u00e7\u00e3o.<\/p>\n<p class=\"pf0\">\u00a0<\/p>\n<p class=\"pf0\">\u00a0<\/p>\n<p class=\"pf0\">A produ\u00e7\u00e3o audiovisual recria com sensibilidade diversos momentos marcantes da vida de Natalino Alves de Sousa (in memoriam), desde sua inf\u00e2ncia na Bahia, o processo de enraizamento em Mato Grosso, e a influ\u00eancia de sua m\u00fasica na hist\u00f3ria cultural de Poxor\u00e9u.<\/p>\n<p class=\"pf0\">\u00a0<\/p>\n<p class=\"pf0\">\u00a0<\/p>\n<p class=\"pf0\">Natural de Cabr\u00e1lia de Piat\u00e3, na Bahia, Natalino chegou a Poxor\u00e9u em 1955 a bordo de um pau de arara, e na bagagem trouxe sua insepar\u00e1vel sanfona \u201cp\u00e9 de bode\u201d, que se tornou seu mais precioso elo com as origens, um s\u00edmbolo de identidade, pertencimento e resist\u00eancia.<\/p>\n<p class=\"pf0\">\u00a0<\/p>\n<p class=\"pf0\">\u00a0<\/p>\n<p class=\"pf0\">Entre as imagens do filme, que utilizou loca\u00e7\u00f5es aut\u00eanticas dentro do pr\u00f3prio munic\u00edpio, est\u00e3o cenas tocantes, como a que Natalino emocionou moradores ao tocar pelas ruas acompanhado de sua fiel cachorrinha, \u201cFoca\u201d, no centro hist\u00f3rico da cidade. <\/p>\n<p class=\"pf0\">\u00a0<\/p>\n<p class=\"pf0\">\u00a0<\/p>\n<p class=\"pf0\">Para o diretor do filme, \u00c9den Costa, \u201cO Menino e a Sanfona\u201d se consolida como um registro hist\u00f3rico da contribui\u00e7\u00e3o nordestina na constru\u00e7\u00e3o da identidade local e tamb\u00e9m chama aten\u00e7\u00e3o para a necessidade de valoriza\u00e7\u00e3o e preserva\u00e7\u00e3o dessas ra\u00edzes culturais. <\/p>\n<p class=\"pf0\">\u00a0<\/p>\n<p class=\"pf0\">\u00a0<\/p>\n<p class=\"pf0\">\u201cAo contar a trajet\u00f3ria de Natalino, revisitamos a hist\u00f3ria de tantas fam\u00edlias que ajudaram a moldar nossos modos de viver, celebrar e produzir cultura. \u00c9 um document\u00e1rio que nasce da nossa realidade, honra nossa mem\u00f3ria e reafirma a necessidade de preservar aquilo que nos forma\u201d, exp\u00f5e.<\/p>\n<p class=\"pf0\">\u00a0<\/p>\n<p class=\"pf0\">\u00a0<\/p>\n<p class=\"pf0\">\u00c9den Costa destaca ainda que o filme se tornou a \u00faltima contribui\u00e7\u00e3o direta do homenageado \u00e0 cultura de Poxor\u00e9u. \u201cAs grava\u00e7\u00f5es do document\u00e1rio ocorreram em abril de 2025. Natalino faleceu em 5 de julho de 2025, ap\u00f3s ter participado ativamente das capta\u00e7\u00f5es, eternizando sua hist\u00f3ria, sua voz e sua sanfona\u201d.<\/p>\n<p class=\"pf0\">\u00a0<\/p>\n<p class=\"pf0\">\u00a0<\/p>\n<p class=\"pf0\">\u201cO Menino e a Sanfona\u201d teve sua estreia presencial no dia 13 de dezembro, durante a Mostra CineLab, atividade que marcou a conclus\u00e3o do curso de produ\u00e7\u00e3o audiovisual contemplado em outro edital da Secel, o Cinemotion de Forma\u00e7\u00e3o.<\/p>\n<p class=\"pf0\">\u00a0<\/p>\n<p class=\"pf0\">\u00a0<\/p>\n<p class=\"pf0\"><strong>Servi\u00e7o:<\/strong><\/p>\n<p class=\"pf0\">\u00a0<\/p>\n<p class=\"pf0\">Lan\u00e7amento \u201cO Menino e a Sanfona\u201d<\/p>\n<p class=\"pf0\">Quando: s\u00e1bado (20.12), \u00e0s 19h<\/p>\n<p class=\"pf0\">Onde: https:\/\/www.youtube.com\/@edencostabrmtpox<\/p>\n<p>\u00a0<\/p>\n<p class=\"pf0\">Acessibilidade: Libras, Legendas e Audiodescri\u00e7\u00e3o<\/p>\n","protected":false},"excerpt":{"rendered":"O document\u00e1rio \u201cO Menino e a Sanfona\u201d, que resgata a trajet\u00f3ria do nordestino que marcou a forma\u00e7\u00e3o cultural&hellip;\n","protected":false},"author":2,"featured_media":197616,"comment_status":"","ping_status":"","sticky":false,"template":"","format":"standard","meta":{"footnotes":""},"categories":[140],"tags":[114,115,147,148,146,3724,3723,32,33,3725],"class_list":{"0":"post-197615","1":"post","2":"type-post","3":"status-publish","4":"format-standard","5":"has-post-thumbnail","7":"category-filmes","8":"tag-entertainment","9":"tag-entretenimento","10":"tag-film","11":"tag-filmes","12":"tag-movies","13":"tag-noticias-da-capital","14":"tag-noticias-de-cuiaba","15":"tag-portugal","16":"tag-pt","17":"tag-urgente-cuiaba"},"share_on_mastodon":{"url":"https:\/\/pubeurope.com\/@pt\/115759594153884813","error":""},"_links":{"self":[{"href":"https:\/\/www.europesays.com\/pt\/wp-json\/wp\/v2\/posts\/197615","targetHints":{"allow":["GET"]}}],"collection":[{"href":"https:\/\/www.europesays.com\/pt\/wp-json\/wp\/v2\/posts"}],"about":[{"href":"https:\/\/www.europesays.com\/pt\/wp-json\/wp\/v2\/types\/post"}],"author":[{"embeddable":true,"href":"https:\/\/www.europesays.com\/pt\/wp-json\/wp\/v2\/users\/2"}],"replies":[{"embeddable":true,"href":"https:\/\/www.europesays.com\/pt\/wp-json\/wp\/v2\/comments?post=197615"}],"version-history":[{"count":0,"href":"https:\/\/www.europesays.com\/pt\/wp-json\/wp\/v2\/posts\/197615\/revisions"}],"wp:featuredmedia":[{"embeddable":true,"href":"https:\/\/www.europesays.com\/pt\/wp-json\/wp\/v2\/media\/197616"}],"wp:attachment":[{"href":"https:\/\/www.europesays.com\/pt\/wp-json\/wp\/v2\/media?parent=197615"}],"wp:term":[{"taxonomy":"category","embeddable":true,"href":"https:\/\/www.europesays.com\/pt\/wp-json\/wp\/v2\/categories?post=197615"},{"taxonomy":"post_tag","embeddable":true,"href":"https:\/\/www.europesays.com\/pt\/wp-json\/wp\/v2\/tags?post=197615"}],"curies":[{"name":"wp","href":"https:\/\/api.w.org\/{rel}","templated":true}]}}