{"id":197619,"date":"2025-12-21T21:07:27","date_gmt":"2025-12-21T21:07:27","guid":{"rendered":"https:\/\/www.europesays.com\/pt\/197619\/"},"modified":"2025-12-21T21:07:27","modified_gmt":"2025-12-21T21:07:27","slug":"cidade-do-interior-de-sp-entra-em-alerta-apos-morcego-ser-diagnosticado-com-raiva","status":"publish","type":"post","link":"https:\/\/www.europesays.com\/pt\/197619\/","title":{"rendered":"Cidade do interior de SP entra em alerta ap\u00f3s morcego ser diagnosticado com raiva"},"content":{"rendered":"<p>\n\t\t\t\t\t\tNingu\u00e9m quer encontrar um morcego voando dentro de casa ou escondido em algum canto do apartamento. \/ Freepik\n\t\t\t\t\t<\/p>\n<p>A Prefeitura de\u00a0Cajamar, cidade do interior de S\u00e3o Paulo,\u00a0emitiu um comunicado oficial de alerta ap\u00f3s a identifica\u00e7\u00e3o de um morcego positivo para o v\u00edrus da raiva no bairro Portal dos Ip\u00eas.<\/p>\n<p><strong>Fa\u00e7a parte do grupo do Di\u00e1rio no <\/strong><a href=\"https:\/\/bit.ly\/CanalDiarioDoLitoral\" target=\"_blank\" rel=\"nofollow noopener\">WhatsApp<\/a> <strong>e<\/strong> <a href=\"https:\/\/t.me\/diariodolitoral\" target=\"_blank\" rel=\"nofollow\">Telegram<\/a><strong>.<br \/>Mantenha-se bem informado.<\/strong><\/p>\n<p>A Vigil\u00e2ncia em Sa\u00fade j\u00e1 iniciou os protocolos do Programa Estadual de Vigil\u00e2ncia da Raiva, mas refor\u00e7a que a colabora\u00e7\u00e3o dos moradores de toda a regi\u00e3o \u00e9 fundamental para evitar a propaga\u00e7\u00e3o da doen\u00e7a, que \u00e9 letal tanto para <a href=\"https:\/\/www.diariodolitoral.com.br\/tags\/animais\/\" rel=\"nofollow noopener\" target=\"_blank\">animais<\/a> quanto para seres humanos.\n\t\t\t<\/p>\n<p class=\"texto-continue listagem-detalhe\">Continua depois da publicidade<\/p>\n<p>A orienta\u00e7\u00e3o principal das autoridades \u00e9 nunca tocar no animal, esteja ele vivo ou morto. Caso encontre um morcego em situa\u00e7\u00f5es at\u00edpicas, como ca\u00eddo no ch\u00e3o, voando durante o dia ou dentro de casa, o morador deve isolar a \u00e1rea e cobri-lo com um balde ou caixa at\u00e9 que a equipe t\u00e9cnica realize o recolhimento.<\/p>\n<p>Em Cajamar, o servi\u00e7o deve ser solicitado \u00e0 Divis\u00e3o de Zoonoses pelo telefone (11) 4446-0118 (segunda a sexta, das 8h \u00e0s 17h).\n\t\t\t<\/p>\n<p class=\"texto-continue listagem-detalhe\">Continua depois da publicidade<\/p>\n<p><img decoding=\"async\" src=\"https:\/\/www.diariodolitoral.com.br\/application\/themes\/diariodolitoral.com.br\/images\/icone_arrow_2.svg\" loading=\"lazy\" alt=\"Anterior\" class=\"seta-galeria\"\/><img decoding=\"async\" src=\"https:\/\/www.diariodolitoral.com.br\/application\/themes\/diariodolitoral.com.br\/images\/icone_arrow_1.svg\" loading=\"lazy\" alt=\"Pr\u00f3xima\" class=\"seta-galeria\"\/><\/p>\n<p>Vacina\u00e7\u00e3o gratuita<\/p>\n<p>Al\u00e9m do cuidado direto com os morcegos, a prefeitura destaca que a vacina\u00e7\u00e3o anual de c\u00e3es e gatos \u00e9 a \u00fanica forma eficaz de impedir que o v\u00edrus chegue \u00e0s fam\u00edlias. <a href=\"https:\/\/www.diariodolitoral.com.br\/tags\/animais\/\" rel=\"nofollow noopener\" target=\"_blank\">Animais<\/a> com a vacina atrasada correm s\u00e9rio risco ao entrar em contato com morcegos infectados em quintais ou varandas, servindo como ponte para a transmiss\u00e3o humana.<\/p>\n<p>A vacina antirr\u00e1bica \u00e9 oferecida gratuitamente pela prefeitura no Complexo de Sa\u00fade em Jordan\u00e9sia. Para garantir a dose do seu pet, basta realizar o agendamento pr\u00e9vio. Casos emergenciais fora do hor\u00e1rio comercial podem ser reportados \u00e0 Defesa Civil (4446-0199) ou \u00e0 Guarda Ambiental (4446-0152).<\/p>\n","protected":false},"excerpt":{"rendered":"Ningu\u00e9m quer encontrar um morcego voando dentro de casa ou escondido em algum canto do apartamento. \/ Freepik&hellip;\n","protected":false},"author":2,"featured_media":197620,"comment_status":"","ping_status":"","sticky":false,"template":"","format":"standard","meta":{"footnotes":""},"categories":[86],"tags":[1353,3166,116,32,33,117],"class_list":{"0":"post-197619","1":"post","2":"type-post","3":"status-publish","4":"format-standard","5":"has-post-thumbnail","7":"category-saude","8":"tag-animais","9":"tag-cuidados","10":"tag-health","11":"tag-portugal","12":"tag-pt","13":"tag-saude"},"share_on_mastodon":{"url":"https:\/\/pubeurope.com\/@pt\/115759601994471883","error":""},"_links":{"self":[{"href":"https:\/\/www.europesays.com\/pt\/wp-json\/wp\/v2\/posts\/197619","targetHints":{"allow":["GET"]}}],"collection":[{"href":"https:\/\/www.europesays.com\/pt\/wp-json\/wp\/v2\/posts"}],"about":[{"href":"https:\/\/www.europesays.com\/pt\/wp-json\/wp\/v2\/types\/post"}],"author":[{"embeddable":true,"href":"https:\/\/www.europesays.com\/pt\/wp-json\/wp\/v2\/users\/2"}],"replies":[{"embeddable":true,"href":"https:\/\/www.europesays.com\/pt\/wp-json\/wp\/v2\/comments?post=197619"}],"version-history":[{"count":0,"href":"https:\/\/www.europesays.com\/pt\/wp-json\/wp\/v2\/posts\/197619\/revisions"}],"wp:featuredmedia":[{"embeddable":true,"href":"https:\/\/www.europesays.com\/pt\/wp-json\/wp\/v2\/media\/197620"}],"wp:attachment":[{"href":"https:\/\/www.europesays.com\/pt\/wp-json\/wp\/v2\/media?parent=197619"}],"wp:term":[{"taxonomy":"category","embeddable":true,"href":"https:\/\/www.europesays.com\/pt\/wp-json\/wp\/v2\/categories?post=197619"},{"taxonomy":"post_tag","embeddable":true,"href":"https:\/\/www.europesays.com\/pt\/wp-json\/wp\/v2\/tags?post=197619"}],"curies":[{"name":"wp","href":"https:\/\/api.w.org\/{rel}","templated":true}]}}