{"id":197625,"date":"2025-12-21T21:14:17","date_gmt":"2025-12-21T21:14:17","guid":{"rendered":"https:\/\/www.europesays.com\/pt\/197625\/"},"modified":"2025-12-21T21:14:17","modified_gmt":"2025-12-21T21:14:17","slug":"que-todas-as-criancas-vivam-em-paz-a-oracao-de-leao-xiv","status":"publish","type":"post","link":"https:\/\/www.europesays.com\/pt\/197625\/","title":{"rendered":"&#8220;Que todas as crian\u00e7as vivam em paz!&#8221;: a ora\u00e7\u00e3o de Le\u00e3o XIV"},"content":{"rendered":"<p>A tradi\u00e7\u00e3o da b\u00ean\u00e7\u00e3o dos &#8220;bambinelli&#8221; come\u00e7ou em 1969 com o Papa Paulo VI e testemunha uma rela\u00e7\u00e3o especial entre as crian\u00e7as de Roma e seu pastor. Neste domingo, cerca de 1500 crian\u00e7as participaram da primeira b\u00ean\u00e7\u00e3o do Papa Le\u00e3o. <\/p>\n<p><b>Bianca Fraccalvieri &#8211; Vatican News<\/b><\/p>\n<p>Este ano, a tradicional b\u00ean\u00e7\u00e3o dos &#8220;bambinelli&#8221;, as imagens do Menino Jesus a serem colocadas no pres\u00e9pio na noite de Natal, foi acompanhada de um pedido especial do Papa:<\/p>\n<blockquote>\n<p>\u201cQueridas crian\u00e7as, diante do pres\u00e9pio, rezem a Jesus tamb\u00e9m pelas inten\u00e7\u00f5es do Papa. De modo especial, rezemos juntos para que todas as crian\u00e7as do mundo possam viver em paz. Eu lhes agrade\u00e7o de cora\u00e7\u00e3o!\u201d<\/p>\n<\/blockquote>\n<p>\n   Ou\u00e7a a reportagem completa com a voz do Papa Le\u00e3o\n  <\/p>\n<p>Tradi\u00e7\u00e3o de mais de 50 anos <\/p>\n<p>Cerca de 1500 crian\u00e7as, acompanhadas de familiares e catequistas, participaram na Pra\u00e7a S\u00e3o Pedro do Angelus dominical para renovarem uma tradi\u00e7\u00e3o que remonta ao ano de 1969 com o Papa Paulo VI, e seguida por todos os seus sucessores. A iniciativa \u00e9 normalmente realizada no terceiro domingo do Advento, mas este ano coincidiu com o calend\u00e1rio dos eventos jubilares e foi adiada.\u00a0<\/p>\n<p>A sauda\u00e7\u00e3o do Pont\u00edfice foi tamb\u00e9m ao Centro Orat\u00f3rios Romanos, uma associa\u00e7\u00e3o p\u00fablica de fi\u00e9is que trabalha para promover a pastoral do orat\u00f3rios em Roma. A comunidade, formada por educadores volunt\u00e1rios, acolhe crian\u00e7as e adolescentes nas par\u00f3quias para uma experi\u00eancia eclesial educativa, com um estilo de anima\u00e7\u00e3o alegre do Evangelho, com fins para a integra\u00e7\u00e3o entre a f\u00e9 e a vida.<\/p>\n<p>    <img decoding=\"async\" src=\"data:image\/gif;base64,R0lGODlhAQABAIAAAAAAAP\/\/\/yH5BAEAAAAALAAAAAABAAEAAAIBRAA7\" data-original=\"https:\/\/www.vaticannews.va\/content\/dam\/vaticannews\/agenzie\/images\/srv\/2025\/12\/21\/2025-12-21-angelus\/1766315815948.JPG\/_jcr_content\/renditions\/cq5dam.thumbnail.cropped.750.422.jpeg\" alt=\"Papa aben\u00e7oa os &quot;bambinelli&quot;\" title=\"Papa aben\u00e7oa os &quot;bambinelli&quot;\"\/><\/p>\n<p>\n   Papa aben\u00e7oa os &#8220;bambinelli&#8221; \u00a0 (@Vatican Media)\n  <\/p>\n","protected":false},"excerpt":{"rendered":"A tradi\u00e7\u00e3o da b\u00ean\u00e7\u00e3o dos &#8220;bambinelli&#8221; come\u00e7ou em 1969 com o Papa Paulo VI e testemunha uma rela\u00e7\u00e3o&hellip;\n","protected":false},"author":2,"featured_media":197626,"comment_status":"","ping_status":"","sticky":false,"template":"","format":"standard","meta":{"footnotes":""},"categories":[50],"tags":[36764,5834,27,28,15,16,14,25,26,21,22,62,7561,12,13,19,20,811,23,24,17,18,29,30,31,63,64,65],"class_list":{"0":"post-197625","1":"post","2":"type-post","3":"status-publish","4":"format-standard","5":"has-post-thumbnail","7":"category-mundo","8":"tag-advento","9":"tag-angelus","10":"tag-breaking-news","11":"tag-breakingnews","12":"tag-featured-news","13":"tag-featurednews","14":"tag-headlines","15":"tag-latest-news","16":"tag-latestnews","17":"tag-main-news","18":"tag-mainnews","19":"tag-mundo","20":"tag-natal","21":"tag-news","22":"tag-noticias","23":"tag-noticias-principais","24":"tag-noticiasprincipais","25":"tag-papa-leao-xiv","26":"tag-principais-noticias","27":"tag-principaisnoticias","28":"tag-top-stories","29":"tag-topstories","30":"tag-ultimas","31":"tag-ultimas-noticias","32":"tag-ultimasnoticias","33":"tag-world","34":"tag-world-news","35":"tag-worldnews"},"share_on_mastodon":{"url":"https:\/\/pubeurope.com\/@pt\/115759629339584339","error":""},"_links":{"self":[{"href":"https:\/\/www.europesays.com\/pt\/wp-json\/wp\/v2\/posts\/197625","targetHints":{"allow":["GET"]}}],"collection":[{"href":"https:\/\/www.europesays.com\/pt\/wp-json\/wp\/v2\/posts"}],"about":[{"href":"https:\/\/www.europesays.com\/pt\/wp-json\/wp\/v2\/types\/post"}],"author":[{"embeddable":true,"href":"https:\/\/www.europesays.com\/pt\/wp-json\/wp\/v2\/users\/2"}],"replies":[{"embeddable":true,"href":"https:\/\/www.europesays.com\/pt\/wp-json\/wp\/v2\/comments?post=197625"}],"version-history":[{"count":0,"href":"https:\/\/www.europesays.com\/pt\/wp-json\/wp\/v2\/posts\/197625\/revisions"}],"wp:featuredmedia":[{"embeddable":true,"href":"https:\/\/www.europesays.com\/pt\/wp-json\/wp\/v2\/media\/197626"}],"wp:attachment":[{"href":"https:\/\/www.europesays.com\/pt\/wp-json\/wp\/v2\/media?parent=197625"}],"wp:term":[{"taxonomy":"category","embeddable":true,"href":"https:\/\/www.europesays.com\/pt\/wp-json\/wp\/v2\/categories?post=197625"},{"taxonomy":"post_tag","embeddable":true,"href":"https:\/\/www.europesays.com\/pt\/wp-json\/wp\/v2\/tags?post=197625"}],"curies":[{"name":"wp","href":"https:\/\/api.w.org\/{rel}","templated":true}]}}