{"id":197633,"date":"2025-12-21T21:20:09","date_gmt":"2025-12-21T21:20:09","guid":{"rendered":"https:\/\/www.europesays.com\/pt\/197633\/"},"modified":"2025-12-21T21:20:09","modified_gmt":"2025-12-21T21:20:09","slug":"dona-de-mim-leo-parte-para-cima-de-vivian-apos-tensao","status":"publish","type":"post","link":"https:\/\/www.europesays.com\/pt\/197633\/","title":{"rendered":"Dona de Mim: Leo parte para cima de Vivian ap\u00f3s tens\u00e3o"},"content":{"rendered":"<p>Leo (Clara Moneke) e Vivian (Marina Rigueira) transformam a tens\u00e3o secreta em embate aberto por causa de Sofia (Elis Cabral) em \u201cDona de Mim\u201d, da Globo. Enquanto isso, Samuel (Juan Paiva), assiste ao conflito crescer e tenta conter os danos, por\u00e9m n\u00e3o alcan\u00e7a o resultado esperado. Isso porque desde que Ellen (Camila Pitanga) voltou, Vivian passou a observar a proximidade de Leo e Samuel.<\/p>\n<p><strong><a href=\"https:\/\/ofuxico.com.br\/novelas\/dona-de-mim\/resumo-dos-capitulos-de-dona-de-mim-2\/\" target=\"_blank\" rel=\"noreferrer noopener nofollow\">Confira o resumo dos cap\u00edtulos de \u2018Dona de Mim\u2019<\/a><\/strong><\/p>\n<p>Embora a advogada saiba que os dois conversam principalmente sobre a prote\u00e7\u00e3o de Sofia, o inc\u00f4modo cresce. Assim, o ci\u00fame se soma \u00e0 inseguran\u00e7a e cria um clima de rivalidade constante. Al\u00e9m disso, a possibilidade de Ellen levar a filha para Portugal intensifica o desconforto. Em cenas previstas para irem ao ar a partir do cap\u00edtulo desta segunda-feira, 22 de dezembro, Leo decide enfrentar Vivian.<\/p>\n<p><strong><a href=\"https:\/\/ofuxico.com.br\/novelas\/dona-de-mim\/dona-de-mim-sofia-vira-criminosa-e-aplica-golpes-ao-lado-de-ellen\/\" target=\"_blank\" rel=\"noreferrer noopener nofollow\">Dona de Mim: Sofia \u2018vira criminosa\u2019 e aplica golpes ao lado de Ellen<\/a><\/strong><\/p>\n<p><strong>Leo e Vivian em p\u00e9 de guerra<\/strong><\/p>\n<p>A personagem questiona a situa\u00e7\u00e3o de Sofia diante do retorno da m\u00e3e e, ao mesmo tempo, aborda a amea\u00e7a de mudan\u00e7a de Ellen com a menina para fora do pa\u00eds. Portanto, a conversa evolui rapidamente para uma discuss\u00e3o intensa. Samuel tenta intervir e separar as duas, contudo o nervosismo domina o momento e amplia o desgaste entre todos os envolvidos.<\/p>\n<p><strong><a href=\"https:\/\/chat.whatsapp.com\/FnDWEihz4meDvhNL3hsfMi\" target=\"_blank\" rel=\"noreferrer noopener nofollow\">Receba as Not\u00edcias de OFuxico em seu celular<\/a><\/strong><\/p>\n<p>Mais adiante, no cap\u00edtulo de sexta-feira, 26 de dezembro, Leo assume uma postura ainda mais ativa. A personagem resolve investigar Ellen por conta pr\u00f3pria e busca informa\u00e7\u00f5es que possam comprometer a m\u00e3e de Sofia. Para isso, ela passa a seguir os passos da personagem de Camila Pitanga e utiliza uma tag rastreadora para acompanhar a localiza\u00e7\u00e3o da crian\u00e7a. Assim, o comportamento de Leo incomoda Vivian.<\/p>\n<p>No s\u00e1bado, 27 de dezembro, a tens\u00e3o retorna com for\u00e7a. Vivian repreende as atitudes de Leo, por\u00e9m Samuel surpreende ao tomar o partido da ex-namorada. Ele considera que a advogada exagerou na forma como lidou com a situa\u00e7\u00e3o. Dessa forma, o relacionamento entre Samuel e Vivian entra em um momento delicado e fica por um fio.<\/p>\n","protected":false},"excerpt":{"rendered":"Leo (Clara Moneke) e Vivian (Marina Rigueira) transformam a tens\u00e3o secreta em embate aberto por causa de Sofia&hellip;\n","protected":false},"author":2,"featured_media":197634,"comment_status":"","ping_status":"","sticky":false,"template":"","format":"standard","meta":{"footnotes":""},"categories":[142],"tags":[1718,114,115,32,33,151,2323],"class_list":{"0":"post-197633","1":"post","2":"type-post","3":"status-publish","4":"format-standard","5":"has-post-thumbnail","7":"category-tv","8":"tag-dona-de-mim","9":"tag-entertainment","10":"tag-entretenimento","11":"tag-portugal","12":"tag-pt","13":"tag-tv","14":"tag-tv-globo"},"share_on_mastodon":{"url":"https:\/\/pubeurope.com\/@pt\/115759652715225392","error":""},"_links":{"self":[{"href":"https:\/\/www.europesays.com\/pt\/wp-json\/wp\/v2\/posts\/197633","targetHints":{"allow":["GET"]}}],"collection":[{"href":"https:\/\/www.europesays.com\/pt\/wp-json\/wp\/v2\/posts"}],"about":[{"href":"https:\/\/www.europesays.com\/pt\/wp-json\/wp\/v2\/types\/post"}],"author":[{"embeddable":true,"href":"https:\/\/www.europesays.com\/pt\/wp-json\/wp\/v2\/users\/2"}],"replies":[{"embeddable":true,"href":"https:\/\/www.europesays.com\/pt\/wp-json\/wp\/v2\/comments?post=197633"}],"version-history":[{"count":0,"href":"https:\/\/www.europesays.com\/pt\/wp-json\/wp\/v2\/posts\/197633\/revisions"}],"wp:featuredmedia":[{"embeddable":true,"href":"https:\/\/www.europesays.com\/pt\/wp-json\/wp\/v2\/media\/197634"}],"wp:attachment":[{"href":"https:\/\/www.europesays.com\/pt\/wp-json\/wp\/v2\/media?parent=197633"}],"wp:term":[{"taxonomy":"category","embeddable":true,"href":"https:\/\/www.europesays.com\/pt\/wp-json\/wp\/v2\/categories?post=197633"},{"taxonomy":"post_tag","embeddable":true,"href":"https:\/\/www.europesays.com\/pt\/wp-json\/wp\/v2\/tags?post=197633"}],"curies":[{"name":"wp","href":"https:\/\/api.w.org\/{rel}","templated":true}]}}