{"id":197677,"date":"2025-12-21T22:08:10","date_gmt":"2025-12-21T22:08:10","guid":{"rendered":"https:\/\/www.europesays.com\/pt\/197677\/"},"modified":"2025-12-21T22:08:10","modified_gmt":"2025-12-21T22:08:10","slug":"revelados-os-nomes-das-filhas-lindas-de-vera-claudia-e-sao-muito-invulgares","status":"publish","type":"post","link":"https:\/\/www.europesays.com\/pt\/197677\/","title":{"rendered":"Revelados os nomes das filhas &#8220;lindas&#8221; de Vera Cl\u00e1udia&#8230; e s\u00e3o muito invulgares!"},"content":{"rendered":"<p>No Instagram,\u00a0<a href=\"https:\/\/selfie.iol.pt\/famosos\/casa-dos-segredos\/surpresa-vera-claudia-cumplice-de-conhecida-cantora-veja-as-imagens-ineditas\/20251214\/693f16a8d34e3caad84c5f7d\" target=\"_blank\" wbo-id=\"59\" rel=\"nofollow noopener\">Vera Cl\u00e1udia<\/a>\u00a0decidiu abrir um espa\u00e7o para responder a algumas curiosidades e quest\u00f5es dos seguidores. E as perguntas centraram-se no &#8220;<a href=\"https:\/\/tvi.iol.pt\/secretstory\/\" target=\"_blank\" wbo-id=\"60\" rel=\"nofollow noopener\">Secret Story &#8211; Casa dos Segredos<\/a>&#8220;, assim como na vida pessoal da ex-concorrente do reality show da <a href=\"https:\/\/tvi.iol.pt\/\" target=\"_blank\" rel=\"nofollow noopener\">TVI<\/a>.<\/p>\n<p>&#8220;Como se chamam as tuas filhas? S\u00e3o lindas&#8221;,\u00a0quis saber, por exemplo, um internauta. E Vera Cl\u00e1udia respondeu: &#8220;Mayanne e Dayanna.&#8221;<\/p>\n<p>Nestas perguntas, Vera Cl\u00e1udia ainda esclareceu o atual estado da rela\u00e7\u00e3o com\u00a0<a href=\"https:\/\/selfie.iol.pt\/fotos\/vera-claudia-faz-importante-esclarecimento-sobre-relacao-com-fabio-pereira\/6947a70fd34e3caad84ca561\" target=\"_blank\" rel=\"nofollow noopener\">F\u00e1bio Pereira<\/a>.<\/p>\n<p>Veja todas as respostas na galeria de fotografias que prepar\u00e1mos para si.<\/p>\n","protected":false},"excerpt":{"rendered":"No Instagram,\u00a0Vera Cl\u00e1udia\u00a0decidiu abrir um espa\u00e7o para responder a algumas curiosidades e quest\u00f5es dos seguidores. E as perguntas&hellip;\n","protected":false},"author":2,"featured_media":197678,"comment_status":"","ping_status":"","sticky":false,"template":"","format":"standard","meta":{"footnotes":""},"categories":[142],"tags":[2632,114,115,980,1015,619,32,33,1014,1315,1012,151,162,24887],"class_list":{"0":"post-197677","1":"post","2":"type-post","3":"status-publish","4":"format-standard","5":"has-post-thumbnail","7":"category-tv","8":"tag-casa-dos-segredos","9":"tag-entertainment","10":"tag-entretenimento","11":"tag-famosos","12":"tag-instagram","13":"tag-nacional","14":"tag-portugal","15":"tag-pt","16":"tag-reality-show","17":"tag-secret-story","18":"tag-selfie","19":"tag-tv","20":"tag-tvi","21":"tag-vera-claudia"},"share_on_mastodon":{"url":"https:\/\/pubeurope.com\/@pt\/115759841480725465","error":""},"_links":{"self":[{"href":"https:\/\/www.europesays.com\/pt\/wp-json\/wp\/v2\/posts\/197677","targetHints":{"allow":["GET"]}}],"collection":[{"href":"https:\/\/www.europesays.com\/pt\/wp-json\/wp\/v2\/posts"}],"about":[{"href":"https:\/\/www.europesays.com\/pt\/wp-json\/wp\/v2\/types\/post"}],"author":[{"embeddable":true,"href":"https:\/\/www.europesays.com\/pt\/wp-json\/wp\/v2\/users\/2"}],"replies":[{"embeddable":true,"href":"https:\/\/www.europesays.com\/pt\/wp-json\/wp\/v2\/comments?post=197677"}],"version-history":[{"count":0,"href":"https:\/\/www.europesays.com\/pt\/wp-json\/wp\/v2\/posts\/197677\/revisions"}],"wp:featuredmedia":[{"embeddable":true,"href":"https:\/\/www.europesays.com\/pt\/wp-json\/wp\/v2\/media\/197678"}],"wp:attachment":[{"href":"https:\/\/www.europesays.com\/pt\/wp-json\/wp\/v2\/media?parent=197677"}],"wp:term":[{"taxonomy":"category","embeddable":true,"href":"https:\/\/www.europesays.com\/pt\/wp-json\/wp\/v2\/categories?post=197677"},{"taxonomy":"post_tag","embeddable":true,"href":"https:\/\/www.europesays.com\/pt\/wp-json\/wp\/v2\/tags?post=197677"}],"curies":[{"name":"wp","href":"https:\/\/api.w.org\/{rel}","templated":true}]}}