{"id":197695,"date":"2025-12-21T22:27:11","date_gmt":"2025-12-21T22:27:11","guid":{"rendered":"https:\/\/www.europesays.com\/pt\/197695\/"},"modified":"2025-12-21T22:27:11","modified_gmt":"2025-12-21T22:27:11","slug":"santa-clara-x-arouca-ao-minuto-maisfutebol","status":"publish","type":"post","link":"https:\/\/www.europesays.com\/pt\/197695\/","title":{"rendered":"Santa Clara X Arouca &#8211; AO MINUTO &#8211; Maisfutebol"},"content":{"rendered":"<ol>\n<li><a href=\"https:\/\/news.google.com\/rss\/articles\/CBMiXkFVX3lxTFBaMDBXaFFhV2hzeW9yUXA5b3hDdnJNRnNERjZqMDd1YW40d1B1bVhYMTNGQ3Jia2t3U2JBMks2NHp0d0ZJUkF3UFViTXprTXdfbU5aWmtLUVNDREltZXc?oc=5\" target=\"_blank\" rel=\"nofollow noopener\">Santa Clara X Arouca &#8211; AO MINUTO<\/a>&nbsp;&nbsp;Maisfutebol<\/li>\n<li><a href=\"https:\/\/news.google.com\/rss\/articles\/CBMihgFBVV95cUxQQmVVRGs1WkFDWjRndFQtY240Z2JzNDFleXRoUVMtbU4tQzBvX2lhdDNWX0l2TnQwRWNBWG02a2VtY1pDaU5vZkxWR0t4dFkwQTNBRHRYQ0RBMjFDdVhKd3ZFaTFIRXZJc2xkT3FrOWhnbG9KWldLOWdZRjJLa2FObjA1VnA0UQ?oc=5\" target=\"_blank\" rel=\"nofollow noopener\">Santa Clara x Arouca Palpites &#8211; Onde Assistir, Hor\u00e1rio e Escala\u00e7\u00f5es 21\/12<\/a>&nbsp;&nbsp;Portal Uai<\/li>\n<li><a href=\"https:\/\/news.google.com\/rss\/articles\/CBMif0FVX3lxTFBCaHIybjNKeGt4SF9UNmN2QXZoMC1XNm5MNkZYQzJGdGd3cU53WlVsdTRHYVp3M2ZUemVSVERyM3I3aEhSZldpU005eTNQQjNKWDB2WVlqUnZ2VXl3TjcwS2RETXVPd19JWTRKZFVQOHpZR0pONE5mTFhjMzY4czA?oc=5\" target=\"_blank\" rel=\"nofollow noopener\">I Liga. Santa Clara &#8211; FC Arouca<\/a>&nbsp;&nbsp;RTP<\/li>\n<li><a href=\"https:\/\/news.google.com\/rss\/articles\/CBMihAJBVV95cUxPdTRROW5uWnRTUUZrOF9WbWg2cTdqcVBCWTB3YjV1M3lvbWxueXVOMjBQejNJVlJfN3U2bGI4eGJ2UHItMG0yTlBpaWQ5Q0sxNWlGcjlTVFk1U0d5eUJSZHE2bHJMVlp4YzZtQ0ZVX2JSaVJFMk1sVFhVc2FRLWdMQnZzRVpIb1h4V2xlYkIxQlgyNDZPTEFtRXFwenFWRldkeDE0b2VJMmZ1NUhmY0VJeDRSUjN3WjV3b2dsc203WTBaNThLM3ljX0g1TVZWek92M1pScnZqaDY5b1N5ZWVCY0pIdjNNcGZIUTdfUnM5ZHBvVXFDd3ZUSzBhX1Y4R2Q1YUlyLQ?oc=5\" target=\"_blank\" rel=\"nofollow noopener\">Vasco Matos critica calend\u00e1rio da Primeira Liga: \u00abSentimo-nos bastante prejudicados, mas isso tem ser o nosso combust\u00edvel\u00bb<\/a>&nbsp;&nbsp;Bola na Rede<\/li>\n<li><a href=\"https:\/\/news.google.com\/rss\/articles\/CBMitAFBVV95cUxPdmhONzRUTjFJdjlFcURONGFKTmxkeXFCb1B4Ml9GUGdaSVlSN0FTaVVmckt2Rnk5c2pwdjI0QjI3QWNXdUFTVDMydFdPSGNjc29XOGJYaHh0emF2MVB2NzFTZ3owMUtvUHhhSXMtS0lwUl9fWUx4NVdIMy10OHpYU3FHZlNVTEVGNndLRElPRmxGMjUyazVrUTk4dVlScklFS282ZHVBbDRIUjVhbTRJeTRSbWw?oc=5\" target=\"_blank\" rel=\"nofollow noopener\">Sobrecarga e calend\u00e1rios: o papel dos jogadores<\/a>&nbsp;&nbsp;Record<\/li>\n<\/ol>\n","protected":false},"excerpt":{"rendered":"Santa Clara X Arouca &#8211; AO MINUTO&nbsp;&nbsp;Maisfutebol Santa Clara x Arouca Palpites &#8211; Onde Assistir, Hor\u00e1rio e Escala\u00e7\u00f5es&hellip;\n","protected":false},"author":2,"featured_media":52081,"comment_status":"","ping_status":"","sticky":false,"template":"","format":"standard","meta":{"footnotes":""},"categories":[87],"tags":[3249,135,32,479,10127,33,47,423,134],"class_list":{"0":"post-197695","1":"post","2":"type-post","3":"status-publish","4":"format-standard","5":"has-post-thumbnail","7":"category-desporto","8":"tag-arouca","9":"tag-desporto","10":"tag-portugal","11":"tag-primeira-liga","12":"tag-primeira-liga-2025-2026","13":"tag-pt","14":"tag-pura-paixao","15":"tag-santa-clara","16":"tag-sports"},"share_on_mastodon":{"url":"https:\/\/pubeurope.com\/@pt\/115759916288355412","error":""},"_links":{"self":[{"href":"https:\/\/www.europesays.com\/pt\/wp-json\/wp\/v2\/posts\/197695","targetHints":{"allow":["GET"]}}],"collection":[{"href":"https:\/\/www.europesays.com\/pt\/wp-json\/wp\/v2\/posts"}],"about":[{"href":"https:\/\/www.europesays.com\/pt\/wp-json\/wp\/v2\/types\/post"}],"author":[{"embeddable":true,"href":"https:\/\/www.europesays.com\/pt\/wp-json\/wp\/v2\/users\/2"}],"replies":[{"embeddable":true,"href":"https:\/\/www.europesays.com\/pt\/wp-json\/wp\/v2\/comments?post=197695"}],"version-history":[{"count":0,"href":"https:\/\/www.europesays.com\/pt\/wp-json\/wp\/v2\/posts\/197695\/revisions"}],"wp:featuredmedia":[{"embeddable":true,"href":"https:\/\/www.europesays.com\/pt\/wp-json\/wp\/v2\/media\/52081"}],"wp:attachment":[{"href":"https:\/\/www.europesays.com\/pt\/wp-json\/wp\/v2\/media?parent=197695"}],"wp:term":[{"taxonomy":"category","embeddable":true,"href":"https:\/\/www.europesays.com\/pt\/wp-json\/wp\/v2\/categories?post=197695"},{"taxonomy":"post_tag","embeddable":true,"href":"https:\/\/www.europesays.com\/pt\/wp-json\/wp\/v2\/tags?post=197695"}],"curies":[{"name":"wp","href":"https:\/\/api.w.org\/{rel}","templated":true}]}}