{"id":197715,"date":"2025-12-21T22:50:55","date_gmt":"2025-12-21T22:50:55","guid":{"rendered":"https:\/\/www.europesays.com\/pt\/197715\/"},"modified":"2025-12-21T22:50:55","modified_gmt":"2025-12-21T22:50:55","slug":"final-de-semana-de-marcello-novaes-em-sc-tem-surfe-praia-familia-e-amigos-reunidos","status":"publish","type":"post","link":"https:\/\/www.europesays.com\/pt\/197715\/","title":{"rendered":"Final de semana de Marcello Novaes em SC tem surfe, praia, fam\u00edlia e amigos reunidos"},"content":{"rendered":"<p>Marcello Novaes tem compartilhado com anima\u00e7\u00e3o os <strong><a href=\"https:\/\/www.nsctotal.com.br\/noticias\/como-uma-praia-isolada-em-sc-virou-a-queridinha-do-brasil\" target=\"_blank\" rel=\"noreferrer noopener nofollow\">\u00faltimos dias no Sul de Santa Catarina<\/a><\/strong>. O ator, que atualmente vive Jaques na novela Dona de Mim, da TV Globo, embarcou rumo a Florian\u00f3polis na quinta-feira (18), de onde seguiu para Garopaba, onde curte um resort com piscina de ondas, para surfar. Ele veio acompanhado do filho, Diogo Beta Novaes.<\/p>\n<p>Continua depois da publicidade<\/p>\n<p>Ainda na quinta, o ator compartilhou um clique ao lado de Diogo dentro do avi\u00e3o, e escreveu: \u201cPartiu f\u00e9rias, partiu Floripa, partiu Praia do Rosa e Surfland, surfar essa experi\u00eancia totalmente nova pra mim. Infelizmente o Pedroca [Pedro Novaes, filho mais novo de Marcello] n\u00e3o foi liberado do trabalho. Mas eu e Diogo vamos voltar com voc\u00ea na pr\u00f3xima, meu filho\u201d.<\/p>\n<p>Na sexta (19), um v\u00eddeo que mostra o <strong><a href=\"https:\/\/www.nsctotal.com.br\/noticias\/litoral-de-santa-catarina-ganha-a-primeira-piscina-de-ondas-artificiais-do-sul-do-brasil\" target=\"_blank\" rel=\"noreferrer noopener nofollow\">resort Surfland, em Garopaba<\/a><\/strong>, foi compartilhado pelo ator. O local tem a primeira piscina de ondas artificiais do Sul do Brasil, e \u00e9 frequentado por praticantes do surfe, al\u00e9m de entusiastas do esporte.<\/p>\n<p>Continua depois da publicidade<\/p>\n<p>Uma foto de Marcello surfando em Garopaba foi compartilhada na conta oficial dele no Instagram no s\u00e1bado (20). Ele ainda comemorou a experi\u00eancia de surfar em uma piscina: \u201cLiteralmente uma grande divers\u00e3o\u201d.<\/p>\n<p>Ainda no s\u00e1bado, o ator posou ao lado de George Israel, compositor e saxofonista. \u201cOlha quem chegou pra curtir com a gente\u201d, escreveu Marcello.<\/p>\n<p>Veja em fotos como est\u00e1 sendo o fim de semana de Marcello Novaes em SC1<\/p>\n<p>VoltarAvan\u00e7ar<\/p>\n<p><img loading=\"lazy\" decoding=\"async\" width=\"1200\" height=\"675\" data-id=\"7762289\" src=\"https:\/\/www.europesays.com\/pt\/wp-content\/uploads\/2025\/12\/Marcello-Novaes.jpg\" alt=\"Marcello Novaes e filho Diogo a caminho de SC para viagem de surfe\" class=\"wp-image-7762289\"  \/><\/p>\n<p>Ator ao lado do filho a caminho de SC (Foto: Redes Sociais, Reprodu\u00e7\u00e3o)<\/p>\n<p><img loading=\"lazy\" decoding=\"async\" width=\"1200\" height=\"675\" data-id=\"7762290\" src=\"https:\/\/www.europesays.com\/pt\/wp-content\/uploads\/2025\/12\/Marcello-Novaes-2.jpg\" alt=\"Marcello Novaes e George Israel em praia de SC\" class=\"wp-image-7762290\"  \/><\/p>\n<p>Com o amigo George Israel, ator compartilhou foto nas redes (Foto: Redes Sociais, Reprodu\u00e7\u00e3o)<\/p>\n<p><img loading=\"lazy\" decoding=\"async\" width=\"1200\" height=\"675\" data-id=\"7762291\" src=\"https:\/\/www.europesays.com\/pt\/wp-content\/uploads\/2025\/12\/Marcello-Novaes-3.jpg\" alt=\"Marcello Novaes e massoterapeutas em SC\" class=\"wp-image-7762291\"  \/><\/p>\n<p>Ator tamb\u00e9m foi a massoterapeuta (Foto: Redes Sociais, Reprodu\u00e7\u00e3o)<\/p>\n<p><img loading=\"lazy\" decoding=\"async\" width=\"1200\" height=\"675\" data-id=\"7762292\" src=\"https:\/\/www.europesays.com\/pt\/wp-content\/uploads\/2025\/12\/Marcello-Novaes-4.jpg\" alt=\"Marcello Novaes surfanto \" class=\"wp-image-7762292\"  \/><\/p>\n<p>Marcello Novaes surfando em Garopaba (Foto: Redes Sociais, Reprodu\u00e7\u00e3o)<\/p>\n<p><img loading=\"lazy\" decoding=\"async\" width=\"1200\" height=\"675\" data-id=\"7740064\" src=\"https:\/\/www.europesays.com\/pt\/wp-content\/uploads\/2025\/11\/resumo-da-semana-de-dona-de-mim-capitulos-de-8-a-13-de-dezembro-2.jpg\" alt=\"Marcello Novaes \u00e9 Jaques em Dona de Mim\" class=\"wp-image-7740064\"  \/><\/p>\n<p>Marcello Novaes est\u00e1 nas telinhas como Jaques, em Dona de Mim (Foto: Reprodu\u00e7\u00e3o, TV Globo)<\/p>\n<p>O que \u00e9 o Surfland?<\/p>\n<p>O Surfland Brasil fica em Garopaba e conta com <strong><a href=\"https:\/\/surflandbrasil.com.br\/\" target=\"_blank\" rel=\"noreferrer noopener nofollow\">piscinas com 13 tipos diferentes de sess\u00f5es de ondas artificiais<\/a><\/strong>. Para os amantes do surfe, as ondas podem chegar a at\u00e9 1,9 metro de face, e o surfista tem a op\u00e7\u00e3o de encarar 150 metros de extens\u00e3o de tubos e paredes manobr\u00e1veis.<\/p>\n<p>Continua depois da publicidade<\/p>\n<p>Al\u00e9m disso, um caminho com ondas mais amig\u00e1veis, para iniciantes, tamb\u00e9m est\u00e1 \u00e0 disposi\u00e7\u00e3o. Constru\u00eddo com tecnologia internacional, a piscina de ondas do litoral sul-catarinense entrega uma onda a cada quatro segundos em cada um dos lados da piscina.<\/p>\n<p>Al\u00e9m do surfe, o empreendimento tamb\u00e9m conta com \u00e1reas completas para quem deseja jogar t\u00eanis, beach t\u00eanis, futebol de grama, quadras de areia, trilhas, ciclovias, academia, \u00e1rea kids e um espa\u00e7o gastron\u00f4mico e comercial. Um dos outros grandes atrativos do Surfland \u00e9 um skatepark completo, que foi projetado pelo vice-campe\u00e3o ol\u00edmpico, Pedro Barros.<\/p>\n<p>Veja fotos do parque de piscinas de ondas artificiais em SC1<\/p>\n<p>VoltarAvan\u00e7ar<\/p>\n<p><img loading=\"lazy\" decoding=\"async\" width=\"1200\" height=\"675\" data-id=\"7004241\" src=\"https:\/\/www.europesays.com\/pt\/wp-content\/uploads\/2025\/12\/Litoral-de-Santa-Catarina-ganha-a-primeira-piscina-de-ondas-artificiais-do-Sul-do-Brasil-2.jpg\" alt=\"Litoral de Santa Catarina ganha a primeira piscina de ondas artificiais do Sul do Brasil (2)\" class=\"wp-image-7004241\"  \/><\/p>\n<p>Pedro Barros na piscina de ondas (Foto: Divulga\u00e7\u00e3o\/Surfland)<\/p>\n<p><img loading=\"lazy\" decoding=\"async\" width=\"1200\" height=\"675\" data-id=\"7004242\" src=\"https:\/\/www.europesays.com\/pt\/wp-content\/uploads\/2025\/12\/Litoral-de-Santa-Catarina-ganha-a-primeira-piscina-de-ondas-artificiais-do-Sul-do-Brasil-3.jpg\" alt=\"Litoral de Santa Catarina ganha a primeira piscina de ondas artificiais do Sul do Brasil (3)\" class=\"wp-image-7004242\"  \/><\/p>\n<p>Bela Nalu pega um tubo na piscina de ondas artificiais (Foto: Divulga\u00e7\u00e3o\/Surfland)<\/p>\n<p><img loading=\"lazy\" decoding=\"async\" width=\"1200\" height=\"675\" data-id=\"7004247\" src=\"https:\/\/www.europesays.com\/pt\/wp-content\/uploads\/2025\/12\/Litoral-de-Santa-Catarina-ganha-a-primeira-piscina-de-ondas-artificiais-do-Sul-do-Brasil.jpg\" alt=\"Litoral de Santa Catarina ganha a primeira piscina de ondas artificiais do Sul do Brasil\" class=\"wp-image-7004247\"  \/><\/p>\n<p>Tatiana Weston pegando onda no local (Foto: Divulga\u00e7\u00e3o\/Surfland)<\/p>\n<p><img loading=\"lazy\" decoding=\"async\" width=\"1200\" height=\"675\" data-id=\"7004246\" src=\"https:\/\/www.europesays.com\/pt\/wp-content\/uploads\/2025\/12\/Litoral-de-Santa-Catarina-ganha-a-primeira-piscina-de-ondas-artificiais-do-Sul-do-Brasil-5.jpg\" alt=\"Litoral de Santa Catarina ganha a primeira piscina de ondas artificiais do Sul do Brasil (4)\" class=\"wp-image-7004246\"  \/><\/p>\n<p>Pedro Barros voando, local tamb\u00e9m vai contar com pista de skate (Foto: Divulga\u00e7\u00e3o\/Surfland)<\/p>\n<p><img loading=\"lazy\" decoding=\"async\" width=\"1200\" height=\"675\" data-id=\"7004245\" src=\"https:\/\/www.europesays.com\/pt\/wp-content\/uploads\/2025\/12\/Litoral-de-Santa-Catarina-ganha-a-primeira-piscina-de-ondas-artificiais-do-Sul-do-Brasil-4.jpg\" alt=\"Litoral de Santa Catarina ganha a primeira piscina de ondas artificiais do Sul do Brasil (4)\" class=\"wp-image-7004245\"  \/><\/p>\n<p>Vista a\u00e9rea do local (Foto: Divulga\u00e7\u00e3o\/Surfland)<\/p>\n<p>Quem \u00e9 Marcello Novaes?<\/p>\n<p>Marcello \u00e9 um ator brasileiro conhecido pela \u201cpinta de surfista\u201d. Ele estreou nas telinhas em 1988, com a vers\u00e3o original de Vale Tudo. Ele ainda viveu o vil\u00e3o Max em Avenida Brasil, e agora est\u00e1 no ar com Dona de Mim, como Jaques. O ator ainda se destacou em novelas como Uga-Uga, O Clone, Chocolate com Pimenta, A Casa das Sete Mulheres e Am\u00e9rica.<\/p>\n<p>Continua depois da publicidade<\/p>\n<p>Ele vem a Santa Catarina com o filho Diogo, de 30 anos. Diogo \u00e9 filho do ator com Sheyla Beta. Marcello tamb\u00e9m \u00e9 pai de Pedro Novaes, de 29 anos, fruto do relacionamento com a atriz Let\u00edcia Spiller.<\/p>\n<p>Na legenda da imagem revelando o destino das f\u00e9rias, Marcello explicou tamb\u00e9m a aus\u00eancia de Pedro: \u201cInfelizmente o Pedroca n\u00e3o foi liberado do trabalho\u2026 Mas eu e Diogo vamos voltar com vc na pr\u00f3xima meu filho.\u201d<\/p>\n<p>Longe dos holofotes, Marcello <strong><a href=\"https:\/\/www.nsctotal.com.br\/noticias\/como-e-a-casa-de-marcello-novaes-o-jaques-de-dona-de-mim\" target=\"_blank\" rel=\"noreferrer noopener nofollow\">mora num s\u00edtio<\/a><\/strong>, al\u00e9m de ter uma casa no Rio para ficar mais perto do trabalho. Al\u00e9m da atua\u00e7\u00e3o e do amor pelo surfe, ele se dedica aos trabalhos manuais, como constru\u00e7\u00e3o de m\u00f3veis e objetivos decorativos.<\/p>\n<p>Como \u00e9 a casa do ator Marcello Novaes, o Jaques de Dona de Mim1<\/p>\n<p>VoltarAvan\u00e7ar<\/p>\n<p><img loading=\"lazy\" decoding=\"async\" width=\"1200\" height=\"675\" data-id=\"7734136\" src=\"https:\/\/www.europesays.com\/pt\/wp-content\/uploads\/2025\/11\/casa-de-marcello-novaes-jaques-dona-de-mim.jpg\" alt=\"casa de marcello novaes jaques dona de mim\" class=\"wp-image-7734136\"  \/><\/p>\n<p>Marcello Novaes em seu s\u00edtio (Foto: Reprodu\u00e7\u00e3o, gshow)<\/p>\n<p><img loading=\"lazy\" decoding=\"async\" width=\"1200\" height=\"675\" data-id=\"7734116\" src=\"https:\/\/www.europesays.com\/pt\/wp-content\/uploads\/2025\/11\/casa-de-marcello-novaes-jaques-dona-de-mim-13.jpg\" alt=\"\" class=\"wp-image-7734116\"  \/><\/p>\n<p>Im\u00f3vel fica em Teres\u00f3polis, na regi\u00e3o serrana do Rio de Janeiro (Foto: Reprodu\u00e7\u00e3o, gshow)<\/p>\n<p><img loading=\"lazy\" decoding=\"async\" width=\"1200\" height=\"675\" data-id=\"7734117\" src=\"https:\/\/www.europesays.com\/pt\/wp-content\/uploads\/2025\/11\/casa-de-marcello-novaes-jaques-dona-de-mim-14.jpg\" alt=\"casa de marcello novaes jaques dona de mim\" class=\"wp-image-7734117\"  \/><\/p>\n<p>Local fica afastado (Foto: Reprodu\u00e7\u00e3o, gshow)<\/p>\n<p><img loading=\"lazy\" decoding=\"async\" width=\"1200\" height=\"675\" data-id=\"7734118\" src=\"https:\/\/www.europesays.com\/pt\/wp-content\/uploads\/2025\/11\/casa-de-marcello-novaes-jaques-dona-de-mim-15.jpg\" alt=\"\" class=\"wp-image-7734118\"  \/><\/p>\n<p>Ator j\u00e1 frequentava o local na adolesc\u00eancia (Foto: Reprodu\u00e7\u00e3o, gshow)<\/p>\n<p><img loading=\"lazy\" decoding=\"async\" width=\"1200\" height=\"675\" data-id=\"7734119\" src=\"https:\/\/www.europesays.com\/pt\/wp-content\/uploads\/2025\/11\/casa-de-marcello-novaes-jaques-dona-de-mim-16.jpg\" alt=\"casa de marcello novaes jaques dona de mim\" class=\"wp-image-7734119\"  \/><\/p>\n<p>Oficina do ator para trabalhos manuais (Foto: Reprodu\u00e7\u00e3o, gshow)<\/p>\n<p><img loading=\"lazy\" decoding=\"async\" width=\"1200\" height=\"675\" data-id=\"7734120\" src=\"https:\/\/www.europesays.com\/pt\/wp-content\/uploads\/2025\/11\/casa-de-marcello-novaes-jaques-dona-de-mim-17.jpg\" alt=\"\" class=\"wp-image-7734120\"  \/><\/p>\n<p>Marcello fica em contato com a natureza (Foto: Reprodu\u00e7\u00e3o, gshow)<\/p>\n<p><img loading=\"lazy\" decoding=\"async\" width=\"1200\" height=\"675\" data-id=\"7734121\" src=\"https:\/\/www.europesays.com\/pt\/wp-content\/uploads\/2025\/11\/casa-de-marcello-novaes-jaques-dona-de-mim-18.jpg\" alt=\"casa de marcello novaes jaques dona de mim\" class=\"wp-image-7734121\"  \/><\/p>\n<p>C\u00f3rrego do local (Foto: Reprodu\u00e7\u00e3o, gshow)<\/p>\n<p><img loading=\"lazy\" decoding=\"async\" width=\"1200\" height=\"675\" data-id=\"7734122\" src=\"https:\/\/www.europesays.com\/pt\/wp-content\/uploads\/2025\/11\/casa-de-marcello-novaes-jaques-dona-de-mim-19.jpg\" alt=\"\" class=\"wp-image-7734122\"  \/><\/p>\n<p>Lareira do local (Foto: Reprodu\u00e7\u00e3o, gshow)<\/p>\n<p><img loading=\"lazy\" decoding=\"async\" width=\"1200\" height=\"675\" data-id=\"7734123\" src=\"https:\/\/www.europesays.com\/pt\/wp-content\/uploads\/2025\/11\/casa-de-marcello-novaes-jaques-dona-de-mim-20.jpg\" alt=\"\" class=\"wp-image-7734123\"  \/><\/p>\n<p>Um dos cachorros de Marcello Novaes (Foto: Reprodu\u00e7\u00e3o, gshow)<\/p>\n<p><img loading=\"lazy\" decoding=\"async\" width=\"1200\" height=\"675\" data-id=\"7734124\" src=\"https:\/\/www.europesays.com\/pt\/wp-content\/uploads\/2025\/11\/casa-de-marcello-novaes-jaques-dona-de-mim-2.jpg\" alt=\"casa de marcello novaes jaques dona de mim\" class=\"wp-image-7734124\"  \/><\/p>\n<p>Ator gosta de fazer trabalho manuais (Foto: Reprodu\u00e7\u00e3o, gshow)<\/p>\n<p><img loading=\"lazy\" decoding=\"async\" width=\"1200\" height=\"675\" data-id=\"7734125\" src=\"https:\/\/www.europesays.com\/pt\/wp-content\/uploads\/2025\/11\/casa-de-marcello-novaes-jaques-dona-de-mim-3.jpg\" alt=\"\" class=\"wp-image-7734125\"  \/><\/p>\n<p>Marcello Novaes curtindo com seu cachorro (Foto: Reprodu\u00e7\u00e3o, gshow)<\/p>\n<p><img loading=\"lazy\" decoding=\"async\" width=\"1200\" height=\"675\" data-id=\"7734126\" src=\"https:\/\/www.europesays.com\/pt\/wp-content\/uploads\/2025\/11\/casa-de-marcello-novaes-jaques-dona-de-mim-4.jpg\" alt=\"casa de marcello novaes jaques dona de mim\" class=\"wp-image-7734126\"  \/><\/p>\n<p>Com a fam\u00edlia no s\u00edtio (Foto: Reprodu\u00e7\u00e3o, gshow)<\/p>\n<p><img loading=\"lazy\" decoding=\"async\" width=\"1200\" height=\"675\" data-id=\"7734127\" src=\"https:\/\/www.europesays.com\/pt\/wp-content\/uploads\/2025\/11\/casa-de-marcello-novaes-jaques-dona-de-mim-5.jpg\" alt=\"\" class=\"wp-image-7734127\"  \/><\/p>\n<p>Os filhos de Marcello aproveitando o local (Foto: Reprodu\u00e7\u00e3o, gshow)<\/p>\n<p><img loading=\"lazy\" decoding=\"async\" width=\"1200\" height=\"675\" data-id=\"7734129\" src=\"https:\/\/www.europesays.com\/pt\/wp-content\/uploads\/2025\/11\/casa-de-marcello-novaes-jaques-dona-de-mim-6.jpg\" alt=\"casa de marcello novaes jaques dona de mim\" class=\"wp-image-7734129\"  \/><\/p>\n<p>Ator trocou a agita\u00e7\u00e3o do Rio de Janeiro pela paz de Teres\u00f3polis (Foto: Reprodu\u00e7\u00e3o, gshow)<\/p>\n<p><img loading=\"lazy\" decoding=\"async\" width=\"1200\" height=\"675\" data-id=\"7734130\" src=\"https:\/\/www.europesays.com\/pt\/wp-content\/uploads\/2025\/11\/casa-de-marcello-novaes-jaques-dona-de-mim-7.jpg\" alt=\"casa de marcello novaes jaques dona de mim\" class=\"wp-image-7734130\"  \/><\/p>\n<p>Durante a pandemia ficou dois anos no local (Foto: Reprodu\u00e7\u00e3o, gshow)<\/p>\n<p><img loading=\"lazy\" decoding=\"async\" width=\"1200\" height=\"675\" data-id=\"7734131\" src=\"https:\/\/www.europesays.com\/pt\/wp-content\/uploads\/2025\/11\/casa-de-marcello-novaes-jaques-dona-de-mim-8.jpg\" alt=\"\" class=\"wp-image-7734131\"  \/><\/p>\n<p>Planta tamb\u00e9m est\u00e1 entre as atividades do ator (Foto: Reprodu\u00e7\u00e3o, gshow)<\/p>\n<p><img loading=\"lazy\" decoding=\"async\" width=\"1200\" height=\"675\" data-id=\"7734132\" src=\"https:\/\/www.europesays.com\/pt\/wp-content\/uploads\/2025\/11\/casa-de-marcello-novaes-jaques-dona-de-mim-9.jpg\" alt=\"casa de marcello novaes jaques dona de mim\" class=\"wp-image-7734132\"  \/><\/p>\n<p>S\u00edtio de Marcello Novaes (Foto: Reprodu\u00e7\u00e3o, gshow)<\/p>\n<p><img loading=\"lazy\" decoding=\"async\" width=\"1200\" height=\"675\" data-id=\"7734133\" src=\"https:\/\/www.europesays.com\/pt\/wp-content\/uploads\/2025\/11\/casa-de-marcello-novaes-jaques-dona-de-mim-10.jpg\" alt=\"\" class=\"wp-image-7734133\"  \/><\/p>\n<p>Ator ainda mant\u00e9m a casa na Barra da Tijuca (Foto: Reprodu\u00e7\u00e3o, gshow)<\/p>\n<p><img loading=\"lazy\" decoding=\"async\" width=\"1200\" height=\"675\" data-id=\"7734134\" src=\"https:\/\/www.europesays.com\/pt\/wp-content\/uploads\/2025\/11\/casa-de-marcello-novaes-jaques-dona-de-mim-11.jpg\" alt=\"casa de marcello novaes jaques dona de mim\" class=\"wp-image-7734134\"  \/><\/p>\n<p>Marcello Novaes se exercitando (Foto: Reprodu\u00e7\u00e3o, gshow)<\/p>\n<p><img loading=\"lazy\" decoding=\"async\" width=\"1200\" height=\"675\" data-id=\"7734135\" src=\"https:\/\/www.europesays.com\/pt\/wp-content\/uploads\/2025\/11\/casa-de-marcello-novaes-jaques-dona-de-mim-12.jpg\" alt=\"\" class=\"wp-image-7734135\"  \/><\/p>\n<p>Horta do ator (Foto: Reprodu\u00e7\u00e3o, gshow)<\/p>\n<p>Continua depois da publicidade<\/p>\n","protected":false},"excerpt":{"rendered":"Marcello Novaes tem compartilhado com anima\u00e7\u00e3o os \u00faltimos dias no Sul de Santa Catarina. O ator, que atualmente&hellip;\n","protected":false},"author":2,"featured_media":197716,"comment_status":"","ping_status":"","sticky":false,"template":"","format":"standard","meta":{"footnotes":""},"categories":[145],"tags":[211,210,829,114,115,39508,32,33],"class_list":{"0":"post-197715","1":"post","2":"type-post","3":"status-publish","4":"format-standard","5":"has-post-thumbnail","7":"category-celebridades","8":"tag-celebridades","9":"tag-celebrities","10":"tag-conteudo-liberado","11":"tag-entertainment","12":"tag-entretenimento","13":"tag-garopaba","14":"tag-portugal","15":"tag-pt"},"share_on_mastodon":{"url":"https:\/\/pubeurope.com\/@pt\/115760011262421699","error":""},"_links":{"self":[{"href":"https:\/\/www.europesays.com\/pt\/wp-json\/wp\/v2\/posts\/197715","targetHints":{"allow":["GET"]}}],"collection":[{"href":"https:\/\/www.europesays.com\/pt\/wp-json\/wp\/v2\/posts"}],"about":[{"href":"https:\/\/www.europesays.com\/pt\/wp-json\/wp\/v2\/types\/post"}],"author":[{"embeddable":true,"href":"https:\/\/www.europesays.com\/pt\/wp-json\/wp\/v2\/users\/2"}],"replies":[{"embeddable":true,"href":"https:\/\/www.europesays.com\/pt\/wp-json\/wp\/v2\/comments?post=197715"}],"version-history":[{"count":0,"href":"https:\/\/www.europesays.com\/pt\/wp-json\/wp\/v2\/posts\/197715\/revisions"}],"wp:featuredmedia":[{"embeddable":true,"href":"https:\/\/www.europesays.com\/pt\/wp-json\/wp\/v2\/media\/197716"}],"wp:attachment":[{"href":"https:\/\/www.europesays.com\/pt\/wp-json\/wp\/v2\/media?parent=197715"}],"wp:term":[{"taxonomy":"category","embeddable":true,"href":"https:\/\/www.europesays.com\/pt\/wp-json\/wp\/v2\/categories?post=197715"},{"taxonomy":"post_tag","embeddable":true,"href":"https:\/\/www.europesays.com\/pt\/wp-json\/wp\/v2\/tags?post=197715"}],"curies":[{"name":"wp","href":"https:\/\/api.w.org\/{rel}","templated":true}]}}