{"id":197729,"date":"2025-12-21T23:12:18","date_gmt":"2025-12-21T23:12:18","guid":{"rendered":"https:\/\/www.europesays.com\/pt\/197729\/"},"modified":"2025-12-21T23:12:18","modified_gmt":"2025-12-21T23:12:18","slug":"radio-condestavel-serta-regiao-a-neve-voltou-esta-manha","status":"publish","type":"post","link":"https:\/\/www.europesays.com\/pt\/197729\/","title":{"rendered":"R\u00e1dio Condest\u00e1vel | SERT\u00c3\/Regi\u00e3o: A neve voltou esta manh\u00e3"},"content":{"rendered":"<p>                                                                                &#13;<br \/>\n                                                &#13;<br \/>\n                                                    <img decoding=\"async\" src=\"https:\/\/www.europesays.com\/pt\/wp-content\/uploads\/2025\/12\/cabecorainha21_12_20251.jpg\" alt=\"SERT\u00c3\/Regi\u00e3o: A neve voltou esta manh\u00e3\" class=\"img-responsive\" stule=\"margin: 0 auto\"\/>&#13;<\/p>\n<p>                                    <img decoding=\"async\" src=\"https:\/\/www.europesays.com\/pt\/wp-content\/uploads\/2025\/12\/1766358737_778_cabecorainha21_12_20251.jpg\" style=\"display:none\"\/><\/p>\n<p>Precisamente no dia em que se inicia o inverno, a neve apareceu para alegria de muitos que gostam da faceta desta esta\u00e7\u00e3o. A foto da R\u00e1dio Condest\u00e1vel, obtida \u00e0s 13:15, mostra um tro\u00e7o da estrada no alto do Cabe\u00e7o da Rainha a 1080 metros de altitude, local pertencente \u00e0 Uni\u00e3o de Freguesias de Ermida e Figueiredo, no concelho da Sert\u00e3.<br \/>Ainda n\u00e3o dispomos de mais informa\u00e7\u00e3o mas \u00e9 de acreditar que outros pontos altos da nossa regi\u00e3o possam apresentar o mesmo cen\u00e1rio.<br \/>Aqui a aten\u00e7\u00e3o de muitos dever\u00e1 ir para as vias rodovi\u00e1rias onde circulem para que tomem os devidos cuidados, situa\u00e7\u00e3o que iremos apurar posteriormente.<\/p>\n<p><strong>Atualiza\u00e7\u00e3o \u00e0s 14:35<\/strong>: Segundo informa\u00e7\u00e3o que conseguimos recolher junto da Autoridade Nacional de Emerg\u00eancia e Prote\u00e7\u00e3o Civil de Castelo Branco, neste momento e nesta regi\u00e3o n\u00e3o h\u00e1 estradas condicionadas.<\/p>\n<p>Fotos: R\u00e1dio Condest\u00e1vel, direitos reservados.<\/p>\n","protected":false},"excerpt":{"rendered":"&#13; &#13; &#13; Precisamente no dia em que se inicia o inverno, a neve apareceu para alegria de&hellip;\n","protected":false},"author":2,"featured_media":197730,"comment_status":"","ping_status":"","sticky":false,"template":"","format":"standard","meta":{"footnotes":""},"categories":[141],"tags":[2139,114,115,9086,7189,149,150,11288,32,33,20982,9417],"class_list":{"0":"post-197729","1":"post","2":"type-post","3":"status-publish","4":"format-standard","5":"has-post-thumbnail","7":"category-musica","8":"tag-chuva","9":"tag-entertainment","10":"tag-entretenimento","11":"tag-frio","12":"tag-inverno","13":"tag-music","14":"tag-musica","15":"tag-neve","16":"tag-portugal","17":"tag-pt","18":"tag-tempestade","19":"tag-vento"},"share_on_mastodon":{"url":"https:\/\/pubeurope.com\/@pt\/115760093709064771","error":""},"_links":{"self":[{"href":"https:\/\/www.europesays.com\/pt\/wp-json\/wp\/v2\/posts\/197729","targetHints":{"allow":["GET"]}}],"collection":[{"href":"https:\/\/www.europesays.com\/pt\/wp-json\/wp\/v2\/posts"}],"about":[{"href":"https:\/\/www.europesays.com\/pt\/wp-json\/wp\/v2\/types\/post"}],"author":[{"embeddable":true,"href":"https:\/\/www.europesays.com\/pt\/wp-json\/wp\/v2\/users\/2"}],"replies":[{"embeddable":true,"href":"https:\/\/www.europesays.com\/pt\/wp-json\/wp\/v2\/comments?post=197729"}],"version-history":[{"count":0,"href":"https:\/\/www.europesays.com\/pt\/wp-json\/wp\/v2\/posts\/197729\/revisions"}],"wp:featuredmedia":[{"embeddable":true,"href":"https:\/\/www.europesays.com\/pt\/wp-json\/wp\/v2\/media\/197730"}],"wp:attachment":[{"href":"https:\/\/www.europesays.com\/pt\/wp-json\/wp\/v2\/media?parent=197729"}],"wp:term":[{"taxonomy":"category","embeddable":true,"href":"https:\/\/www.europesays.com\/pt\/wp-json\/wp\/v2\/categories?post=197729"},{"taxonomy":"post_tag","embeddable":true,"href":"https:\/\/www.europesays.com\/pt\/wp-json\/wp\/v2\/tags?post=197729"}],"curies":[{"name":"wp","href":"https:\/\/api.w.org\/{rel}","templated":true}]}}