{"id":197737,"date":"2025-12-21T23:17:08","date_gmt":"2025-12-21T23:17:08","guid":{"rendered":"https:\/\/www.europesays.com\/pt\/197737\/"},"modified":"2025-12-21T23:17:08","modified_gmt":"2025-12-21T23:17:08","slug":"explosao-de-13-bilhoes-de-anos-atras-surpreende-cientistas-e-muda-teorias-antigas","status":"publish","type":"post","link":"https:\/\/www.europesays.com\/pt\/197737\/","title":{"rendered":"Explos\u00e3o de 13 bilh\u00f5es de anos atr\u00e1s surpreende cientistas e muda teorias antigas"},"content":{"rendered":"<p>Em 14 de mar\u00e7o de 2025, o sat\u00e9lite franco-chin\u00eas SVOM identificou um intenso surto de raios gama, sinal cl\u00e1ssico do colapso de uma estrela massiva, evento que acabou se tornando uma das observa\u00e7\u00f5es mais antigas de uma supernova j\u00e1 registradas.<\/p>\n<p>O alerta mobilizou uma verdadeira opera\u00e7\u00e3o internacional. Em menos de duas horas, o observat\u00f3rio Swift, da NASA, localizou a origem do fen\u00f4meno. Em seguida, telesc\u00f3pios nas Ilhas Can\u00e1rias e no Chile ajudaram a medir a dist\u00e2ncia extrema do objeto, indicando que apenas o Telesc\u00f3pio Espacial James Webb teria capacidade para analis\u00e1-lo em detalhes.<\/p>\n<p>James Webb confirma supernova no universo primitivo<\/p>\n<p>Com sua sensibilidade in\u00e9dita, o James Webb foi decisivo para confirmar que a luz vinha de uma supernova, resultado do colapso de uma estrela gigante quando o universo tinha apenas 5% da idade atual.<\/p>\n","protected":false},"excerpt":{"rendered":"Em 14 de mar\u00e7o de 2025, o sat\u00e9lite franco-chin\u00eas SVOM identificou um intenso surto de raios gama, sinal&hellip;\n","protected":false},"author":2,"featured_media":197738,"comment_status":"","ping_status":"","sticky":false,"template":"","format":"standard","meta":{"footnotes":""},"categories":[84],"tags":[109,107,108,32,33,105,103,104,106,110,2077],"class_list":{"0":"post-197737","1":"post","2":"type-post","3":"status-publish","4":"format-standard","5":"has-post-thumbnail","7":"category-ciencia-e-tecnologia","8":"tag-ciencia","9":"tag-ciencia-e-tecnologia","10":"tag-cienciaetecnologia","11":"tag-portugal","12":"tag-pt","13":"tag-science","14":"tag-science-and-technology","15":"tag-scienceandtechnology","16":"tag-technology","17":"tag-tecnologia","18":"tag-universo"},"share_on_mastodon":{"url":"https:\/\/pubeurope.com\/@pt\/115760112814182918","error":""},"_links":{"self":[{"href":"https:\/\/www.europesays.com\/pt\/wp-json\/wp\/v2\/posts\/197737","targetHints":{"allow":["GET"]}}],"collection":[{"href":"https:\/\/www.europesays.com\/pt\/wp-json\/wp\/v2\/posts"}],"about":[{"href":"https:\/\/www.europesays.com\/pt\/wp-json\/wp\/v2\/types\/post"}],"author":[{"embeddable":true,"href":"https:\/\/www.europesays.com\/pt\/wp-json\/wp\/v2\/users\/2"}],"replies":[{"embeddable":true,"href":"https:\/\/www.europesays.com\/pt\/wp-json\/wp\/v2\/comments?post=197737"}],"version-history":[{"count":0,"href":"https:\/\/www.europesays.com\/pt\/wp-json\/wp\/v2\/posts\/197737\/revisions"}],"wp:featuredmedia":[{"embeddable":true,"href":"https:\/\/www.europesays.com\/pt\/wp-json\/wp\/v2\/media\/197738"}],"wp:attachment":[{"href":"https:\/\/www.europesays.com\/pt\/wp-json\/wp\/v2\/media?parent=197737"}],"wp:term":[{"taxonomy":"category","embeddable":true,"href":"https:\/\/www.europesays.com\/pt\/wp-json\/wp\/v2\/categories?post=197737"},{"taxonomy":"post_tag","embeddable":true,"href":"https:\/\/www.europesays.com\/pt\/wp-json\/wp\/v2\/tags?post=197737"}],"curies":[{"name":"wp","href":"https:\/\/api.w.org\/{rel}","templated":true}]}}