{"id":197753,"date":"2025-12-21T23:38:09","date_gmt":"2025-12-21T23:38:09","guid":{"rendered":"https:\/\/www.europesays.com\/pt\/197753\/"},"modified":"2025-12-21T23:38:09","modified_gmt":"2025-12-21T23:38:09","slug":"funcionario-do-palacio-do-eliseu-furtava-pecas-de-prata-e-vendia-na-vinted-paris","status":"publish","type":"post","link":"https:\/\/www.europesays.com\/pt\/197753\/","title":{"rendered":"Funcion\u00e1rio do Pal\u00e1cio do Eliseu furtava pe\u00e7as de prata e vendia na Vinted | Paris"},"content":{"rendered":"<p>Um funcion\u00e1rio do Pal\u00e1cio do Eliseu, a resid\u00eancia oficial do Presidente franc\u00eas, foi detido por suspeita de furtar talheres de prata e pe\u00e7as de porcelana, no valor de 40 mil euros, para depois as vender e leiloar, avan\u00e7am os meios de comunica\u00e7\u00e3o franceses. Foram tamb\u00e9m detidos dois outros homens por suspeita de serem c\u00famplices dos furtos.<\/p>\n<p>O principal suspeito cumpria fun\u00e7\u00f5es de &#8220;mordomo de prata&#8221;. Isto \u00e9, armazenava, organizava, polia e inventariava talheres e outros elementos de prata e porcelana tendencialmente usados nas visitas de membros da realeza ou figuras internacionais \u00e0 resid\u00eancia oficial de Emmanuel Macron em Paris.<\/p>\n<p>Os suspeitos j\u00e1 compareceram em tribunal, no dia 18 de Dezembro, e o julgamento est\u00e1 marcado para 26 de Fevereiro. Est\u00e3o proibidos de ter contacto uns com os outros e foram suspensos das suas actividades profissionais e de locais de leil\u00e3o.<\/p>\n<p>Um dos homens \u00e9, segundo o <a href=\"https:\/\/www.lefigaro.fr\/culture\/le-receleur-de-la-vaisselle-volee-a-l-elysee-travaillait-au-louvre-comme-gardien-de-musee-20251219\" target=\"_blank\" rel=\"nofollow noopener\">Le Figaro<\/a>, um seguran\u00e7a do Museu do Louvre. \u00c9 suspeito de comprar algumas daquelas pe\u00e7as, consideradas patrim\u00f3nio nacional.<\/p>\n<p>As autoridades foram alertadas na semana passada para o desaparecimento de v\u00e1rios objectos de prata e porcelana. Segundo o <a href=\"https:\/\/www.theguardian.com\/world\/2025\/dec\/21\/elysee-palace-staff-member-accused-stealing-tableware\" target=\"_blank\" rel=\"nofollow noopener\">The Guardian<\/a>, o alerta foi dado por funcion\u00e1rios da f\u00e1brica de porcelana Manufacture Nationale de S\u00e8vres, onde foram feitos alguns dos artigos, que ter\u00e3o reconhecido os objectos em sites de leil\u00f5es.<\/p>\n<p>Rapidamente, as pistas levaram ao <a href=\"https:\/\/www.publico.pt\/2025\/12\/17\/culturaipsilon\/noticia\/museu-louvre-fechado-quartafeira-trabalhadores-decidem-prolongar-greve-2158375\" target=\"_blank\" rel=\"nofollow noopener\">funcion\u00e1rio<\/a> que tinha tamb\u00e9m uma conta na <a href=\"https:\/\/www.publico.pt\/2025\/09\/03\/p3\/cronica\/adeus-vinted-2145868\" target=\"_blank\" rel=\"nofollow noopener\">Vinted<\/a>, onde estavam fotografias de alguns dos objectos furtados.<\/p>\n<p>Os meios de comunica\u00e7\u00e3o franceses avan\u00e7am que as autoridades conseguiram recuperar cerca de 100 dos objectos em falta e que estes j\u00e1 foram devolvidos ao Pal\u00e1cio do Eliseu. As pe\u00e7as foram encontradas sobretudo na resid\u00eancia do funcion\u00e1rio, no seu carro e num cacifo.<\/p>\n<p>Este caso junta-se a uma s\u00e9rie de outros que tem virado as aten\u00e7\u00f5es para a seguran\u00e7a das institui\u00e7\u00f5es culturais francesas. Nos \u00faltimos meses, o Museu Nacional de Hist\u00f3ria Natural de Paris tamb\u00e9m foi alvo de um assalto, bem como a Maison de Lumi\u00e9res, um museu de porcelana em Limoges e um museu em Langres. N\u00e3o esquecendo, claro, o assalto \u00e0 luz do dia ao Museu do Louvre ocorrido em Outubro que, apesar da deten\u00e7\u00e3o de quatro suspeitos, ainda n\u00e3o foram recuperadas j\u00f3ias no valor de <a href=\"https:\/\/www.publico.pt\/2025\/10\/21\/culturaipsilon\/noticia\/assalto-louvre-valor-estimado-88-milhoes-euros-2151684\" target=\"_blank\" rel=\"nofollow noopener\">88 milh\u00f5es de euros<\/a>.<\/p>\n","protected":false},"excerpt":{"rendered":"Um funcion\u00e1rio do Pal\u00e1cio do Eliseu, a resid\u00eancia oficial do Presidente franc\u00eas, foi detido por suspeita de furtar&hellip;\n","protected":false},"author":2,"featured_media":197754,"comment_status":"","ping_status":"","sticky":false,"template":"","format":"standard","meta":{"footnotes":""},"categories":[50],"tags":[27,28,604,1413,15,16,208,14,25,26,21,22,62,12926,12,13,19,20,2458,23,24,1717,17,18,29,30,31,39510,63,64,65],"class_list":{"0":"post-197753","1":"post","2":"type-post","3":"status-publish","4":"format-standard","5":"has-post-thumbnail","7":"category-mundo","8":"tag-breaking-news","9":"tag-breakingnews","10":"tag-crime","11":"tag-cultura-ipsilon","12":"tag-featured-news","13":"tag-featurednews","14":"tag-franca","15":"tag-headlines","16":"tag-latest-news","17":"tag-latestnews","18":"tag-main-news","19":"tag-mainnews","20":"tag-mundo","21":"tag-museu-do-louvre","22":"tag-news","23":"tag-noticias","24":"tag-noticias-principais","25":"tag-noticiasprincipais","26":"tag-paris","27":"tag-principais-noticias","28":"tag-principaisnoticias","29":"tag-seguranca","30":"tag-top-stories","31":"tag-topstories","32":"tag-ultimas","33":"tag-ultimas-noticias","34":"tag-ultimasnoticias","35":"tag-vinted","36":"tag-world","37":"tag-world-news","38":"tag-worldnews"},"share_on_mastodon":{"url":"https:\/\/pubeurope.com\/@pt\/115760195522729356","error":""},"_links":{"self":[{"href":"https:\/\/www.europesays.com\/pt\/wp-json\/wp\/v2\/posts\/197753","targetHints":{"allow":["GET"]}}],"collection":[{"href":"https:\/\/www.europesays.com\/pt\/wp-json\/wp\/v2\/posts"}],"about":[{"href":"https:\/\/www.europesays.com\/pt\/wp-json\/wp\/v2\/types\/post"}],"author":[{"embeddable":true,"href":"https:\/\/www.europesays.com\/pt\/wp-json\/wp\/v2\/users\/2"}],"replies":[{"embeddable":true,"href":"https:\/\/www.europesays.com\/pt\/wp-json\/wp\/v2\/comments?post=197753"}],"version-history":[{"count":0,"href":"https:\/\/www.europesays.com\/pt\/wp-json\/wp\/v2\/posts\/197753\/revisions"}],"wp:featuredmedia":[{"embeddable":true,"href":"https:\/\/www.europesays.com\/pt\/wp-json\/wp\/v2\/media\/197754"}],"wp:attachment":[{"href":"https:\/\/www.europesays.com\/pt\/wp-json\/wp\/v2\/media?parent=197753"}],"wp:term":[{"taxonomy":"category","embeddable":true,"href":"https:\/\/www.europesays.com\/pt\/wp-json\/wp\/v2\/categories?post=197753"},{"taxonomy":"post_tag","embeddable":true,"href":"https:\/\/www.europesays.com\/pt\/wp-json\/wp\/v2\/tags?post=197753"}],"curies":[{"name":"wp","href":"https:\/\/api.w.org\/{rel}","templated":true}]}}