{"id":197761,"date":"2025-12-21T23:44:16","date_gmt":"2025-12-21T23:44:16","guid":{"rendered":"https:\/\/www.europesays.com\/pt\/197761\/"},"modified":"2025-12-21T23:44:16","modified_gmt":"2025-12-21T23:44:16","slug":"acerte-ou-caia-tem-angela-bismarchi-eri-johnson-e-juliana-knust-21-12-todo-canal","status":"publish","type":"post","link":"https:\/\/www.europesays.com\/pt\/197761\/","title":{"rendered":"Acerte ou Caia! tem \u00c2ngela Bismarchi, Eri\u00a0Johnson e Juliana Knust (21\/12) \u2013 Todo Canal"},"content":{"rendered":"<ul class=\"n10-summary-list\">\n<li class=\"n10-summary-item\">\n<p>                            O Acerte ou Caia! deste domingo re\u00fane 11 celebridades em uma disputa intensa de perguntas e respostas, com pr\u00eamio m\u00e1ximo de R$ 300 mil para apenas um vencedor.\n                        <\/li>\n<li class=\"n10-summary-item\">\n<p>                            Tom Cavalcante comanda mais uma edi\u00e7\u00e3o do game show, conhecido pelo buraco que elimina participantes de forma divertida e surpreendente.\n                        <\/li>\n<li class=\"n10-summary-item\">\n<p>                            O elenco conta com atores, humoristas, modelos, influenciadores e apresentadores, garantindo diversidade, competitividade e bom humor ao longo do programa.\n                        <\/li>\n<li class=\"n10-summary-item\">\n<p>                            Entre os destaques est\u00e3o Eri Johnson, Juliana Knust, Sandro Pedroso e Guilherme Uzeda, que promete arrancar risadas com sua personagem Tia.\n                        <\/li>\n<li class=\"n10-summary-item\">\n<p>                            Al\u00e9m de conhecimento geral, o programa exige estrat\u00e9gia e controle emocional, j\u00e1 que qualquer erro pode resultar em uma queda imediata e a elimina\u00e7\u00e3o do jogo.\n                        <\/li>\n<\/ul>\n<p>O <strong><a href=\"http:\/\/portaln10.com.br\/todocanal\/tudo-sobre\/acerte-ou-caia\/\" rel=\"nofollow noopener\" target=\"_blank\">Acerte ou Caia!<\/a><\/strong> exibe neste domingo, 21 de dezembro, na <a href=\"https:\/\/portaln10.com.br\/todocanal\/tudo-sobre\/record-tv\/\" rel=\"nofollow noopener\" target=\"_blank\">Record<\/a>, o 70\u00ba epis\u00f3dio da temporada. Sob o comando de <strong><a href=\"https:\/\/portaln10.com.br\/agenda-cultural\/tom-cavalcante-apresenta-novo-show-no-teatro-riachuelo-89448\/\" class=\"internal-link\" title=\"Tom Cavalcante apresenta novo show no Teatro Riachuelo\" rel=\"nofollow noopener\" target=\"_blank\">Tom Cavalcante<\/a><\/strong>, nesta edi\u00e7\u00e3o, onze celebridades se enfrentaram em uma competi\u00e7\u00e3o, disputando um pr\u00eamio em dinheiro que pode chegar at\u00e9 R$300 mil.<\/p>\n<p>A edi\u00e7\u00e3o deste fim de semana re\u00fane um <strong>time variado de atores, humoristas, modelos e influenciadores<\/strong>, garantindo entretenimento do in\u00edcio ao fim. Entre os participantes est\u00e3o <strong>Eri Johnson<\/strong>, que divide o palco com sua grande amiga <strong>Juliana Knust<\/strong>, al\u00e9m de <strong><a href=\"https:\/\/portaln10.com.br\/todocanal\/televisao\/o-ceu-e-o-limite-13-05-2023-mara-maravilha-e-sandro-pedroso\/\" class=\"internal-link\" title=\"O C\u00e9u \u00e9 o Limite 13\/05\/2023 \u2013 \u200b\u200bMara Maravilha e Sandro Pedroso\" rel=\"nofollow noopener\" target=\"_blank\">Sandro Pedroso<\/a><\/strong> e da atriz e cantora <strong>Helga Nemeczyk<\/strong>, que tamb\u00e9m testam seus conhecimentos gerais.<\/p>\n<p>&#13;<\/p>\n<p>    N\u00e3o perca nada!<\/p>\n<p class=\"post-cta__text\">&#13;<br \/>\n      Fa\u00e7a parte da nossa comunidade:&#13;\n    <\/p>\n<p>              <a href=\"https:\/\/whatsapp.com\/channel\/0029VbAm3uh5Ui2ak8iTEL3F\" target=\"_blank\" rel=\"noopener nofollow\" class=\"button button--whatsapp\">&#13;<br \/>\n          Canal do WhatsApp&#13;<br \/>\n        <\/a><\/p>\n<p>              <a href=\"https:\/\/www.instagram.com\/todocanal1\/\" target=\"_blank\" rel=\"noopener nofollow\" class=\"button button--instagram\">&#13;<br \/>\n          Siga no Instagram&#13;<br \/>\n        <\/a><\/p>\n<p>  &#13;<\/p>\n<p>O humor fica por conta de <strong>Guilherme Uzeda<\/strong>, que participa caracterizado como sua ic\u00f4nica personagem <strong>Tia<\/strong>, disposto a tudo para escapar do buraco. Completam o elenco os modelos <strong>Murilo Dias<\/strong> e <strong>\u00c2ngela Bismarchi<\/strong>, os apresentadores <strong><a href=\"https:\/\/portaln10.com.br\/todocanal\/televisao\/mega-senha-20-06-2020-carla-prata-e-lucas-salles\/\" class=\"internal-link\" title=\"Mega Senha 20\/06\/2020 \u2013 Carla Prata e Lucas Salles\" rel=\"nofollow noopener\" target=\"_blank\">Lucas Salles<\/a><\/strong> e <strong>Alex Gallete<\/strong>, a influenciadora <strong>Apoline<\/strong> e o modelo e ator <strong>Ca\u00edque Aguiar<\/strong>.<\/p>\n<p>Din\u00e2mica do Acerte ou Caia!<\/p>\n<p><a href=\"https:\/\/www.europesays.com\/pt\/wp-content\/uploads\/2025\/08\/acerte-ou-caia-tom-cavalcante-estreia-1280x720.jpg\" data-fancybox=\"gallery\" class=\"content-lightbox\"><img loading=\"lazy\" decoding=\"async\" width=\"1280\" height=\"720\" src=\"data:image\/svg+xml,%3Csvg%20xmlns=\" http:=\"\" alt=\"Tom Cavalcante na estreia do Acerte ou Caia\" class=\"wp-image-159635\" data-lazy- data-lazy- data-lazy-src=\"https:\/\/www.europesays.com\/pt\/wp-content\/uploads\/2025\/08\/acerte-ou-caia-tom-cavalcante-estreia-1280x720.jpg\"\/><\/a>Tom Cavalcante no Acerte ou Caia. Foto: Reprodu\u00e7\u00e3o\/Record<\/p>\n<p>O jogo come\u00e7a com um participante respondendo \u00e0s perguntas de Tom Cavalcante. Se acertar, ele continua na disputa e desafia outros competidores. Caso erre, o ch\u00e3o se abre e o participante \u00e9 eliminado, caindo em um buraco. O \u00faltimo a permanecer no palco tem a chance de conquistar o pr\u00eamio.<\/p>\n<p>O grande vencedor tem duas op\u00e7\u00f5es: levar para casa metade do valor acumulado ou arriscar dobrar o pr\u00eamio ao aceitar o Desafio Final. Este desafio consiste em acertar dez perguntas em dois minutos. Se n\u00e3o obtiver sucesso em todas as respostas no tempo estipulado, o participante perde todo o valor acumulado e cai no buraco.<\/p>\n<p>Produzido pela <strong>Boxfish<\/strong> e com dire\u00e7\u00e3o de David Feldon, o \u201c<strong>Acerte ou Caia!\u201d<\/strong> vai ao ar neste domingo, excepcionalmente <a href=\"https:\/\/portaln10.com.br\/todocanal\/televisao\/programacao-semanal-da-record\/\" rel=\"nofollow noopener\" target=\"_blank\">a partir de 15h45, na Record.<\/a><\/p>\n<p>&#13;<br \/>\n  &#13;<\/p>\n<p>            <script async src=\"\/\/www.instagram.com\/embed.js\"><\/script><\/p>\n","protected":false},"excerpt":{"rendered":"O Acerte ou Caia! deste domingo re\u00fane 11 celebridades em uma disputa intensa de perguntas e respostas, com&hellip;\n","protected":false},"author":2,"featured_media":197762,"comment_status":"","ping_status":"","sticky":false,"template":"","format":"standard","meta":{"footnotes":""},"categories":[142],"tags":[4355,39511,114,115,39512,28092,32,33,4356,151],"class_list":{"0":"post-197761","1":"post","2":"type-post","3":"status-publish","4":"format-standard","5":"has-post-thumbnail","7":"category-tv","8":"tag-acerte-ou-caia","9":"tag-angela-bismarchi","10":"tag-entertainment","11":"tag-entretenimento","12":"tag-eri-johnson","13":"tag-juliana-knust","14":"tag-portugal","15":"tag-pt","16":"tag-tom-cavalcante","17":"tag-tv"},"share_on_mastodon":{"url":"https:\/\/pubeurope.com\/@pt\/115760219106081600","error":""},"_links":{"self":[{"href":"https:\/\/www.europesays.com\/pt\/wp-json\/wp\/v2\/posts\/197761","targetHints":{"allow":["GET"]}}],"collection":[{"href":"https:\/\/www.europesays.com\/pt\/wp-json\/wp\/v2\/posts"}],"about":[{"href":"https:\/\/www.europesays.com\/pt\/wp-json\/wp\/v2\/types\/post"}],"author":[{"embeddable":true,"href":"https:\/\/www.europesays.com\/pt\/wp-json\/wp\/v2\/users\/2"}],"replies":[{"embeddable":true,"href":"https:\/\/www.europesays.com\/pt\/wp-json\/wp\/v2\/comments?post=197761"}],"version-history":[{"count":0,"href":"https:\/\/www.europesays.com\/pt\/wp-json\/wp\/v2\/posts\/197761\/revisions"}],"wp:featuredmedia":[{"embeddable":true,"href":"https:\/\/www.europesays.com\/pt\/wp-json\/wp\/v2\/media\/197762"}],"wp:attachment":[{"href":"https:\/\/www.europesays.com\/pt\/wp-json\/wp\/v2\/media?parent=197761"}],"wp:term":[{"taxonomy":"category","embeddable":true,"href":"https:\/\/www.europesays.com\/pt\/wp-json\/wp\/v2\/categories?post=197761"},{"taxonomy":"post_tag","embeddable":true,"href":"https:\/\/www.europesays.com\/pt\/wp-json\/wp\/v2\/tags?post=197761"}],"curies":[{"name":"wp","href":"https:\/\/api.w.org\/{rel}","templated":true}]}}