{"id":197782,"date":"2025-12-22T00:03:14","date_gmt":"2025-12-22T00:03:14","guid":{"rendered":"https:\/\/www.europesays.com\/pt\/197782\/"},"modified":"2025-12-22T00:03:14","modified_gmt":"2025-12-22T00:03:14","slug":"autocoleta-desenvolvida-pelo-previna-se-integra-novo-exame-para-hpv-radio-maringa","status":"publish","type":"post","link":"https:\/\/www.europesays.com\/pt\/197782\/","title":{"rendered":"Autocoleta desenvolvida pelo Previna-se integra novo exame para HPV &#8211; R\u00e1dio Maring\u00e1"},"content":{"rendered":"<p>A possibilidade de realizar a pr\u00f3pria coleta do material para detec\u00e7\u00e3o do HPV est\u00e1 mudando a percep\u00e7\u00e3o de mulheres que evitavam o exame preventivo. \u00c9 o caso de Roselene Tereza Mendes, zeladora, que n\u00e3o fazia o Papanicolau havia mais de quatro anos por vergonha e desconforto. Ao testar a autocoleta, sua experi\u00eancia mudou. \u201cEu achei maravilhoso. Eu fiquei bem mais \u00e0 vontade\u201d, contou.\u00a0<\/p>\n<p dir=\"ltr\" style=\"box-sizing: border-box; margin: 0px 0px 12px; color: #333333; font-family: Roboto, 'Helvetica Neue', Helvetica, Arial, sans-serif; font-size: 16px;\">A autocoleta \u00e9 uma das op\u00e7\u00f5es para obter material gen\u00e9tico para o teste de biologia molecular por DNA, desenvolvido pelo Instituto de Biologia Molecular do Paran\u00e1, ligado \u00e0 Funda\u00e7\u00e3o Oswaldo Cruz. A tecnologia \u00e9 capaz de identificar at\u00e9 14 tipos do HPV e, de acordo com as novas\u00a0<a style=\"box-sizing: border-box; background-color: transparent; color: #cc0000; text-decoration-line: none;\" href=\"https:\/\/ninho.inca.gov.br\/jspui\/bitstream\/123456789\/17858\/1\/8_Diretrizes%20para%20o%20Rastreamento%20do%20c%C3%A2ncer%20do%20colo%20do%20%C3%BAtero_2025_completo.pdf\" target=\"_blank\" rel=\"noopener noreferrer nofollow\">diretrizes do Minist\u00e9rio da Sa\u00fade<\/a>, substituir\u00e1 gradualmente o exame Papanicolau no rastreamento do c\u00e2ncer do colo do \u00fatero.<\/p>\n<p dir=\"ltr\" style=\"box-sizing: border-box; margin: 0px 0px 12px; color: #333333; font-family: Roboto, 'Helvetica Neue', Helvetica, Arial, sans-serif; font-size: 16px;\">A autocoleta integra o Projeto Previna-se, coordenado pela professora M\u00e1rcia Consolaro, do Departamento de An\u00e1lises Cl\u00ednicas e Biomedicina da Universidade Estadual de Maring\u00e1. O projeto estuda a aceita\u00e7\u00e3o e a efetividade dessa modalidade de coleta entre mulheres de diferentes regi\u00f5es e grupos sociais.\u00a0<\/p>\n<p dir=\"ltr\" style=\"box-sizing: border-box; margin: 0px 0px 12px; color: #333333; font-family: Roboto, 'Helvetica Neue', Helvetica, Arial, sans-serif; font-size: 16px;\">A autocoleta \u00e9 uma das op\u00e7\u00f5es para obter material gen\u00e9tico para o teste de biologia molecular por DNA, desenvolvido pelo Instituto de Biologia Molecular do Paran\u00e1, ligado \u00e0 Funda\u00e7\u00e3o Oswaldo Cruz. A tecnologia \u00e9 capaz de identificar at\u00e9 14 tipos do HPV e, de acordo com as novas\u00a0<a style=\"box-sizing: border-box; background-color: transparent; color: #cc0000; text-decoration-line: none;\" href=\"https:\/\/ninho.inca.gov.br\/jspui\/bitstream\/123456789\/17858\/1\/8_Diretrizes%20para%20o%20Rastreamento%20do%20c%C3%A2ncer%20do%20colo%20do%20%C3%BAtero_2025_completo.pdf\" target=\"_blank\" rel=\"noopener noreferrer nofollow\">diretrizes do Minist\u00e9rio da Sa\u00fade<\/a>, substituir\u00e1 gradualmente o exame Papanicolau no rastreamento do c\u00e2ncer do colo do \u00fatero.<\/p>\n<p dir=\"ltr\" style=\"box-sizing: border-box; margin: 0px 0px 12px; color: #333333; font-family: Roboto, 'Helvetica Neue', Helvetica, Arial, sans-serif; font-size: 16px;\">A autocoleta integra o Projeto Previna-se, coordenado pela professora M\u00e1rcia Consolaro, do Departamento de An\u00e1lises Cl\u00ednicas e Biomedicina da Universidade Estadual de Maring\u00e1. O projeto estuda a aceita\u00e7\u00e3o e a efetividade dessa modalidade de coleta entre mulheres de diferentes regi\u00f5es e grupos sociais.\u00a0<\/p>\n<p dir=\"ltr\" style=\"box-sizing: border-box; margin: 0px 0px 12px; color: #333333; font-family: Roboto, 'Helvetica Neue', Helvetica, Arial, sans-serif; font-size: 16px;\">Consolaro \u00e9 uma das 15 pessoas que comp\u00f5em o grupo respons\u00e1vel pela elabora\u00e7\u00e3o das novas diretrizes brasileiras para o rastreamento do c\u00e2ncer do colo do \u00fatero, publicadas recentemente pelo Minist\u00e9rio da Sa\u00fade, e explica que o teste molecular oferece maior precis\u00e3o e anteced\u00eancia na detec\u00e7\u00e3o do v\u00edrus. \u201cO teste detecta a presen\u00e7a do HPV antes mesmo de ele causar altera\u00e7\u00f5es nas c\u00e9lulas, enquanto o Papanicolau identifica c\u00e9lulas j\u00e1 modificadas. \u00c9 um poder de preven\u00e7\u00e3o muito maior\u201d, afirma.<\/p>\n<p dir=\"ltr\" style=\"box-sizing: border-box; margin: 0px 0px 12px; color: #333333; font-family: Roboto, 'Helvetica Neue', Helvetica, Arial, sans-serif; font-size: 16px;\">Pelas novas normas, quando o teste molecular tiver resultado negativo, a repeti\u00e7\u00e3o ser\u00e1 necess\u00e1ria apenas ap\u00f3s cinco anos. Em caso positivo, a mulher ser\u00e1 acompanhada por um ginecologista.<\/p>\n<p dir=\"ltr\" style=\"box-sizing: border-box; margin: 0px 0px 12px; color: #333333; font-family: Roboto, 'Helvetica Neue', Helvetica, Arial, sans-serif; font-size: 16px;\">De acordo com o Instituto Nacional de C\u00e2ncer, 90% das pessoas sexualmente ativas ter\u00e3o contato com o HPV ao longo da vida. O v\u00edrus \u00e9 o principal causador do c\u00e2ncer do colo do \u00fatero, terceiro mais frequente entre mulheres no Brasil e respons\u00e1vel por cerca de 20 mortes por dia. A doen\u00e7a pode ser evitada, e o primeiro passo \u00e9 realizar exames preventivos. Ainda assim, muitas mulheres ainda resistem em faz\u00ea-los por desconforto, desinforma\u00e7\u00e3o ou barreiras culturais.<\/p>\n<p dir=\"ltr\" style=\"box-sizing: border-box; margin: 0px 0px 12px; color: #333333; font-family: Roboto, 'Helvetica Neue', Helvetica, Arial, sans-serif; font-size: 16px;\">\u201cH\u00e1 um conjunto de fatores que influenciam essa decis\u00e3o. Ela acha desconfort\u00e1vel, tem preconceito, n\u00e3o gosta, \u00e0s vezes \u00e9 um homem que vai coletar e ela n\u00e3o quer um homem manipulando suas \u00e1reas \u00edntimas. H\u00e1 situa\u00e7\u00f5es em que o marido n\u00e3o deixa, a igreja n\u00e3o deixa ou ela tem medo de receber um diagn\u00f3stico. A mensagem que ficou para muitas mulheres \u00e9 deturpada, porque esses exames s\u00e3o para preven\u00e7\u00e3o, para n\u00e3o ter c\u00e2ncer\u201d, esclarece Consolaro.\u00a0<\/p>\n<p dir=\"ltr\" style=\"box-sizing: border-box; margin: 0px 0px 12px; color: #333333; font-family: Roboto, 'Helvetica Neue', Helvetica, Arial, sans-serif; font-size: 16px;\">A expectativa \u00e9 de que a autocoleta ajude a aumentar a ades\u00e3o ao rastreamento. Dados do Projeto Previna-se, financiado pelo Minist\u00e9rio da Sa\u00fade, demonstram alta aceita\u00e7\u00e3o do m\u00e9todo. A primeira etapa, entre 2013 e 2016, contou com apoio do National Institutes of Health, dos Estados Unidos, e envolveu 485 mulheres em Maring\u00e1. Entre 2020 e 2025, o estudo foi ampliado para 14 cidades brasileiras, em 11 estados e no Distrito Federal, com a participa\u00e7\u00e3o de 1.600 mulheres. Na fase atual, a autocoleta \u00e9 aplicada em um grupo de 600 mulheres negras, considerado o de maior incid\u00eancia e mortalidade por c\u00e2ncer do colo do \u00fatero.<\/p>\n<p dir=\"ltr\" style=\"box-sizing: border-box; margin: 0px 0px 12px; color: #333333; font-family: Roboto, 'Helvetica Neue', Helvetica, Arial, sans-serif; font-size: 16px;\">A previs\u00e3o do Minist\u00e9rio da Sa\u00fade \u00e9 de que o teste molecular e a autocoleta estejam dispon\u00edveis no Sistema \u00danico de Sa\u00fade at\u00e9 dezembro de 2026. At\u00e9 l\u00e1, a recomenda\u00e7\u00e3o \u00e9 que todas as mulheres continuem realizando o exame Papanicolau. \u201cEnquanto isso, n\u00e3o deixem de fazer a preven\u00e7\u00e3o. Qualquer metodologia dispon\u00edvel deve ser utilizada. Esses exames n\u00e3o s\u00e3o para dizer que voc\u00ea tem c\u00e2ncer, mas para evitar que ele se desenvolva. A preven\u00e7\u00e3o \u00e9 fundamental\u201d, refor\u00e7a Consolaro.\u00a0<\/p>\n<p dir=\"ltr\" style=\"box-sizing: border-box; margin: 0px 0px 12px; color: #333333; font-family: Roboto, 'Helvetica Neue', Helvetica, Arial, sans-serif; font-size: 16px;\">(Adriana Cardoso\/Comunica\u00e7\u00e3o UEM)<\/p>\n","protected":false},"excerpt":{"rendered":"A possibilidade de realizar a pr\u00f3pria coleta do material para detec\u00e7\u00e3o do HPV est\u00e1 mudando a percep\u00e7\u00e3o de&hellip;\n","protected":false},"author":2,"featured_media":197783,"comment_status":"","ping_status":"","sticky":false,"template":"","format":"standard","meta":{"footnotes":""},"categories":[86],"tags":[19927,19919,19924,19912,19909,19920,19936,19932,19915,19916,19933,19935,19918,116,19937,2984,19925,19926,19928,19908,19922,2982,19913,32,19921,33,19910,19907,19911,19930,117,19931,19929,19914,19934,19917,19923],"class_list":{"0":"post-197782","1":"post","2":"type-post","3":"status-publish","4":"format-standard","5":"has-post-thumbnail","7":"category-saude","8":"tag-amavolei","9":"tag-basquetebol-de-maringa","10":"tag-ciclismo-de-maringa","11":"tag-equipe-de-maringa","12":"tag-esporte-de-maringa","13":"tag-esporte-maringaense","14":"tag-esporte-paralimpico-de-maringa","15":"tag-estadio-willie-davids","16":"tag-futebol-de-maringa","17":"tag-futsal-de-maringa","18":"tag-ginasio-chico-neto","19":"tag-ginasio-do-parque-do-japao-em-maringa","20":"tag-handebol-de-maringa","21":"tag-health","22":"tag-imprensa-de-maringa","23":"tag-maringa","24":"tag-maringa-futebol-clube","25":"tag-maringa-seleto","26":"tag-maringa-volei","27":"tag-maringaense","28":"tag-natacao-de-maringa","29":"tag-noticias-de-maringa","30":"tag-orlando-gonzalez","31":"tag-portugal","32":"tag-prefeitura-de-maringa","33":"tag-pt","34":"tag-radio-de-maringa","35":"tag-radio-maringa","36":"tag-radios-de-maringa","37":"tag-rugby-de-maringa","38":"tag-saude","39":"tag-taekwondo-de-maringa-kickboxing-de-maringa","40":"tag-tenis-de-mesa-de-maringa","41":"tag-time-de-maringa-equipe-de-maringa","42":"tag-vila-olimpica-de-maringa","43":"tag-volei-de-maringa","44":"tag-volei-de-praia-de-maringa"},"share_on_mastodon":{"url":"","error":"Validation failed: Text character limit of 500 exceeded"},"_links":{"self":[{"href":"https:\/\/www.europesays.com\/pt\/wp-json\/wp\/v2\/posts\/197782","targetHints":{"allow":["GET"]}}],"collection":[{"href":"https:\/\/www.europesays.com\/pt\/wp-json\/wp\/v2\/posts"}],"about":[{"href":"https:\/\/www.europesays.com\/pt\/wp-json\/wp\/v2\/types\/post"}],"author":[{"embeddable":true,"href":"https:\/\/www.europesays.com\/pt\/wp-json\/wp\/v2\/users\/2"}],"replies":[{"embeddable":true,"href":"https:\/\/www.europesays.com\/pt\/wp-json\/wp\/v2\/comments?post=197782"}],"version-history":[{"count":0,"href":"https:\/\/www.europesays.com\/pt\/wp-json\/wp\/v2\/posts\/197782\/revisions"}],"wp:featuredmedia":[{"embeddable":true,"href":"https:\/\/www.europesays.com\/pt\/wp-json\/wp\/v2\/media\/197783"}],"wp:attachment":[{"href":"https:\/\/www.europesays.com\/pt\/wp-json\/wp\/v2\/media?parent=197782"}],"wp:term":[{"taxonomy":"category","embeddable":true,"href":"https:\/\/www.europesays.com\/pt\/wp-json\/wp\/v2\/categories?post=197782"},{"taxonomy":"post_tag","embeddable":true,"href":"https:\/\/www.europesays.com\/pt\/wp-json\/wp\/v2\/tags?post=197782"}],"curies":[{"name":"wp","href":"https:\/\/api.w.org\/{rel}","templated":true}]}}