{"id":197784,"date":"2025-12-22T00:05:29","date_gmt":"2025-12-22T00:05:29","guid":{"rendered":"https:\/\/www.europesays.com\/pt\/197784\/"},"modified":"2025-12-22T00:05:29","modified_gmt":"2025-12-22T00:05:29","slug":"a-atmosfera-da-terra-esta-a-escapar-para-a-lua","status":"publish","type":"post","link":"https:\/\/www.europesays.com\/pt\/197784\/","title":{"rendered":"A atmosfera da Terra est\u00e1 a escapar para a Lua"},"content":{"rendered":"<p class=\"wp-caption-text top\">ZAP \/\/ NASA; ext. Dall-E-2<\/p>\n<p><img decoding=\"async\" loading=\"lazy\" class=\"size-kopa-image-size-3 wp-image-557350\" src=\"https:\/\/www.europesays.com\/pt\/wp-content\/uploads\/2025\/12\/c4ca4238a0b923820dcc509a6f75849b-3-783x450.jpeg\" alt=\"\" width=\"700\" height=\"402\"  \/><\/p>\n<p class=\"wp-caption-text bot\">A Lua na magnetocauda da Terra, conceito art\u00edstico<\/p>\n<p><strong>A Lua n\u00e3o tem uma atmosfera propriamente dita, mas a Terra tem, de certa forma, tentado partilhar a sua h\u00e1 milhares de milh\u00f5es de anos. Um novo estudo conclui que o campo magn\u00e9tico do nosso planeta poder\u00e1 estar a canalizar part\u00edculas da atmosfera terrestre para a superf\u00edcie lunar.<\/strong><\/p>\n<p>Uma abund\u00e2ncia surpreendente de elementos vol\u00e1teis tem sido detetada no <strong>regolito lunar<\/strong>, o p\u00f3 fino e rochoso que cobre a superf\u00edcie da Lua, desde que os astronautas da miss\u00e3o Apollo trouxeram amostras para a Terra.<\/p>\n<p>O <strong>vento solar<\/strong> \u00e9 uma das poss\u00edveis fontes destes vol\u00e1teis, mas, por si s\u00f3, n\u00e3o consegue explicar os n\u00edveis observados, sobretudo no caso do azoto. Pequenos meteoritos a embaterem na Lua poder\u00e3o tamb\u00e9m estar a alterar a superf\u00edcie lunar.<\/p>\n<p>A atmosfera da Terra tem igualmente sido apontada como uma fonte potencial, mas partia-se do pressuposto de que isso s\u00f3 teria sido poss\u00edvel antes de o campo magn\u00e9tico do planeta se ter desenvolvido; uma vez estabelecido, esse campo teria <strong>aprisionado a maioria das part\u00edculas atmosf\u00e9ricas<\/strong>.<\/p>\n<p>Um novo <a href=\"https:\/\/www.nature.com\/articles\/s43247-025-02960-4\" data-wpel-link=\"external\" target=\"_blank\" rel=\"nofollow external noopener noreferrer\" class=\"ext-link\">estudo<\/a>, conduzido por astrof\u00edsicos da Universidade de Rochester, e publicado na semana passada na Nature Communications Earth &amp; Environment, analisou essa ideia.<\/p>\n<p>A equipa simulou dois cen\u00e1rios para perceber qual se ajustava melhor aos dados: um <strong>modelo de \u201cTerra primitiva\u201d, sem campo magn\u00e9tico<\/strong> e com um vento solar mais intenso, e um <strong>modelo de \u201cTerra moderna\u201d, com um campo magn\u00e9tico forte<\/strong> e um vento solar mais fraco.<\/p>\n<p><strong>De forma algo inesperada<\/strong>, o cen\u00e1rio da Terra moderna foi o que melhor explicou os resultados.<strong> O vento solar arranca part\u00edculas carregadas da atmosfera<\/strong>, fazendo com que estas sigam ao longo das linhas do campo magn\u00e9tico do planeta.<\/p>\n<p>A magnetosfera da Terra n\u00e3o \u00e9, como o nome pode sugerir, uma esfera perfeita. Pelo contr\u00e1rio, tem uma<strong> forma mais semelhante \u00e0 cauda de um cometa<\/strong>, devido \u00e0 press\u00e3o constante do vento solar. E quando a Lua atravessa essa \u201ccauda\u201d, parte dessas part\u00edculas \u00e9<strong> depositada na superf\u00edcie lunar<\/strong>, explica o <a href=\"https:\/\/www.sciencealert.com\/earths-atmosphere-is-leaking-to-the-moon-and-heres-why\" data-wpel-link=\"external\" target=\"_blank\" rel=\"nofollow external noopener noreferrer\" class=\"ext-link\">Science Alert<\/a>.<\/p>\n<p>Estudos anteriores j\u00e1 tinham sugerido que um mecanismo semelhante poderia estar a transportar oxig\u00e9nio para a Lua, <a href=\"https:\/\/zap.aeiou.pt\/o-plasma-da-terra-pode-estar-a-formar-agua-na-lua-557345\" data-wpel-link=\"internal\" rel=\"nofollow noopener\" target=\"_blank\">contribuindo para a forma\u00e7\u00e3o de \u00e1gua<\/a> e at\u00e9 a fazer com que <a href=\"https:\/\/zap.aeiou.pt\/a-lua-esta-a-enferrujar-a-culpa-e-da-terra-702336\" data-wpel-link=\"internal\" rel=\"nofollow noopener\" target=\"_blank\">a Lua esteja a enferrujar.<\/a><\/p>\n<p>Os resultados do novo estudo sugerem agora que este processo tem decorrido ao longo de <strong>milhares de milh\u00f5es de anos<\/strong>, dando tempo suficiente para que estas part\u00edculas vol\u00e1teis se acumulem no regolito lunar.<\/p>\n<p>E, dado que a atmosfera da Terra mudou drasticamente ao longo desse per\u00edodo, \u00e9 poss\u00edvel que a superf\u00edcie da Lua preserve <strong>uma valiosa c\u00e1psula do tempo<\/strong> \u2014 com dados hist\u00f3ricos sobre a evolu\u00e7\u00e3o do nosso planeta e do seu sat\u00e9lite natural.<\/p>\n<p>    <a href=\"https:\/\/zap.aeiou.pt\/subscrever-newsletter\" data-wpel-link=\"internal\" rel=\"nofollow noopener\" target=\"_blank\">&#13;<br \/>\n        <img loading=\"lazy\" decoding=\"async\" class=\"aligncenter size-full wp-image-575475\" src=\"https:\/\/www.europesays.com\/pt\/wp-content\/uploads\/2025\/12\/1765389371_545_2d51fe4a0ba54894421ead1809309ed9-1-450x140.jpg\" alt=\"Subscreva a Newsletter ZAP\" width=\"450\" height=\"140\"\/>&#13;<br \/>\n    <\/a><\/p>\n<p>                <a href=\"https:\/\/whatsapp.com\/channel\/0029VaIC4EE2f3EJZPPSbR34\" data-wpel-link=\"external\" target=\"_blank\" rel=\"nofollow external noopener noreferrer\" class=\"ext-link\">&#13;<br \/>\n                    <img loading=\"lazy\" decoding=\"async\" class=\"aligncenter size-full wp-image-575475\" src=\"https:\/\/www.europesays.com\/pt\/wp-content\/uploads\/2025\/12\/1765389371_770_c68c559d956d4ca20f435ed74a6e71e6.png\" alt=\"Siga-nos no WhatsApp\" width=\"175\" height=\"64\"\/>&#13;<br \/>\n                <\/a><\/p>\n<p>                <a href=\"https:\/\/news.google.com\/publications\/CAAiEHRwZondIV71PDjWNoqMduEqFAgKIhB0cGaJ3SFe9Tw41jaKjHbh?hl=en-US&amp;gl=US&amp;ceid=US%3Aen\" data-wpel-link=\"external\" target=\"_blank\" rel=\"nofollow external noopener noreferrer\" class=\"ext-link\">&#13;<br \/>\n                    <img loading=\"lazy\" decoding=\"async\" class=\"aligncenter size-full wp-image-575475\" src=\"https:\/\/www.europesays.com\/pt\/wp-content\/uploads\/2025\/12\/1765389372_556_5123dd8b087b644fdb8f8603acd1bad4.png\" alt=\"Siga-nos no Google News\" width=\"176\" height=\"64\"\/>&#13;<br \/>\n                <\/a><\/p>\n","protected":false},"excerpt":{"rendered":"ZAP \/\/ NASA; ext. Dall-E-2 A Lua na magnetocauda da Terra, conceito art\u00edstico A Lua n\u00e3o tem uma&hellip;\n","protected":false},"author":2,"featured_media":197785,"comment_status":"","ping_status":"","sticky":false,"template":"","format":"standard","meta":{"footnotes":""},"categories":[84],"tags":[122,109,107,108,13484,32,33,105,103,104,106,110],"class_list":{"0":"post-197784","1":"post","2":"type-post","3":"status-publish","4":"format-standard","5":"has-post-thumbnail","7":"category-ciencia-e-tecnologia","8":"tag-astrofisica","9":"tag-ciencia","10":"tag-ciencia-e-tecnologia","11":"tag-cienciaetecnologia","12":"tag-geofisica","13":"tag-portugal","14":"tag-pt","15":"tag-science","16":"tag-science-and-technology","17":"tag-scienceandtechnology","18":"tag-technology","19":"tag-tecnologia"},"share_on_mastodon":{"url":"https:\/\/pubeurope.com\/@pt\/115760301945989165","error":""},"_links":{"self":[{"href":"https:\/\/www.europesays.com\/pt\/wp-json\/wp\/v2\/posts\/197784","targetHints":{"allow":["GET"]}}],"collection":[{"href":"https:\/\/www.europesays.com\/pt\/wp-json\/wp\/v2\/posts"}],"about":[{"href":"https:\/\/www.europesays.com\/pt\/wp-json\/wp\/v2\/types\/post"}],"author":[{"embeddable":true,"href":"https:\/\/www.europesays.com\/pt\/wp-json\/wp\/v2\/users\/2"}],"replies":[{"embeddable":true,"href":"https:\/\/www.europesays.com\/pt\/wp-json\/wp\/v2\/comments?post=197784"}],"version-history":[{"count":0,"href":"https:\/\/www.europesays.com\/pt\/wp-json\/wp\/v2\/posts\/197784\/revisions"}],"wp:featuredmedia":[{"embeddable":true,"href":"https:\/\/www.europesays.com\/pt\/wp-json\/wp\/v2\/media\/197785"}],"wp:attachment":[{"href":"https:\/\/www.europesays.com\/pt\/wp-json\/wp\/v2\/media?parent=197784"}],"wp:term":[{"taxonomy":"category","embeddable":true,"href":"https:\/\/www.europesays.com\/pt\/wp-json\/wp\/v2\/categories?post=197784"},{"taxonomy":"post_tag","embeddable":true,"href":"https:\/\/www.europesays.com\/pt\/wp-json\/wp\/v2\/tags?post=197784"}],"curies":[{"name":"wp","href":"https:\/\/api.w.org\/{rel}","templated":true}]}}