{"id":197788,"date":"2025-12-22T00:07:36","date_gmt":"2025-12-22T00:07:36","guid":{"rendered":"https:\/\/www.europesays.com\/pt\/197788\/"},"modified":"2025-12-22T00:07:36","modified_gmt":"2025-12-22T00:07:36","slug":"eua-lancam-ataque-macico-contra-estado-islamico-vamos-continuar","status":"publish","type":"post","link":"https:\/\/www.europesays.com\/pt\/197788\/","title":{"rendered":"EUA lan\u00e7am ataque maci\u00e7o contra Estado Isl\u00e2mico. &#8220;Vamos continuar&#8221;"},"content":{"rendered":"<p class=\"wp-caption-text top\"><a href=\"https:\/\/secure.flickr.com\/photos\/39955793@N07\/8621303519\/sizes\/l\" rel=\"nofollow external noopener noreferrer\" data-wpel-link=\"external\" target=\"_blank\" class=\"ext-link\">US DoD \/ Flickr<\/a><\/p>\n<p><img decoding=\"async\" loading=\"lazy\" class=\"size-kopa-image-size-3 wp-image-57069\" src=\"https:\/\/www.europesays.com\/pt\/wp-content\/uploads\/2025\/12\/ba415efea575e6ffe5a095fd9e5aea95-783x450.jpg\" alt=\"\" width=\"700\" height=\"402\"  \/><\/p>\n<p class=\"wp-caption-text bot\">Ca\u00e7a bombardeiro F-15E Strike Eagle<\/p>\n<p><strong>As autoridades norte-americanas anunciaram, esta sexta-feira, o lan\u00e7amento de um \u201cataque maci\u00e7o\u201d contra alvos do Estado Isl\u00e2mico na S\u00edria, em retalia\u00e7\u00e3o por um ataque que matou tr\u00eas norte-americanos, incluindo dois militares, no pa\u00eds.<\/strong><\/p>\n<p>O Comando Central norte-americano (CENTCOM) anunciou, esta sexta-feira ao final do dia, num breve comunicado, que as suas for\u00e7as \u201ciniciaram um <strong>ataque em grande escala contra as infraestruturas e os dep\u00f3sitos de armas do Estado Isl\u00e2mico na S\u00edria<\/strong>\u201d.<\/p>\n<p>As for\u00e7as armadas norte-americanas <strong>atingiram nas \u00faltimas horas mais de 70 alvos<\/strong> do Estado Isl\u00e2mico (EI) em v\u00e1rias localidades do centro da S\u00edria,<\/p>\n<p>Um respons\u00e1vel norte-americano disse \u00e0 Associated Press que o ataque foi realizado com ca\u00e7as <strong>F-15 Eagle<\/strong>, avi\u00f5es de ataque ao solo<strong> A-10 Thunderbolt<\/strong> e helic\u00f3pteros <strong>AH-64 Apache<\/strong>.<\/p>\n<p>\u201cEste ataque maci\u00e7o ocorre ap\u00f3s o ataque de 13 de dezembro contra as for\u00e7as norte-americanas e aliadas\u201d, adiantou, em refer\u00eancia ao atentado mortal contra os seus militares na prov\u00edncia s\u00edria de Palmira.<\/p>\n<p>O secret\u00e1rio da Defesa, <strong>Pete Hegseth<\/strong>, referiu nas redes sociais que o objetivo do ataque \u00e9 \u201celiminar os combatentes, as infraestruturas e as instala\u00e7\u00f5es de armamento do Estado Isl\u00e2mico\u201d na S\u00edria.<\/p>\n<p>\u201cDeclara\u00e7\u00e3o de vingan\u00e7a. Vamos continuar\u201d<\/p>\n<p>\u201cEste n\u00e3o \u00e9 o in\u00edcio de uma guerra \u2014 <strong>\u00e9 uma declara\u00e7\u00e3o de vingan\u00e7a<\/strong>. Os Estados Unidos da Am\u00e9rica, sob a lideran\u00e7a do Presidente Trump, nunca hesitar\u00e3o e nunca ceder\u00e3o na defesa do seu povo\u201d, adiantou.<\/p>\n<p>O respons\u00e1vel, que falou sob anonimato dada a natureza sens\u00edvel das opera\u00e7\u00f5es, adiantou que <strong>dever\u00e3o ter lugar mais ataques<\/strong>.<\/p>\n<p><strong>\u201cHoje ca\u00e7amos e matamos inimigos. Muitos inimigos. E vamos continuar\u201d<\/strong>, sublinhou o secret\u00e1rio da Defesa.<\/p>\n<p>Trump quer vingar morte dos \u201cher\u00f3is\u201d<\/p>\n<p><strong>Anna Kelly<\/strong>, vice-secret\u00e1ria de imprensa da Casa Branca, afirmou em comunicado que o Presidente <strong>Donald Trump est\u00e1 a \u201ccumprir a promessa\u201d de vingar a morte dos \u201cher\u00f3is\u201d norte-americanos pelo EI<\/strong>.<\/p>\n<p>Trump reuniu-se esta semana em privado na Base A\u00e9rea de Dover, no Delaware, com as fam\u00edlias dos norte-americanos mortos.<\/p>\n<p>Juntou-se depois a altos oficiais militares e outras autoridades na pista de aterragem para a solene transfer\u00eancia dos corpos, um ritual silencioso em homenagem aos militares norte-americanos mortos em combate.<\/p>\n<p>Washington afirmou que os norte-americanos foram mortos na sequ\u00eancia de uma <strong>\u201cemboscada por um atirador isolado\u201d do EI<\/strong>, que no passado controlava a regi\u00e3o de Palmira.<\/p>\n<p><strong>Tr\u00eas outros soldados norte-americanos ficaram feridos<\/strong> neste atentado, de acordo com o comando militar americano para o M\u00e9dio Oriente.<\/p>\n<p>O agressor, um membro das for\u00e7as de seguran\u00e7a s\u00edrias que se ter\u00e1 radicalizado, tamb\u00e9m morreu.<\/p>\n<p>O contingente norte-americano estava na regi\u00e3o des\u00e9rtica de Palmira para uma miss\u00e3o de apoio \u00e0s opera\u00e7\u00f5es em curso contra o EI, segundo o Pent\u00e1gono, que adiantou que o civil norte-americano morto era um int\u00e9rprete.<\/p>\n<p>O <strong>governo s\u00edrio condenou o \u201cataque terrorista\u201d<\/strong>, que tamb\u00e9m feriu dois membros das for\u00e7as de seguran\u00e7a s\u00edrias, segundo a ag\u00eancia oficial Sana.<\/p>\n<p><strong>Trump afirmou ter o apoio do governo da S\u00edria para o ataque lan\u00e7ado<\/strong> contra alvos do Estado Isl\u00e2mico no pa\u00eds<\/p>\n<p>As for\u00e7as da coliga\u00e7\u00e3o contra o Estado Isl\u00e2mico, liderada pelos EUA, na S\u00edria, lan\u00e7aram, no s\u00e1bado, uma campanha de deten\u00e7\u00f5es ap\u00f3s o ataque.<\/p>\n<p>    <a href=\"https:\/\/zap.aeiou.pt\/subscrever-newsletter\" data-wpel-link=\"internal\" rel=\"nofollow noopener\" target=\"_blank\">&#13;<br \/>\n        <img loading=\"lazy\" decoding=\"async\" class=\"aligncenter size-full wp-image-575475\" src=\"https:\/\/www.europesays.com\/pt\/wp-content\/uploads\/2025\/12\/1765389371_545_2d51fe4a0ba54894421ead1809309ed9-1-450x140.jpg\" alt=\"Subscreva a Newsletter ZAP\" width=\"450\" height=\"140\"\/>&#13;<br \/>\n    <\/a><\/p>\n<p>                <a href=\"https:\/\/whatsapp.com\/channel\/0029VaIC4EE2f3EJZPPSbR34\" data-wpel-link=\"external\" target=\"_blank\" rel=\"nofollow external noopener noreferrer\" class=\"ext-link\">&#13;<br \/>\n                    <img loading=\"lazy\" decoding=\"async\" class=\"aligncenter size-full wp-image-575475\" src=\"https:\/\/www.europesays.com\/pt\/wp-content\/uploads\/2025\/12\/1765389371_770_c68c559d956d4ca20f435ed74a6e71e6.png\" alt=\"Siga-nos no WhatsApp\" width=\"175\" height=\"64\"\/>&#13;<br \/>\n                <\/a><\/p>\n<p>                <a href=\"https:\/\/news.google.com\/publications\/CAAiEHRwZondIV71PDjWNoqMduEqFAgKIhB0cGaJ3SFe9Tw41jaKjHbh?hl=en-US&amp;gl=US&amp;ceid=US%3Aen\" data-wpel-link=\"external\" target=\"_blank\" rel=\"nofollow external noopener noreferrer\" class=\"ext-link\">&#13;<br \/>\n                    <img loading=\"lazy\" decoding=\"async\" class=\"aligncenter size-full wp-image-575475\" src=\"https:\/\/www.europesays.com\/pt\/wp-content\/uploads\/2025\/12\/1765389372_556_5123dd8b087b644fdb8f8603acd1bad4.png\" alt=\"Siga-nos no Google News\" width=\"176\" height=\"64\"\/>&#13;<br \/>\n                <\/a><\/p>\n","protected":false},"excerpt":{"rendered":"US DoD \/ Flickr Ca\u00e7a bombardeiro F-15E Strike Eagle As autoridades norte-americanas anunciaram, esta sexta-feira, o lan\u00e7amento de&hellip;\n","protected":false},"author":2,"featured_media":197789,"comment_status":"","ping_status":"","sticky":false,"template":"","format":"standard","meta":{"footnotes":""},"categories":[50],"tags":[27,28,92,413,15,16,14,25,26,21,22,62,12,13,19,20,23,24,20900,17,18,29,30,31,63,64,65],"class_list":{"0":"post-197788","1":"post","2":"type-post","3":"status-publish","4":"format-standard","5":"has-post-thumbnail","7":"category-mundo","8":"tag-breaking-news","9":"tag-breakingnews","10":"tag-donald-trump","11":"tag-eua","12":"tag-featured-news","13":"tag-featurednews","14":"tag-headlines","15":"tag-latest-news","16":"tag-latestnews","17":"tag-main-news","18":"tag-mainnews","19":"tag-mundo","20":"tag-news","21":"tag-noticias","22":"tag-noticias-principais","23":"tag-noticiasprincipais","24":"tag-principais-noticias","25":"tag-principaisnoticias","26":"tag-siria","27":"tag-top-stories","28":"tag-topstories","29":"tag-ultimas","30":"tag-ultimas-noticias","31":"tag-ultimasnoticias","32":"tag-world","33":"tag-world-news","34":"tag-worldnews"},"share_on_mastodon":{"url":"https:\/\/pubeurope.com\/@pt\/115760309666470579","error":""},"_links":{"self":[{"href":"https:\/\/www.europesays.com\/pt\/wp-json\/wp\/v2\/posts\/197788","targetHints":{"allow":["GET"]}}],"collection":[{"href":"https:\/\/www.europesays.com\/pt\/wp-json\/wp\/v2\/posts"}],"about":[{"href":"https:\/\/www.europesays.com\/pt\/wp-json\/wp\/v2\/types\/post"}],"author":[{"embeddable":true,"href":"https:\/\/www.europesays.com\/pt\/wp-json\/wp\/v2\/users\/2"}],"replies":[{"embeddable":true,"href":"https:\/\/www.europesays.com\/pt\/wp-json\/wp\/v2\/comments?post=197788"}],"version-history":[{"count":0,"href":"https:\/\/www.europesays.com\/pt\/wp-json\/wp\/v2\/posts\/197788\/revisions"}],"wp:featuredmedia":[{"embeddable":true,"href":"https:\/\/www.europesays.com\/pt\/wp-json\/wp\/v2\/media\/197789"}],"wp:attachment":[{"href":"https:\/\/www.europesays.com\/pt\/wp-json\/wp\/v2\/media?parent=197788"}],"wp:term":[{"taxonomy":"category","embeddable":true,"href":"https:\/\/www.europesays.com\/pt\/wp-json\/wp\/v2\/categories?post=197788"},{"taxonomy":"post_tag","embeddable":true,"href":"https:\/\/www.europesays.com\/pt\/wp-json\/wp\/v2\/tags?post=197788"}],"curies":[{"name":"wp","href":"https:\/\/api.w.org\/{rel}","templated":true}]}}