{"id":197790,"date":"2025-12-22T00:09:24","date_gmt":"2025-12-22T00:09:24","guid":{"rendered":"https:\/\/www.europesays.com\/pt\/197790\/"},"modified":"2025-12-22T00:09:24","modified_gmt":"2025-12-22T00:09:24","slug":"casillas-exulta-com-a-chegada-de-thiago-silva-ao-f-c-porto","status":"publish","type":"post","link":"https:\/\/www.europesays.com\/pt\/197790\/","title":{"rendered":"Casillas exulta com a chegada de Thiago Silva ao F. C. Porto"},"content":{"rendered":"<p data-remotead-prev-elm=\"true\" data-remotead-elm-id=\"inread\">Atrav\u00e9s das redes sociais, Iker Casillas publicou um v\u00eddeo em que se mostra muito satisfeito com a not\u00edcia da contrata\u00e7\u00e3o do central brasileiro Thiago Silva pelo F. C. Porto.<\/p>\n<p>&#8220;\u00c9 com uma alegria enorme que te vejo regressar a esta casa, ao nosso F. C. Porto. Sei bem o que sentes neste momento. Vinte anos depois, o destino volta a colocar-te no Est\u00e1dio do Drag\u00e3o. N\u00e3o tenho d\u00favidas de que vais ser recebido como mereces. \u00c9s uma lenda do futebol&#8221;, disse o antigo guarda-redes dos drag\u00f5es, do Real Madrid e da sele\u00e7\u00e3o espanhola.<\/p>\n<p>&#8220;O Porto \u00e9 o lugar ideal para continuares a mostrar a tua classe. Como costumamos dizer por aqui, defende as nossas cores com paix\u00e3o, como sempre fizeste ao longo da tua carreira&#8221;, acrescentou Casillas.<\/p>\n<p>&#8220;Tenho a certeza de que vais ajudar muito o clube a alcan\u00e7ar grandes sucessos e que os adeptos v\u00e3o estar contigo desde o primeiro minuto. Desejo-te toda a sorte do Mundo nesta nova etapa. Desfruta muito da cidade e desse clube que \u00e9 \u00fanico. Um forte abra\u00e7o. Bem vindo a casa. Somos Porto&#8221;, concluiu.<\/p>\n","protected":false},"excerpt":{"rendered":"Atrav\u00e9s das redes sociais, Iker Casillas publicou um v\u00eddeo em que se mostra muito satisfeito com a not\u00edcia&hellip;\n","protected":false},"author":2,"featured_media":197791,"comment_status":"","ping_status":"","sticky":false,"template":"","format":"standard","meta":{"footnotes":""},"categories":[8],"tags":[27,28,135,20558,15,16,524,14,28745,25,26,21,22,12,13,19,20,32,23,24,33,39129,17,18,29,30,31],"class_list":{"0":"post-197790","1":"post","2":"type-post","3":"status-publish","4":"format-standard","5":"has-post-thumbnail","7":"category-principais-noticias","8":"tag-breaking-news","9":"tag-breakingnews","10":"tag-desporto","11":"tag-f-c-porto","12":"tag-featured-news","13":"tag-featurednews","14":"tag-futebol","15":"tag-headlines","16":"tag-iker-casillas","17":"tag-latest-news","18":"tag-latestnews","19":"tag-main-news","20":"tag-mainnews","21":"tag-news","22":"tag-noticias","23":"tag-noticias-principais","24":"tag-noticiasprincipais","25":"tag-portugal","26":"tag-principais-noticias","27":"tag-principaisnoticias","28":"tag-pt","29":"tag-thiago-silva","30":"tag-top-stories","31":"tag-topstories","32":"tag-ultimas","33":"tag-ultimas-noticias","34":"tag-ultimasnoticias"},"share_on_mastodon":{"url":"https:\/\/pubeurope.com\/@pt\/115760317440267651","error":""},"_links":{"self":[{"href":"https:\/\/www.europesays.com\/pt\/wp-json\/wp\/v2\/posts\/197790","targetHints":{"allow":["GET"]}}],"collection":[{"href":"https:\/\/www.europesays.com\/pt\/wp-json\/wp\/v2\/posts"}],"about":[{"href":"https:\/\/www.europesays.com\/pt\/wp-json\/wp\/v2\/types\/post"}],"author":[{"embeddable":true,"href":"https:\/\/www.europesays.com\/pt\/wp-json\/wp\/v2\/users\/2"}],"replies":[{"embeddable":true,"href":"https:\/\/www.europesays.com\/pt\/wp-json\/wp\/v2\/comments?post=197790"}],"version-history":[{"count":0,"href":"https:\/\/www.europesays.com\/pt\/wp-json\/wp\/v2\/posts\/197790\/revisions"}],"wp:featuredmedia":[{"embeddable":true,"href":"https:\/\/www.europesays.com\/pt\/wp-json\/wp\/v2\/media\/197791"}],"wp:attachment":[{"href":"https:\/\/www.europesays.com\/pt\/wp-json\/wp\/v2\/media?parent=197790"}],"wp:term":[{"taxonomy":"category","embeddable":true,"href":"https:\/\/www.europesays.com\/pt\/wp-json\/wp\/v2\/categories?post=197790"},{"taxonomy":"post_tag","embeddable":true,"href":"https:\/\/www.europesays.com\/pt\/wp-json\/wp\/v2\/tags?post=197790"}],"curies":[{"name":"wp","href":"https:\/\/api.w.org\/{rel}","templated":true}]}}