{"id":197792,"date":"2025-12-22T00:10:08","date_gmt":"2025-12-22T00:10:08","guid":{"rendered":"https:\/\/www.europesays.com\/pt\/197792\/"},"modified":"2025-12-22T00:10:08","modified_gmt":"2025-12-22T00:10:08","slug":"actor-joaquim-monchique-estavel-apos-sofrer-avc-em-braganca","status":"publish","type":"post","link":"https:\/\/www.europesays.com\/pt\/197792\/","title":{"rendered":"Actor Joaquim Monchique est\u00e1vel ap\u00f3s sofrer AVC em Bragan\u00e7a"},"content":{"rendered":"<p>O actor Joaquim Monchique foi hospitalizado na noite de s\u00e1bado, 20 de dezembro, <strong>ap\u00f3s se ter sentido mal depois da apresenta\u00e7\u00e3o do espect\u00e1culo \u201cLar Doce Lar\u201d<\/strong>. A pe\u00e7a foi apresentada no Teatro Municipal de Bragan\u00e7a, informou a For\u00e7a de Produ\u00e7\u00e3o, produtora do espect\u00e1culo.<\/p>\n<p>De acordo com a mesma fonte, o actor sofreu um Acidente Vascular Cerebral (AVC), encontrando-se actualmente est\u00e1vel e sob acompanhamento pr\u00f3ximo da equipa m\u00e9dica respons\u00e1vel. <strong>\u201cAs pr\u00f3ximas 48 horas ser\u00e3o de observa\u00e7\u00e3o\u201d do seu estado cl\u00ednico<\/strong>, detalha a produtora.<\/p>\n<p>Em comunicado, a For\u00e7a de Produ\u00e7\u00e3o agradece as manifesta\u00e7\u00f5es de carinho e preocupa\u00e7\u00e3o recebida.  Sublinha que <strong>o respeito pela privacidade de Joaquim Monchique \u00e9, neste momento, fundamental para a sua recupera\u00e7\u00e3o.<\/strong><\/p>\n","protected":false},"excerpt":{"rendered":"O actor Joaquim Monchique foi hospitalizado na noite de s\u00e1bado, 20 de dezembro, ap\u00f3s se ter sentido mal&hellip;\n","protected":false},"author":2,"featured_media":197793,"comment_status":"","ping_status":"","sticky":false,"template":"","format":"standard","meta":{"footnotes":""},"categories":[145],"tags":[211,210,114,115,39455,32,33],"class_list":{"0":"post-197792","1":"post","2":"type-post","3":"status-publish","4":"format-standard","5":"has-post-thumbnail","7":"category-celebridades","8":"tag-celebridades","9":"tag-celebrities","10":"tag-entertainment","11":"tag-entretenimento","12":"tag-joaquim-monchique","13":"tag-portugal","14":"tag-pt"},"share_on_mastodon":{"url":"https:\/\/pubeurope.com\/@pt\/115760321201735126","error":""},"_links":{"self":[{"href":"https:\/\/www.europesays.com\/pt\/wp-json\/wp\/v2\/posts\/197792","targetHints":{"allow":["GET"]}}],"collection":[{"href":"https:\/\/www.europesays.com\/pt\/wp-json\/wp\/v2\/posts"}],"about":[{"href":"https:\/\/www.europesays.com\/pt\/wp-json\/wp\/v2\/types\/post"}],"author":[{"embeddable":true,"href":"https:\/\/www.europesays.com\/pt\/wp-json\/wp\/v2\/users\/2"}],"replies":[{"embeddable":true,"href":"https:\/\/www.europesays.com\/pt\/wp-json\/wp\/v2\/comments?post=197792"}],"version-history":[{"count":0,"href":"https:\/\/www.europesays.com\/pt\/wp-json\/wp\/v2\/posts\/197792\/revisions"}],"wp:featuredmedia":[{"embeddable":true,"href":"https:\/\/www.europesays.com\/pt\/wp-json\/wp\/v2\/media\/197793"}],"wp:attachment":[{"href":"https:\/\/www.europesays.com\/pt\/wp-json\/wp\/v2\/media?parent=197792"}],"wp:term":[{"taxonomy":"category","embeddable":true,"href":"https:\/\/www.europesays.com\/pt\/wp-json\/wp\/v2\/categories?post=197792"},{"taxonomy":"post_tag","embeddable":true,"href":"https:\/\/www.europesays.com\/pt\/wp-json\/wp\/v2\/tags?post=197792"}],"curies":[{"name":"wp","href":"https:\/\/api.w.org\/{rel}","templated":true}]}}