{"id":197794,"date":"2025-12-22T00:13:27","date_gmt":"2025-12-22T00:13:27","guid":{"rendered":"https:\/\/www.europesays.com\/pt\/197794\/"},"modified":"2025-12-22T00:13:27","modified_gmt":"2025-12-22T00:13:27","slug":"fabio-mostra-se-cansado-apos-nova-discussao-com-liliana-isto-nao-e-possivel","status":"publish","type":"post","link":"https:\/\/www.europesays.com\/pt\/197794\/","title":{"rendered":"F\u00e1bio mostra-se cansado ap\u00f3s nova discuss\u00e3o com Liliana: \u201cIsto n\u00e3o \u00e9 poss\u00edvel\u2026\u201d"},"content":{"rendered":"<p>Este s\u00e1bado, dia 20 de dezembro, na casa do Secret Story, F\u00e1bio e Liliana voltaram a protagonizar uma nova discuss\u00e3o.<\/p>\n<p>O casal n\u00e3o se entende e a concorrente j\u00e1 admitiu que <strong>\u201cn\u00e3o est\u00e1 a ser a rela\u00e7\u00e3o que eu idealizo\u201d<\/strong>, conforme notici\u00e1mos <a href=\"https:\/\/www.hiper.fm\/nao-esta-a-ser-a-relacao-que-eu-idealizo-liliana-e-fabio-cada-vez-mais-distantes\/\" target=\"_blank\" rel=\"noopener nofollow\">aqui<\/a>. Al\u00e9m disso, os dois est\u00e3o cada vez mais distantes.<\/p>\n<p>Durante o \u2018Di\u00e1rio\u2019, com Alice Alves, foram reveladas as primeiras imagens do confronto e F\u00e1bio mostrou-se cansado e triste e disse:<strong> \u201cEsta mulher d\u00e1 comigo em doido, juro. Isto n\u00e3o \u00e9 poss\u00edvel\u201d<\/strong>. O participante afirmou que a namorada<strong> \u201cestava a reclamar\u201d<\/strong>.<\/p>\n<p><a href=\"https:\/\/tvi.iol.pt\/secretstory\/videos\/em-desespero-total-fabio-chora-e-arruma-a-mala-apos-discussao-com-liliana\/6946e15e0cf229bd2f8d6d94\" target=\"_blank\" rel=\"noopener nofollow\">Veja o v\u00eddeo aqui.<\/a><\/p>\n","protected":false},"excerpt":{"rendered":"Este s\u00e1bado, dia 20 de dezembro, na casa do Secret Story, F\u00e1bio e Liliana voltaram a protagonizar uma&hellip;\n","protected":false},"author":2,"featured_media":197795,"comment_status":"","ping_status":"","sticky":false,"template":"","format":"standard","meta":{"footnotes":""},"categories":[142],"tags":[1661,27651,114,115,24621,19016,32,33,1315,151],"class_list":{"0":"post-197794","1":"post","2":"type-post","3":"status-publish","4":"format-standard","5":"has-post-thumbnail","7":"category-tv","8":"tag-destaque","9":"tag-discussu00e3o","10":"tag-entertainment","11":"tag-entretenimento","12":"tag-fu00e1bio","13":"tag-liliana","14":"tag-portugal","15":"tag-pt","16":"tag-secret-story","17":"tag-tv"},"share_on_mastodon":{"url":"https:\/\/pubeurope.com\/@pt\/115760332993691159","error":""},"_links":{"self":[{"href":"https:\/\/www.europesays.com\/pt\/wp-json\/wp\/v2\/posts\/197794","targetHints":{"allow":["GET"]}}],"collection":[{"href":"https:\/\/www.europesays.com\/pt\/wp-json\/wp\/v2\/posts"}],"about":[{"href":"https:\/\/www.europesays.com\/pt\/wp-json\/wp\/v2\/types\/post"}],"author":[{"embeddable":true,"href":"https:\/\/www.europesays.com\/pt\/wp-json\/wp\/v2\/users\/2"}],"replies":[{"embeddable":true,"href":"https:\/\/www.europesays.com\/pt\/wp-json\/wp\/v2\/comments?post=197794"}],"version-history":[{"count":0,"href":"https:\/\/www.europesays.com\/pt\/wp-json\/wp\/v2\/posts\/197794\/revisions"}],"wp:featuredmedia":[{"embeddable":true,"href":"https:\/\/www.europesays.com\/pt\/wp-json\/wp\/v2\/media\/197795"}],"wp:attachment":[{"href":"https:\/\/www.europesays.com\/pt\/wp-json\/wp\/v2\/media?parent=197794"}],"wp:term":[{"taxonomy":"category","embeddable":true,"href":"https:\/\/www.europesays.com\/pt\/wp-json\/wp\/v2\/categories?post=197794"},{"taxonomy":"post_tag","embeddable":true,"href":"https:\/\/www.europesays.com\/pt\/wp-json\/wp\/v2\/tags?post=197794"}],"curies":[{"name":"wp","href":"https:\/\/api.w.org\/{rel}","templated":true}]}}