{"id":197991,"date":"2025-12-22T05:27:12","date_gmt":"2025-12-22T05:27:12","guid":{"rendered":"https:\/\/www.europesays.com\/pt\/197991\/"},"modified":"2025-12-22T05:27:12","modified_gmt":"2025-12-22T05:27:12","slug":"ator-que-morreu-ha-tres-anos-revelou-arrependimento-antes-de-falecer-profundamente","status":"publish","type":"post","link":"https:\/\/www.europesays.com\/pt\/197991\/","title":{"rendered":"Ator que morreu h\u00e1 tr\u00eas anos revelou arrependimento antes de falecer: &#8216;Profundamente&#8217;"},"content":{"rendered":"<p>H\u00e1 tr\u00eas anos o Brasil se despedia de<a href=\"https:\/\/caras.com.br\/tags\/pedro-paulo-rangel-46839\" rel=\"nofollow noopener\" target=\"_blank\"><strong>\u00a0Pedro Paulo Rangel\u00a0<\/strong><\/a>(1948-2022) que faleceu no dia 21 de dezembro de 2022, aos 74 anos, devido a um enfisema pulmonar, doen\u00e7a contra a qual lutava havia anos. Antes de falecer, o famoso fez um desabafo sobre sua sa\u00fade e alertou ao falar do tabagismo; relembre.<\/p>\n<p>\t Trajet\u00f3ria de dedica\u00e7\u00e3o <\/p>\n<p>Nascido em 1948, no Rio de Janeiro, Pedro Paulo Rangel iniciou sua jornada no teatro ainda jovem. Seu talento foi lapidado ao lado de grandes nomes, como\u00a0<a href=\"https:\/\/contigo.com.br\/tags\/marco-nanini\" rel=\"nofollow noopener\" target=\"_blank\"><strong>Marco Nanini<\/strong><\/a>, com quem estudou no Conservat\u00f3rio Nacional de Teatro.<\/p>\n<p>Seu primeiro papel de destaque nos palcos veio em Roda Viva\u00a0(1968), sob a dire\u00e7\u00e3o de Jos\u00e9 Celso Martinez Corr\u00eaa, e desde ent\u00e3o nunca mais deixou de atuar.<\/p>\n<p>Pedro Paulo Rangel teve diversos pap\u00e9is de destaque na carreira, mas um dos mais marcantes aconteceu na primeira vers\u00e3o de Vale Tudo (1988), onde interpretou o otimista <strong>Aud\u00e1lio<\/strong>, personagem que chegou a ser apelidado como\u00a0<strong>Poliana<\/strong>\u00a0por sempre ver o lado positivo das coisas.<\/p>\n<p>\t Um arrependimento <\/p>\n<p>Pedro Paulo Rangel recebeu o diagnosticado de doen\u00e7a pulmonar obstrutiva cr\u00f4nica (DPOC), e chegou a lamentar o v\u00edcio que causou a condi\u00e7\u00e3o. No ano de 2022, o ator concedeu uma entrevista ao Jornal Extra e desabafou.<\/p>\n<p>\u201cSe tem algo de que eu me arrependa profundamente \u00e9 de ter come\u00e7ado a fumar. Se vejo um fumante, digo: \u2018N\u00e3o fa\u00e7a isso, espelhe-se no meu caso\u2019. A\u00ed conto umas coisas tristes para impression\u00e1-lo. Hoje em dia, eu s\u00f3 sou viciado em s\u00e9ries, adoro!\u201d, declarou ele em 2022.<\/p>\n<p> <img loading=\"lazy\" decoding=\"async\" class=\"size-full wp-image-796400 img-fluid lazy\" alt=\"Pedro Paulo Rangel\" width=\"1920\" height=\"1080\" src=\"https:\/\/www.europesays.com\/pt\/wp-content\/uploads\/2025\/12\/pedro-paulo-rangel-1.jpg\"\/>Pedro Paulo Rangel \u2013 Foto: Reprodu\u00e7\u00e3o \/ Globo Despedida <\/p>\n<p>Em 2022, Pedro Paulo faleceu aos 74 anos devido a um enfisema pulmonar, doen\u00e7a contra a qual lutava havia anos. Seu vel\u00f3rio no Theatro Municipal do Rio de Janeiro foi um momento de despedida emocionante para f\u00e3s, amigos e colegas de profiss\u00e3o.<\/p>\n<p>Mesmo sendo reservado com sua vida pessoal, o impacto de Pedro na cultura brasileira \u00e9 imensur\u00e1vel. Ele demonstrou uma capacidade de transitar entre o drama e o humor, sempre dando vida a personagens memor\u00e1veis.<\/p>\n<p><strong>Leia mais<\/strong>: <a href=\"https:\/\/caras.com.br\/novelas\/discreto-ator-de-vale-tudo-morreu-sem-casamento-e-filhos-aos-74-anos.phtml\" rel=\"nofollow noopener\" target=\"_blank\">Discreto, ator de Vale Tudo morreu sem casamento e filhos aos 74 anos<\/a><\/p>\n<p> FIQUE POR DENTRO DAS NOT\u00cdCIAS ACOMPANHANDO A CARAS BRASIL NAS REDES SOCIAIS: <\/p>\n<blockquote class=\"instagram-media\" style=\"background: #FFF; border: 0; border-radius: 3px; box-shadow: 0 0 1px 0 rgba(0,0,0,0.5),0 1px 10px 0 rgba(0,0,0,0.15); margin: 1px; max-width: 540px; min-width: 326px; padding: 0; width: calc(100% - 2px);\" data-instgrm-captioned=\"\" data-instgrm-permalink=\"https:\/\/www.instagram.com\/p\/DSagk5Jjo2W\/?utm_source=ig_embed&amp;utm_campaign=loading\" data-instgrm-version=\"14\"><\/blockquote>\n<p>        <a href=\"https:\/\/caras.com.br\/autor\/felipe-franca\" rel=\"nofollow noopener\" target=\"_blank\">&#13;<br \/>\n          <img loading=\"lazy\" decoding=\"async\" alt=\"Felipe Fran\u00e7a\" src=\"https:\/\/www.europesays.com\/pt\/wp-content\/uploads\/2025\/11\/whatsapp_image_2024-02-01_at_11.27.22_sqmd.jpeg\" class=\"avatar avatar-115 photo rounded-circle\" height=\"115\" width=\"115\"\/>        <\/a><\/p>\n<p><strong>Felipe Fran\u00e7a<\/strong> \u00e9 jornalista formado pela Faculdade C\u00e1sper L\u00edbero (FCL). \u00c9 rep\u00f3rter de pautas especiais do Grupo Perfil. Tem passagens pela Coluna Fl\u00e1vio Ricco, no R7, e pela TV Gazeta. Possui paix\u00e3o pelo universo da televis\u00e3o, novelas e celebridades. Gosta da arte de ouvir hist\u00f3rias e pessoas.<\/p>\n<p>\t                                            <script async src=\"\/\/www.instagram.com\/embed.js\"><\/script><\/p>\n","protected":false},"excerpt":{"rendered":"H\u00e1 tr\u00eas anos o Brasil se despedia de\u00a0Pedro Paulo Rangel\u00a0(1948-2022) que faleceu no dia 21 de dezembro de&hellip;\n","protected":false},"author":2,"featured_media":197992,"comment_status":"","ping_status":"","sticky":false,"template":"","format":"standard","meta":{"footnotes":""},"categories":[145],"tags":[211,210,114,115,39526,39527,32,33,2154],"class_list":{"0":"post-197991","1":"post","2":"type-post","3":"status-publish","4":"format-standard","5":"has-post-thumbnail","7":"category-celebridades","8":"tag-celebridades","9":"tag-celebrities","10":"tag-entertainment","11":"tag-entretenimento","12":"tag-pedro-paulo-rangel","13":"tag-poliana-vale-tudo","14":"tag-portugal","15":"tag-pt","16":"tag-vale-tudo"},"share_on_mastodon":{"url":"https:\/\/pubeurope.com\/@pt\/115761568015579029","error":""},"_links":{"self":[{"href":"https:\/\/www.europesays.com\/pt\/wp-json\/wp\/v2\/posts\/197991","targetHints":{"allow":["GET"]}}],"collection":[{"href":"https:\/\/www.europesays.com\/pt\/wp-json\/wp\/v2\/posts"}],"about":[{"href":"https:\/\/www.europesays.com\/pt\/wp-json\/wp\/v2\/types\/post"}],"author":[{"embeddable":true,"href":"https:\/\/www.europesays.com\/pt\/wp-json\/wp\/v2\/users\/2"}],"replies":[{"embeddable":true,"href":"https:\/\/www.europesays.com\/pt\/wp-json\/wp\/v2\/comments?post=197991"}],"version-history":[{"count":0,"href":"https:\/\/www.europesays.com\/pt\/wp-json\/wp\/v2\/posts\/197991\/revisions"}],"wp:featuredmedia":[{"embeddable":true,"href":"https:\/\/www.europesays.com\/pt\/wp-json\/wp\/v2\/media\/197992"}],"wp:attachment":[{"href":"https:\/\/www.europesays.com\/pt\/wp-json\/wp\/v2\/media?parent=197991"}],"wp:term":[{"taxonomy":"category","embeddable":true,"href":"https:\/\/www.europesays.com\/pt\/wp-json\/wp\/v2\/categories?post=197991"},{"taxonomy":"post_tag","embeddable":true,"href":"https:\/\/www.europesays.com\/pt\/wp-json\/wp\/v2\/tags?post=197991"}],"curies":[{"name":"wp","href":"https:\/\/api.w.org\/{rel}","templated":true}]}}