{"id":197999,"date":"2025-12-22T05:42:22","date_gmt":"2025-12-22T05:42:22","guid":{"rendered":"https:\/\/www.europesays.com\/pt\/197999\/"},"modified":"2025-12-22T05:42:22","modified_gmt":"2025-12-22T05:42:22","slug":"proprietaria-de-uma-mansao-de-r-17-milhoes-atriz-chega-aos-88-anos-com-polemicas-envolvendo-prisao-e-protestos","status":"publish","type":"post","link":"https:\/\/www.europesays.com\/pt\/197999\/","title":{"rendered":"Propriet\u00e1ria de uma mans\u00e3o de R$ 17 milh\u00f5es, atriz chega aos 88 anos com pol\u00eamicas envolvendo pris\u00e3o e protestos"},"content":{"rendered":"<p><a href=\"https:\/\/caras.com.br\/tags\/jane-fonda\" rel=\"nofollow noopener\" target=\"_blank\"><strong>Jane Fonda<\/strong><\/a> \u00e9, sem d\u00favida, uma das atrizes mais faladas de Hollywood. Neste domingo, 21 de dezembro, a artista completa 88 anos, mantendo o mesmo vigor que a consagrou tanto nos palcos da d\u00e9cada de 1960 quanto nas produ\u00e7\u00f5es contempor\u00e2neas de streaming.<\/p>\n<p>A trajet\u00f3ria da atriz \u00e9 marcada pela dualidade entre o glamour do Oscar e o asfalto dos protestos sociais. Com uma carreira que atravessa gera\u00e7\u00f5es e coleciona as estatuetas mais cobi\u00e7adas da ind\u00fastria, a protagonista de Grace &amp; Frankie prova que o passar do tempo n\u00e3o silenciou sua voz pol\u00edtica.<\/p>\n<p> Mans\u00e3o <\/p>\n<p>Ap\u00f3s o div\u00f3rcio com <strong>Richard Perry<\/strong>, Jane Fonda buscou novos ares em um dos endere\u00e7os mais nobres de Los Angeles: Century City. Sua resid\u00eancia atual, avaliada em US$ 5,45 milh\u00f5es (aproximadamente R$ 17 milh\u00f5es), \u00e9 um exemplar de arquitetura com inspira\u00e7\u00e3o mediterr\u00e2nea.<\/p>\n<p>Com 620 m\u00b2 de \u00e1rea privativa, o im\u00f3vel conta com 4 quartos, 7 banheiros, ambientes integrados com paleta de cores em tons de nude e bege, priorizando a ilumina\u00e7\u00e3o natural, jardim particular e um terra\u00e7o com vista privilegiada para a cidade.<\/p>\n<p>\t <img decoding=\"async\" src=\"https:\/\/www.europesays.com\/pt\/wp-content\/uploads\/2025\/12\/jane-fonda-los-angeles-house-04.webp.webp\" class=\"img-fluid lazy\"\/><\/p>\n<p>Foto: Reprodu\u00e7\u00e3o\/Redes sociais<\/p>\n<p>    <img decoding=\"async\" src=\"https:\/\/www.europesays.com\/pt\/wp-content\/uploads\/2025\/12\/jane-fonda-los-angeles-house-06.webp.webp\" class=\"img-fluid lazy\"\/><\/p>\n<p>Foto: Reprodu\u00e7\u00e3o\/Redes sociais<\/p>\n<p>    <img decoding=\"async\" src=\"https:\/\/www.europesays.com\/pt\/wp-content\/uploads\/2025\/12\/jane-fonda-los-angeles-house-03.webp.webp\" class=\"img-fluid lazy\"\/><\/p>\n<p>Foto: Reprodu\u00e7\u00e3o\/Redes sociais<\/p>\n<p>    <img decoding=\"async\" src=\"https:\/\/www.europesays.com\/pt\/wp-content\/uploads\/2025\/12\/jane-fonda-los-angeles-house-09.webp.webp\" class=\"img-fluid lazy\"\/><\/p>\n<p>Foto: Reprodu\u00e7\u00e3o\/Redes sociais<\/p>\n<p>    <img decoding=\"async\" src=\"https:\/\/www.europesays.com\/pt\/wp-content\/uploads\/2025\/12\/jane-fonda-los-angeles-house-08.webp.webp\" class=\"img-fluid lazy\"\/><\/p>\n<p>Foto: Reprodu\u00e7\u00e3o\/Redes sociais<\/p>\n<p>    <img decoding=\"async\" src=\"https:\/\/www.europesays.com\/pt\/wp-content\/uploads\/2025\/12\/jane-fonda-los-angeles-house-07.webp.webp\" class=\"img-fluid lazy\"\/><\/p>\n<p>Foto: Reprodu\u00e7\u00e3o\/Redes sociais<\/p>\n<p>    <img decoding=\"async\" src=\"https:\/\/www.europesays.com\/pt\/wp-content\/uploads\/2025\/12\/jane-fonda-los-angeles-house-02.webp.webp\" class=\"img-fluid lazy\"\/><\/p>\n<p>Foto: Reprodu\u00e7\u00e3o\/Redes sociais<\/p>\n<p>    <img decoding=\"async\" src=\"https:\/\/www.europesays.com\/pt\/wp-content\/uploads\/2025\/12\/jane-fonda-los-angeles-house-01.webp.webp\" class=\"img-fluid lazy\"\/><\/p>\n<p>Foto: Reprodu\u00e7\u00e3o\/Redes sociais<\/p>\n<p>                        Previous<\/p>\n<p>                        Next<br \/>\n                     Ativismo <\/p>\n<p>O curr\u00edculo da atriz vai al\u00e9m de pap\u00e9is ic\u00f4nicos de Hollywood. Em 2019, a atriz virou manchete global ao ser presa durante um protesto contra as mudan\u00e7as clim\u00e1ticas no Capit\u00f3lio. Inspirada por <strong>Greta Thunberg<\/strong>, ela declarou na \u00e9poca: \u201cNossa casa est\u00e1 pegando fogo e n\u00f3s precisamos agir\u201d.<\/p>\n<p>Mesmo ap\u00f3s a deten\u00e7\u00e3o, Fonda se manteve firme, prometendo marcar presen\u00e7a em protestos todas as sextas-feiras. Durante a pandemia, ela ainda uniu sa\u00fade e pol\u00edtica na webs\u00e9rie Exercise That Vote, onde celebridades mostravam suas rotinas de exerc\u00edcios enquanto incentivavam o voto consciente nos EUA.<\/p>\n<p><strong>Leia tamb\u00e9m<\/strong>: <a href=\"https:\/\/caras.com.br\/atualidades\/jane-fonda-fala-sobre-envelhecimento-e-abre-o-jogo-sobre-o-medo-de-morrer.phtml\" rel=\"nofollow noopener\" target=\"_blank\">Jane Fonda fala sobre envelhecimento e abre o jogo sobre o medo de morrer<\/a><\/p>\n<p> Carreira <\/p>\n<p>Com uma carreira iniciada nos palcos da Broadway na d\u00e9cada de 1960, Jane Fonda rapidamente se estabeleceu como uma das atrizes mais vers\u00e1teis de sua gera\u00e7\u00e3o, transitando com naturalidade entre a com\u00e9dia, o drama e a fic\u00e7\u00e3o cient\u00edfica.<\/p>\n<p>Sua excel\u00eancia t\u00e9cnica foi reconhecida pela Academia com dois Oscars de Melhor Atriz: o primeiro por seu papel em <strong>Klute<\/strong> (1971), onde interpretou uma garota de programa, e o segundo pelo drama de guerra <strong>Amargo Regresso<\/strong> (1978). A atriz tamb\u00e9m transformou sua imagem p\u00fablica ao longo das d\u00e9cadas e se tornou um fen\u00f4meno cultural no setor tamb\u00e9m de bem-estar, com seus famosos v\u00eddeos de aer\u00f3bica nos anos 80, que revolucionaram a ind\u00fastria fitness.<\/p>\n<p>Mesmo ap\u00f3s d\u00e9cadas de sucesso, a atriz n\u00e3o permitiu que sua relev\u00e2ncia ficasse restrita ao passado.<\/p>\n<p>Em anos recentes, conquistou uma nova legi\u00e3o de f\u00e3s ao protagonizar a s\u00e9rie <strong>Grace &amp; Frankie<\/strong>, da Netflix, onde abordou com humor e sensibilidade temas como envelhecimento, sexualidade e amizade feminina.<\/p>\n<p>\t ACOMPANHE AS <a href=\"https:\/\/www.instagram.com\/carasbrasil\/\" rel=\"nofollow noopener\" target=\"_blank\">REDES SOCIAIS<\/a> DA CARAS BRASIL E FIQUE POR DENTRO DE TUDO O QUE ACONTECE NO MUNDO DOS FAMOSOS: <\/p>\n<blockquote class=\"instagram-media\" style=\"background: #FFF; border: 0; border-radius: 3px; box-shadow: 0 0 1px 0 rgba(0,0,0,0.5),0 1px 10px 0 rgba(0,0,0,0.15); margin: 1px; max-width: 540px; min-width: 326px; padding: 0; width: calc(100% - 2px);\" data-instgrm-permalink=\"https:\/\/www.instagram.com\/p\/DSagk5Jjo2W\/?utm_source=ig_embed&amp;utm_campaign=loading\" data-instgrm-version=\"14\"><\/blockquote>\n<p>\t                                            <script async src=\"\/\/www.instagram.com\/embed.js\"><\/script><\/p>\n","protected":false},"excerpt":{"rendered":"Jane Fonda \u00e9, sem d\u00favida, uma das atrizes mais faladas de Hollywood. Neste domingo, 21 de dezembro, a&hellip;\n","protected":false},"author":2,"featured_media":198000,"comment_status":"","ping_status":"","sticky":false,"template":"","format":"standard","meta":{"footnotes":""},"categories":[145],"tags":[211,210,114,115,23381,32,33],"class_list":{"0":"post-197999","1":"post","2":"type-post","3":"status-publish","4":"format-standard","5":"has-post-thumbnail","7":"category-celebridades","8":"tag-celebridades","9":"tag-celebrities","10":"tag-entertainment","11":"tag-entretenimento","12":"tag-jane-fonda","13":"tag-portugal","14":"tag-pt"},"share_on_mastodon":{"url":"https:\/\/pubeurope.com\/@pt\/115761627380967999","error":""},"_links":{"self":[{"href":"https:\/\/www.europesays.com\/pt\/wp-json\/wp\/v2\/posts\/197999","targetHints":{"allow":["GET"]}}],"collection":[{"href":"https:\/\/www.europesays.com\/pt\/wp-json\/wp\/v2\/posts"}],"about":[{"href":"https:\/\/www.europesays.com\/pt\/wp-json\/wp\/v2\/types\/post"}],"author":[{"embeddable":true,"href":"https:\/\/www.europesays.com\/pt\/wp-json\/wp\/v2\/users\/2"}],"replies":[{"embeddable":true,"href":"https:\/\/www.europesays.com\/pt\/wp-json\/wp\/v2\/comments?post=197999"}],"version-history":[{"count":0,"href":"https:\/\/www.europesays.com\/pt\/wp-json\/wp\/v2\/posts\/197999\/revisions"}],"wp:featuredmedia":[{"embeddable":true,"href":"https:\/\/www.europesays.com\/pt\/wp-json\/wp\/v2\/media\/198000"}],"wp:attachment":[{"href":"https:\/\/www.europesays.com\/pt\/wp-json\/wp\/v2\/media?parent=197999"}],"wp:term":[{"taxonomy":"category","embeddable":true,"href":"https:\/\/www.europesays.com\/pt\/wp-json\/wp\/v2\/categories?post=197999"},{"taxonomy":"post_tag","embeddable":true,"href":"https:\/\/www.europesays.com\/pt\/wp-json\/wp\/v2\/tags?post=197999"}],"curies":[{"name":"wp","href":"https:\/\/api.w.org\/{rel}","templated":true}]}}