{"id":19800,"date":"2025-08-07T13:42:09","date_gmt":"2025-08-07T13:42:09","guid":{"rendered":"https:\/\/www.europesays.com\/pt\/19800\/"},"modified":"2025-08-07T13:42:09","modified_gmt":"2025-08-07T13:42:09","slug":"a-agua-do-mediterraneo-nunca-esteve-tao-quente-em-julho-como-este-ano-clima","status":"publish","type":"post","link":"https:\/\/www.europesays.com\/pt\/19800\/","title":{"rendered":"A \u00e1gua do Mediterr\u00e2neo nunca esteve t\u00e3o quente em Julho como este ano | Clima"},"content":{"rendered":"<p>Este Julho foi o terceiro mais quente desde que h\u00e1 registo, quebrando a sequ\u00eancia de recordes para este m\u00eas que se viveu no planeta desde 2023, segundo o servi\u00e7o de observa\u00e7\u00e3o da Terra europeu Cop\u00e9rnico. Mas isso n\u00e3o significa que as altera\u00e7\u00f5es clim\u00e1ticas tenham abrandado: o oceano global apresenta temperaturas bem acima da m\u00e9dia, o que afecta a vida a marinha, e sobretudo o mar Mediterr\u00e2neo, que banha a Europa e o Norte de \u00c1frica, atingiu temperaturas sem precedentes em Julho: 26,68 graus Celsius, o que ultrapassa o recorde anterior, de 2023, que era de 26,65 graus.<\/p>\n<p>Os valores para a temperatura do mar foram divulgados pela organiza\u00e7\u00e3o Mercator Ocean International, que opera o Servi\u00e7o Marinho do Cop\u00e9rnico, cujos dados apontam para que a \u00e1gua de cerca de 71% do oceano tenha apresentado uma temperatura acima da m\u00e9dia. Em 13% do oceano global, contando com os mares gelados, a \u00e1gua \u00e0 superf\u00edcie esteve um grau acima dos valores m\u00e9dios, com grandes anomalias no Pac\u00edfico Norte, Atl\u00e2ntico Norte e oceano \u00cdndico.<\/p>\n<p>A temperatura m\u00e9dia global da \u00e1gua \u00e0 superf\u00edcie, contando com todos os mares da Terra, foi de 20,8 graus Celsius \u2014 um valor semelhante, ou at\u00e9 acima, do que se encontra na costa portuguesa normalmente. Os valores s\u00f3 estiveram mais altos em 2023 (20,93 graus Celsius) e 2024 (20,91), diz o servi\u00e7o Mercator.<\/p>\n<p>Mediterr\u00e2neo a ferver<\/p>\n<p>No Mediterr\u00e2neo, contudo, a situa\u00e7\u00e3o em Julho foi ainda mais dram\u00e1tica. Em 95% deste mar que banha a Europa e o Norte de \u00c1frica (e o continente europeu \u00e9 o que est\u00e1 a aquecer mais depressa), a temperatura da \u00e1gua esteve acima da m\u00e9dia. Em 63% da bacia mediterr\u00e2nica, a anomalia foi de, pelo menos, um grau Celsius. Mas, em 40% da \u00e1rea, o aquecimento da \u00e1gua \u00e0 superf\u00edcie foi pelo menos dois graus acima da m\u00e9dia, e o Mediterr\u00e2neo ocidental foi mais afectado por essas anomalias. <\/p>\n<p>As ondas de calor marinhas n\u00e3o s\u00e3o algo que ocorre e fica no oceano. Estes fen\u00f3menos podem causar estragos muito significativos nos <a href=\"https:\/\/www.publico.pt\/2023\/09\/18\/azul\/noticia\/ondas-calor-marinhas-sao-intensas-onde-ha-vida-2063742\" rel=\"nofollow noopener\" target=\"_blank\">ecossistemas marinhos<\/a>, levando \u00e0 <a href=\"https:\/\/www.publico.pt\/2023\/08\/15\/azul\/noticia\/ondas-calor-mar-trazem-mortalidade-massa-varias-especies-2060041\" rel=\"nofollow noopener\" target=\"_blank\">mortalidade em massa <\/a>de toda a vida marinha, como peixes, mam\u00edferos marinhos, aves e <a href=\"https:\/\/www.publico.pt\/2024\/12\/07\/azul\/noticia\/corais-podem-nao-sobreviver-proximas-ondas-calor-mar-mediterraneo-2114623\" rel=\"nofollow noopener\" target=\"_blank\">corais<\/a>. Podem ainda estimular a multiplica\u00e7\u00e3o de algas e a desloca\u00e7\u00e3o de esp\u00e9cies para outros habitats (o que pode ter impacto, por exemplo, nas pescas).<\/p>\n<p>    &#13;<\/p>\n<blockquote><p>&#13;<\/p>\n<p>&#13;<br \/>\n                26,68&#13;<br \/>\n                graus Celsius foi a tempratura m\u00e9dia da \u00e1gua do Mediterr\u00e2eno em Julho, o que ultrapassa o recorde anterior, de 2023&#13;\n            <\/p>\n<p>&#13;\n        <\/p><\/blockquote>\n<p>&#13;<br \/>\n&#13;<br \/>\n        &#13;<\/p>\n<p>A subida da temperatura da \u00e1gua do mar modifica tamb\u00e9m os padr\u00f5es meteorol\u00f3gicos (a tempestade Daniel, que teve efeitos <a href=\"https:\/\/www.publico.pt\/2023\/09\/13\/azul\/noticia\/imagens-satelite-mostram-inundacoes-libia-tragedia-vese-perto-2063155\" target=\"_blank\" rel=\"nofollow noopener\">devastadores <\/a>em It\u00e1lia e, sobretudo, na cidade de <a href=\"https:\/\/www.publico.pt\/2023\/09\/12\/mundo\/noticia\/inundacoes-libia-ha-corpos-lado-mar-vales-debaixo-edificios-2063111\" rel=\"nofollow noopener\" target=\"_blank\">Derna<\/a>, na L\u00edbia, conjugados com <a href=\"https:\/\/www.publico.pt\/2023\/09\/15\/mundo\/noticia\/instabilidade-politica-degradacao-infraestruturas-potenciaram-mortes-libia-2063491\" rel=\"nofollow noopener\" target=\"_blank\">problemas de infra-estruturas<\/a>, ocorreu no contexto da grande <a href=\"https:\/\/www.publico.pt\/2025\/07\/24\/azul\/noticia\/onda-calor-marinha-2023-alerta-pontos-nao-retorno-clima-2141591\" rel=\"nofollow noopener\" target=\"_blank\">onda de calor no Mediterr\u00e2neo em 2023<\/a>). Furac\u00f5es que provocam cheias, bem como secas e <a href=\"https:\/\/www.publico.pt\/2025\/07\/30\/azul\/perguntaserespostas\/aquecimento-global-agravar-incendios-florestais-2142227\" rel=\"nofollow noopener\" target=\"_blank\">inc\u00eandios florestais<\/a>, s\u00e3o poss\u00edveis impactos das ondas de calor marinhas.<\/p>\n<p>Um al\u00edvio nos recordes<\/p>\n<p>A temperatura do ar em Julho evoluiu da mesma forma, de acordo com o \u00faltimo boletim mensal do Cop\u00e9rnico. Em termos globais, a temperatura m\u00e9dia foi de 16,68 graus Celsius, o que fica 0,45 acima dos valores para o per\u00edodo 1991-2020, e 1,25 graus acima das estimativas para o per\u00edodo pr\u00e9-industrial de 1850-1900.<\/p>\n<p>Isto quer dizer que em 2025, Julho n\u00e3o continuou a tend\u00eancia para ter temperaturas m\u00e9dias cada vez mais elevadas, como aconteceu nos dois \u00faltimos anos. Ficou 0,27 graus abaixo de Julho de 2023, o mais quente de que h\u00e1 registo, e 0,23 abaixo do de 2024, o segundo mais quente.<\/p>\n<p>Os dados do Servi\u00e7o de Monitoriza\u00e7\u00e3o das Altera\u00e7\u00f5es Clim\u00e1ticas do programa Cop\u00e9rnico (C3S, na sigla em ingl\u00eas) indicam que, nos \u00faltimos 25 meses, Julho foi apenas o quarto em que a temperatura m\u00e9dia global n\u00e3o excedeu os n\u00edveis pr\u00e9-industriais em 1,5 graus.<\/p>\n<p>                &#13;<br \/>\n                    &#13;<br \/>\n                    &#13;<br \/>\n                        Bombeiros combatem inc\u00eandio em Saint-Laurent-de-la-Cabrerisse, no departamento de Aude, Fran\u00e7a. As ondas de calor em terra e no mar est\u00e3o relacionadas com estes desastres&#13;<br \/>\nPHILIPPE MAGONI\/EPA                    &#13;<\/p>\n<p>Mas isto n\u00e3o chega para dizer que o perigo do aquecimento global est\u00e1 a passar: \u201cDois anos depois do Julho mais quente de que h\u00e1 registo, a recente s\u00e9rie de recordes de temperatura global passou \u2014 por enquanto. Mas isso n\u00e3o significa que as altera\u00e7\u00f5es clim\u00e1ticas tenham parado\u201d, disse Carlo Buontempo, director do C3S, citado num comunicado.<\/p>\n<p>Carlo Buontempo sublinhou que os efeitos do aquecimento global ainda se fazem sentir em fen\u00f3menos como o calor extremo e as inunda\u00e7\u00f5es catastr\u00f3ficas registadas em Julho. \u201cA menos que estabilizemos rapidamente as concentra\u00e7\u00f5es de gases com efeito de estufa na atmosfera, devemos esperar n\u00e3o s\u00f3 novos recordes de temperatura, mas tamb\u00e9m um agravamento dos seus efeitos, e devemos preparar-nos para isso\u201d, alertou.<\/p>\n<p>Na Europa, Julho foi o quarto m\u00eas mais quente de que h\u00e1 registo, com temperaturas 1,3 graus Celsius acima dos n\u00edveis observados entre 1991 e 2020.<\/p>\n<p>As temperaturas mais elevadas foram registadas na pen\u00ednsula Escandinava, onde ocorreram ondas de calor hist\u00f3ricas na Su\u00e9cia e na Finl\u00e2ndia, enquanto in\u00fameros inc\u00eandios florestais deflagraram no sudeste da Europa, e a <a href=\"https:\/\/www.publico.pt\/2025\/08\/02\/azul\/noticia\/verao-quente-julho-termina-recordes-turquia-japao-ate-norte-europa-2142676\" rel=\"nofollow noopener\" target=\"_blank\">Turquia <\/a>registou uma temperatura recorde nacional de 50,5 graus<\/p>\n<p>    &#13;<\/p>\n<blockquote><p>&#13;<\/p>\n<p>&#13;<br \/>\n                51,9%&#13;<br \/>\n                da Europa e da regi\u00e3o do Mediterr\u00e2neo estavam numa situa\u00e7\u00e3o de seca de 11 a 19 de Julho de 2025 (21 pontos percentuais acima da m\u00e9dia de 2012-2024)&#13;\n            <\/p>\n<p>&#13;\n        <\/p><\/blockquote>\n<p>&#13;<br \/>\n&#13;<br \/>\n        &#13;<\/p>\n<p>Em contraste, as temperaturas na Europa Central, no Oeste da R\u00fassia e em partes de Espanha, ficaram abaixo do normal.<\/p>\n<p>Seca na Europa<\/p>\n<p>De acordo com uma an\u00e1lise da ag\u00eancia noticiosa AFP, com base nos dados do Observat\u00f3rio Europeu da Seca, mais de metade da Europa e da regi\u00e3o do Mediterr\u00e2neo foi afectada pela seca no per\u00edodo de 11 a 19 de Julho de 2025. Esta taxa de 51,9% est\u00e1 21 pontos percentuais acima da m\u00e9dia de 2012-2024. \u00c9 a mais elevada para esta \u00e9poca do ano desde o in\u00edcio das observa\u00e7\u00f5es, em 2012.<\/p>\n<p>Na Europa Ocidental, a situa\u00e7\u00e3o agravou-se em compara\u00e7\u00e3o com os primeiros dez dias de Julho. Com 21% dos seus solos em alerta, o Reino Unido continua a enfrentar uma seca severa, depois de uma Primavera historicamente quente.<\/p>\n<p>Esta seca ajuda a alimentar os fogos, como o inc\u00eandio hist\u00f3rico e mortal que deflagrou na ter\u00e7a-feira em Aude, no Sul de <a href=\"https:\/\/www.publico.pt\/2025\/08\/06\/azul\/noticia\/franca-enfrenta-incendio-florestal-ja-queimou-area-superior-cidade-paris-2143071\" rel=\"nofollow noopener\" target=\"_blank\">Fran\u00e7a<\/a>, que s\u00f3 em 24 horas consumiu 16.000 hectares de vegeta\u00e7\u00e3o. <strong>com Lusa<\/strong><\/p>\n","protected":false},"excerpt":{"rendered":"Este Julho foi o terceiro mais quente desde que h\u00e1 registo, quebrando a sequ\u00eancia de recordes para este&hellip;\n","protected":false},"author":2,"featured_media":19801,"comment_status":"","ping_status":"","sticky":false,"template":"","format":"standard","meta":{"footnotes":""},"categories":[50],"tags":[995,2335,5291,785,27,28,2271,353,15,16,14,25,26,21,22,1957,62,12,13,19,20,6760,5858,23,24,17,18,29,30,31,63,64,65],"class_list":{"0":"post-19800","1":"post","2":"type-post","3":"status-publish","4":"format-standard","5":"has-post-thumbnail","7":"category-mundo","8":"tag-abre-conteudo","9":"tag-alteracoes-climaticas","10":"tag-aquecimento-global","11":"tag-azul","12":"tag-breaking-news","13":"tag-breakingnews","14":"tag-clima","15":"tag-em-destaque","16":"tag-featured-news","17":"tag-featurednews","18":"tag-headlines","19":"tag-latest-news","20":"tag-latestnews","21":"tag-main-news","22":"tag-mainnews","23":"tag-mediterraneo","24":"tag-mundo","25":"tag-news","26":"tag-noticias","27":"tag-noticias-principais","28":"tag-noticiasprincipais","29":"tag-oceano","30":"tag-ondas-de-calor","31":"tag-principais-noticias","32":"tag-principaisnoticias","33":"tag-top-stories","34":"tag-topstories","35":"tag-ultimas","36":"tag-ultimas-noticias","37":"tag-ultimasnoticias","38":"tag-world","39":"tag-world-news","40":"tag-worldnews"},"share_on_mastodon":{"url":"","error":""},"_links":{"self":[{"href":"https:\/\/www.europesays.com\/pt\/wp-json\/wp\/v2\/posts\/19800","targetHints":{"allow":["GET"]}}],"collection":[{"href":"https:\/\/www.europesays.com\/pt\/wp-json\/wp\/v2\/posts"}],"about":[{"href":"https:\/\/www.europesays.com\/pt\/wp-json\/wp\/v2\/types\/post"}],"author":[{"embeddable":true,"href":"https:\/\/www.europesays.com\/pt\/wp-json\/wp\/v2\/users\/2"}],"replies":[{"embeddable":true,"href":"https:\/\/www.europesays.com\/pt\/wp-json\/wp\/v2\/comments?post=19800"}],"version-history":[{"count":0,"href":"https:\/\/www.europesays.com\/pt\/wp-json\/wp\/v2\/posts\/19800\/revisions"}],"wp:featuredmedia":[{"embeddable":true,"href":"https:\/\/www.europesays.com\/pt\/wp-json\/wp\/v2\/media\/19801"}],"wp:attachment":[{"href":"https:\/\/www.europesays.com\/pt\/wp-json\/wp\/v2\/media?parent=19800"}],"wp:term":[{"taxonomy":"category","embeddable":true,"href":"https:\/\/www.europesays.com\/pt\/wp-json\/wp\/v2\/categories?post=19800"},{"taxonomy":"post_tag","embeddable":true,"href":"https:\/\/www.europesays.com\/pt\/wp-json\/wp\/v2\/tags?post=19800"}],"curies":[{"name":"wp","href":"https:\/\/api.w.org\/{rel}","templated":true}]}}